{"id":174177,"date":"2026-02-25T10:20:30","date_gmt":"2026-02-25T16:20:30","guid":{"rendered":"https:\/\/www.oaxaca.gob.mx\/comunicacion\/?p=174177"},"modified":"2026-02-25T10:20:30","modified_gmt":"2026-02-25T16:20:30","slug":"entrega-salomon-jara-primeras-32-casas-del-programa-nacional-vivienda-para-el-bienestar-en-oaxaca-albergan-tranquilidad-y-futuro-para-familias","status":"publish","type":"post","link":"https:\/\/www.oaxaca.gob.mx\/comunicacion\/entrega-salomon-jara-primeras-32-casas-del-programa-nacional-vivienda-para-el-bienestar-en-oaxaca-albergan-tranquilidad-y-futuro-para-familias\/","title":{"rendered":"Entrega Salom\u00f3n Jara primeras 32 casas del Programa Nacional Vivienda para el Bienestar en Oaxaca; albergan tranquilidad y futuro para familias"},"content":{"rendered":"<div class=\"su-heading su-heading-style-default su-heading-align-center\" id=\"\" style=\"font-size:13px;margin-bottom:20px\"><div class=\"su-heading-inner\">El Mandatario oaxaque\u00f1o tambi\u00e9n inaugur\u00f3 un pozo profundo en la localidad San Jacinto Amilpas, con un monto de m\u00e1s de 7.6 millones de pesos; que beneficiar\u00e1 a este fraccionamiento y colonias aleda\u00f1as<\/div><\/div>\n<p><strong>San Jacinto Amilpas, Oax. 25 de febrero de 2026.-<\/strong> El Gobernador Salom\u00f3n Jara Cruz entreg\u00f3 las primeras 32 casas del Programa Nacional Vivienda para el Bienestar, en San Jacinto Amilpas, y arranc\u00f3 obras de urbanizaci\u00f3n para mejorar servicios b\u00e1sicos a favor de m\u00e1s de 16 mil habitantes.<\/p>\n<p>Durante la ma\u00f1anera del pueblo de la Presidenta Claudia Sheinbaum Pardo, el Mandatario estatal detall\u00f3 que este predio fue el primero donado en el pa\u00eds para la construcci\u00f3n de casas, a fin de garantizar el derecho a un hogar adecuado para las y los trabajadores que reciben entre uno o dos salarios m\u00ednimos.<\/p>\n<div class=\"su-quote su-quote-style-default\"><div class=\"su-quote-inner su-u-clearfix su-u-trim\">\u201cVer estas primeras viviendas concluidas es ver el sue\u00f1o de muchas familias oaxaque\u00f1as que comienzan una nueva etapa de su vida con estabilidad, tranquilidad y futuro. No estamos hablando de muros, sino del derecho a una casa segura con servicios b\u00e1sicos, donde las ni\u00f1as y ni\u00f1os puedan crecer y se construya comunidad\u201d, expres\u00f3.<\/div><\/div>\n<p>Jara Cruz puntualiz\u00f3 que un inmueble adecuado no puede existir sin servicios de calidad, por lo que tambi\u00e9n entreg\u00f3 un pozo profundo de esta localidad de Valles Centrales, en el cual se invirtieron m\u00e1s de 7.6 millones de pesos a trav\u00e9s de la Comisi\u00f3n Estatal del Agua para el Bienestar (Ceabien), para fortalecer el suministro de agua de este fraccionamiento y colonias aleda\u00f1as.<\/p>\n<p>Aunado a ello, se destinaron 8.3 millones de pesos para la red de drenaje sanitario que ya opera; adem\u00e1s, se validan m\u00e1s de 3 millones de pesos para el drenaje pluvial, obra fundamental para prevenir inundaciones y proteger los hogares.<\/p>\n<p>Por su parte, el director general del Instituto del Fondo Nacional de la Vivienda para los Trabajadores (Infonavit), Octavio Romero Oropeza destac\u00f3 que en el estado hay m\u00e1s de 80 mil trabajadoras y trabajadores que reciben entre uno o dos salarios m\u00ednimos, para ellos, se edifican m\u00e1s de 5 mil viviendas y se ampli\u00f3 la meta a 6 mil adicionales a final de este 2026.<\/p>\n<div class=\"su-quote su-quote-style-default\"><div class=\"su-quote-inner su-u-clearfix su-u-trim\">\u201cEn M\u00e9xico durante muchos a\u00f1os se dej\u00f3 de construir vivienda para los que menos ingresos tienen, cuando se realizaban no ten\u00edan los recursos e instalaciones necesarios para su uso\u00bb, dijo.<\/div><\/div>\n<p>Cada inmueble mide 60 metros cuadrados de extensi\u00f3n, dispone de dos rec\u00e1maras, sala, comedor, cocina, ba\u00f1o completo y cuarto de servicio.<br \/>\nEl pozo cuenta con 120 metros de profundidad, tuber\u00edas pesadas, as\u00ed como una bomba sumergible de 30 caballos de fuerza e incluye la interconexi\u00f3n con el tanque de almacenamiento y la instalaci\u00f3n de un transformador.<\/p>\n<p style=\"text-align: center\"><strong>-0-<\/strong><\/p>\n<div class=\"su-image-carousel  su-image-carousel-has-spacing su-image-carousel-crop su-image-carousel-crop-16-10 su-image-carousel-has-outline su-image-carousel-adaptive su-image-carousel-slides-style-minimal su-image-carousel-controls-style-dark su-image-carousel-align-center\" style=\"\" data-flickity-options='{\"groupCells\":true,\"cellSelector\":\".su-image-carousel-item\",\"adaptiveHeight\":false,\"cellAlign\":\"left\",\"prevNextButtons\":true,\"pageDots\":true,\"autoPlay\":5000,\"imagesLoaded\":true,\"contain\":true,\"selectedAttraction\":0.025,\"friction\":0.28}' id=\"su_image_carousel_69f2427f43937\"><div class=\"su-image-carousel-item\"><div class=\"su-image-carousel-item-content\"><img loading=\"lazy\" decoding=\"async\" width=\"1024\" height=\"682\" src=\"https:\/\/www.oaxaca.gob.mx\/comunicacion\/wp-content\/uploads\/sites\/28\/2026\/02\/eccd661e-f7d9-48fe-bee1-c34ace6aea00-1024x682.jpeg\" class=\"\" alt=\"\" srcset=\"https:\/\/www.oaxaca.gob.mx\/comunicacion\/wp-content\/uploads\/sites\/28\/2026\/02\/eccd661e-f7d9-48fe-bee1-c34ace6aea00-1024x682.jpeg 1024w, https:\/\/www.oaxaca.gob.mx\/comunicacion\/wp-content\/uploads\/sites\/28\/2026\/02\/eccd661e-f7d9-48fe-bee1-c34ace6aea00-300x200.jpeg 300w, https:\/\/www.oaxaca.gob.mx\/comunicacion\/wp-content\/uploads\/sites\/28\/2026\/02\/eccd661e-f7d9-48fe-bee1-c34ace6aea00-768x512.jpeg 768w, https:\/\/www.oaxaca.gob.mx\/comunicacion\/wp-content\/uploads\/sites\/28\/2026\/02\/eccd661e-f7d9-48fe-bee1-c34ace6aea00-1536x1023.jpeg 1536w, https:\/\/www.oaxaca.gob.mx\/comunicacion\/wp-content\/uploads\/sites\/28\/2026\/02\/eccd661e-f7d9-48fe-bee1-c34ace6aea00.jpeg 1600w\" sizes=\"auto, (max-width: 1024px) 100vw, 1024px\" \/><\/div><\/div><div class=\"su-image-carousel-item\"><div class=\"su-image-carousel-item-content\"><img loading=\"lazy\" decoding=\"async\" width=\"1024\" height=\"682\" src=\"https:\/\/www.oaxaca.gob.mx\/comunicacion\/wp-content\/uploads\/sites\/28\/2026\/02\/54edea2e-f085-4e93-86c5-cb6efff9c4ec-1024x682.jpeg\" class=\"\" alt=\"\" srcset=\"https:\/\/www.oaxaca.gob.mx\/comunicacion\/wp-content\/uploads\/sites\/28\/2026\/02\/54edea2e-f085-4e93-86c5-cb6efff9c4ec-1024x682.jpeg 1024w, https:\/\/www.oaxaca.gob.mx\/comunicacion\/wp-content\/uploads\/sites\/28\/2026\/02\/54edea2e-f085-4e93-86c5-cb6efff9c4ec-300x200.jpeg 300w, https:\/\/www.oaxaca.gob.mx\/comunicacion\/wp-content\/uploads\/sites\/28\/2026\/02\/54edea2e-f085-4e93-86c5-cb6efff9c4ec-768x512.jpeg 768w, https:\/\/www.oaxaca.gob.mx\/comunicacion\/wp-content\/uploads\/sites\/28\/2026\/02\/54edea2e-f085-4e93-86c5-cb6efff9c4ec-1536x1023.jpeg 1536w, https:\/\/www.oaxaca.gob.mx\/comunicacion\/wp-content\/uploads\/sites\/28\/2026\/02\/54edea2e-f085-4e93-86c5-cb6efff9c4ec.jpeg 1600w\" sizes=\"auto, (max-width: 1024px) 100vw, 1024px\" \/><\/div><\/div><div class=\"su-image-carousel-item\"><div class=\"su-image-carousel-item-content\"><img loading=\"lazy\" decoding=\"async\" width=\"1024\" height=\"682\" src=\"https:\/\/www.oaxaca.gob.mx\/comunicacion\/wp-content\/uploads\/sites\/28\/2026\/02\/74c2eb55-84cb-49c2-88f2-0c12bb5c106e-1024x682.jpeg\" class=\"\" alt=\"\" srcset=\"https:\/\/www.oaxaca.gob.mx\/comunicacion\/wp-content\/uploads\/sites\/28\/2026\/02\/74c2eb55-84cb-49c2-88f2-0c12bb5c106e-1024x682.jpeg 1024w, https:\/\/www.oaxaca.gob.mx\/comunicacion\/wp-content\/uploads\/sites\/28\/2026\/02\/74c2eb55-84cb-49c2-88f2-0c12bb5c106e-300x200.jpeg 300w, https:\/\/www.oaxaca.gob.mx\/comunicacion\/wp-content\/uploads\/sites\/28\/2026\/02\/74c2eb55-84cb-49c2-88f2-0c12bb5c106e-768x512.jpeg 768w, https:\/\/www.oaxaca.gob.mx\/comunicacion\/wp-content\/uploads\/sites\/28\/2026\/02\/74c2eb55-84cb-49c2-88f2-0c12bb5c106e-1536x1023.jpeg 1536w, https:\/\/www.oaxaca.gob.mx\/comunicacion\/wp-content\/uploads\/sites\/28\/2026\/02\/74c2eb55-84cb-49c2-88f2-0c12bb5c106e.jpeg 1600w\" sizes=\"auto, (max-width: 1024px) 100vw, 1024px\" \/><\/div><\/div><\/div><script id=\"su_image_carousel_69f2427f43937_script\">if(window.SUImageCarousel){setTimeout(function() {window.SUImageCarousel.initGallery(document.getElementById(\"su_image_carousel_69f2427f43937\"))}, 0);}var su_image_carousel_69f2427f43937_script=document.getElementById(\"su_image_carousel_69f2427f43937_script\");if(su_image_carousel_69f2427f43937_script){su_image_carousel_69f2427f43937_script.parentNode.removeChild(su_image_carousel_69f2427f43937_script);}<\/script>\n","protected":false},"excerpt":{"rendered":"<p>San Jacinto Amilpas, Oax. 25 de febrero de 2026.- El Gobernador Salom\u00f3n Jara Cruz entreg\u00f3 las primeras 32 casas del Programa Nacional Vivienda para el Bienestar, en San Jacinto Amilpas, y arranc\u00f3 obras de urbanizaci\u00f3n para mejorar servicios b\u00e1sicos a favor de m\u00e1s de 16 mil habitantes. Durante la ma\u00f1anera del pueblo de la Presidenta [&hellip;]<\/p>\n","protected":false},"author":29,"featured_media":174179,"comment_status":"open","ping_status":"open","sticky":false,"template":"","format":"standard","meta":{"episode_type":"","audio_file":"","podmotor_file_id":"","podmotor_episode_id":"","cover_image":"","cover_image_id":"","duration":"","filesize":"","filesize_raw":"","date_recorded":"","explicit":"","block":"","itunes_episode_number":"","itunes_title":"","itunes_season_number":"","itunes_episode_type":"","footnotes":""},"categories":[7],"tags":[2774],"class_list":["post-174177","post","type-post","status-publish","format-standard","has-post-thumbnail","hentry","category-slide","tag-san-jacinto-amilpas"],"acf":[],"publishpress_future_action":{"enabled":false,"date":"2026-05-06 11:40:15","action":"change-status","newStatus":"draft","terms":[],"taxonomy":"category","extraData":[]},"publishpress_future_workflow_manual_trigger":{"enabledWorkflows":[]},"_links":{"self":[{"href":"https:\/\/www.oaxaca.gob.mx\/comunicacion\/wp-json\/wp\/v2\/posts\/174177","targetHints":{"allow":["GET"]}}],"collection":[{"href":"https:\/\/www.oaxaca.gob.mx\/comunicacion\/wp-json\/wp\/v2\/posts"}],"about":[{"href":"https:\/\/www.oaxaca.gob.mx\/comunicacion\/wp-json\/wp\/v2\/types\/post"}],"author":[{"embeddable":true,"href":"https:\/\/www.oaxaca.gob.mx\/comunicacion\/wp-json\/wp\/v2\/users\/29"}],"replies":[{"embeddable":true,"href":"https:\/\/www.oaxaca.gob.mx\/comunicacion\/wp-json\/wp\/v2\/comments?post=174177"}],"version-history":[{"count":1,"href":"https:\/\/www.oaxaca.gob.mx\/comunicacion\/wp-json\/wp\/v2\/posts\/174177\/revisions"}],"predecessor-version":[{"id":174181,"href":"https:\/\/www.oaxaca.gob.mx\/comunicacion\/wp-json\/wp\/v2\/posts\/174177\/revisions\/174181"}],"wp:featuredmedia":[{"embeddable":true,"href":"https:\/\/www.oaxaca.gob.mx\/comunicacion\/wp-json\/wp\/v2\/media\/174179"}],"wp:attachment":[{"href":"https:\/\/www.oaxaca.gob.mx\/comunicacion\/wp-json\/wp\/v2\/media?parent=174177"}],"wp:term":[{"taxonomy":"category","embeddable":true,"href":"https:\/\/www.oaxaca.gob.mx\/comunicacion\/wp-json\/wp\/v2\/categories?post=174177"},{"taxonomy":"post_tag","embeddable":true,"href":"https:\/\/www.oaxaca.gob.mx\/comunicacion\/wp-json\/wp\/v2\/tags?post=174177"}],"curies":[{"name":"wp","href":"https:\/\/api.w.org\/{rel}","templated":true}]}}