{"id":173977,"date":"2026-02-22T15:04:56","date_gmt":"2026-02-22T21:04:56","guid":{"rendered":"https:\/\/www.oaxaca.gob.mx\/comunicacion\/?p=173977"},"modified":"2026-02-22T15:04:56","modified_gmt":"2026-02-22T21:04:56","slug":"garantiza-salomon-jara-accion-firme-y-despliegue-inmediato-en-el-istmo-de-tehuantepec-para-restablecer-y-preservar-el-orden","status":"publish","type":"post","link":"https:\/\/www.oaxaca.gob.mx\/comunicacion\/garantiza-salomon-jara-accion-firme-y-despliegue-inmediato-en-el-istmo-de-tehuantepec-para-restablecer-y-preservar-el-orden\/","title":{"rendered":"Garantiza Salom\u00f3n Jara acci\u00f3n firme y despliegue inmediato en el Istmo de Tehuantepec para restablecer y preservar el orden"},"content":{"rendered":"<p>&nbsp;<\/p>\n<div class=\"su-heading su-heading-style-default su-heading-align-center\" id=\"\" style=\"font-size:13px;margin-bottom:20px\"><div class=\"su-heading-inner\">* El Mandatario estatal indic\u00f3 que se desplegaron 500 elementos adicionales e instalaron filtros en 10 municipios prioritarios; adem\u00e1s, se reforz\u00f3 la vigilancia en puntos estrat\u00e9gicos<\/div><\/div>\n<p><strong>Oaxaca de Ju\u00e1rez, Oax. 22 de febrero de 2026.-<\/strong> El Gobernador Salom\u00f3n Jara Cruz afirm\u00f3 que, ante los acontecimientos registrados en el Istmo de Tehuantepec y en estados del norte del pa\u00eds, las corporaciones de seguridad estatales y federales act\u00faan de manera coordinada y con plena capacidad para restablecer y preservar el orden.<\/p>\n<p>En respuesta inmediata, el Gabinete de Seguridad del Gobierno de Oaxaca activ\u00f3 el Protocolo de Reacci\u00f3n y Blindaje Regional, con el despliegue de m\u00e1s de 500 elementos adicionales y la instalaci\u00f3n de filtros en 10 municipios prioritarios.<\/p>\n<p>Participan las secretar\u00edas de Seguridad y Protecci\u00f3n Ciudadana (SSPC), de la Defensa Nacional (Defensa), de Gobierno (Sego); de Marina (Semar); las fiscal\u00edas general de la Rep\u00fablica (FGR) y del Estado de Oaxaca (FGEO); as\u00ed como la Guardia Nacional (GN).<\/p>\n<p>Asimismo, se reforz\u00f3 la vigilancia en puntos estrat\u00e9gicos, zonas comerciales, terminales y \u00e1reas portuarias, adem\u00e1s de sobrevuelos de reconocimiento.<\/p>\n<p>Las investigaciones correspondientes avanzan y el Gabinete de Seguridad mantiene sesi\u00f3n permanente en el Centro de Control, Comando, Comunicaci\u00f3n, Coordinaci\u00f3n e Inteligencia (C5i) para el seguimiento operativo de la situaci\u00f3n.<\/p>\n<p>\u201cA la ciudadan\u00eda del Istmo y de todo Oaxaca le pedimos mantener la calma y atender exclusivamente la informaci\u00f3n oficial. Las instituciones est\u00e1n operando de manera coordinada y con plena capacidad para restablecer y preservar el orden. No se permitir\u00e1 que actos aislados generen incertidumbre ni alteren la vida cotidiana de las comunidades\u201d, finaliz\u00f3.<\/p>\n<p style=\"text-align: center\">\n<strong>-0-<\/strong><\/p>\n<div style=\"width:500px\"><div id=\"su_video_player_6a970c5514cbd\" class=\"su-video jp-video su-video-controls-yes\" data-id=\"su_video_player_6a970c5514cbd\" data-video=\"https:\/\/www.oaxaca.gob.mx\/comunicacion\/wp-content\/uploads\/sites\/28\/2026\/02\/22FEB26-GOB-MENSAJE.mp4\" data-swf=\"https:\/\/www.oaxaca.gob.mx\/comunicacion\/wp-content\/plugins\/shortcodes-ultimate\/vendor\/jplayer\/jplayer.swf\" data-autoplay=\"no\" data-loop=\"no\" data-poster=\"\"><div id=\"su_video_player_6a970c5514cbd_player\" class=\"jp-jplayer\" style=\"width:500px;height:500px\"><\/div><div class=\"jp-title\">Gobierno de Oaxaca y Federaci\u00f3n intensifican combate al gusano barrenador para blindar la salud p\u00fablica<\/div><div class=\"jp-start jp-play\"><\/div><div class=\"jp-gui\"><div class=\"jp-interface\"><div class=\"jp-progress\"><div class=\"jp-seek-bar\"><div class=\"jp-play-bar\"><\/div><\/div><\/div><div class=\"jp-current-time\"><\/div><div class=\"jp-duration\"><\/div><div class=\"jp-controls-holder\"><span class=\"jp-play\"><\/span><span class=\"jp-pause\"><\/span><span class=\"jp-mute\"><\/span><span class=\"jp-unmute\"><\/span><span class=\"jp-full-screen\"><\/span><span class=\"jp-restore-screen\"><\/span><div class=\"jp-volume-bar\"><div class=\"jp-volume-bar-value\"><\/div><\/div><\/div><\/div><\/div><\/div><\/div>\n<p>&nbsp;<\/p>\n","protected":false},"excerpt":{"rendered":"<p>&nbsp; Oaxaca de Ju\u00e1rez, Oax. 22 de febrero de 2026.- El Gobernador Salom\u00f3n Jara Cruz afirm\u00f3 que, ante los acontecimientos registrados en el Istmo de Tehuantepec y en estados del norte del pa\u00eds, las corporaciones de seguridad estatales y federales act\u00faan de manera coordinada y con plena capacidad para restablecer y preservar el orden. En [&hellip;]<\/p>\n","protected":false},"author":29,"featured_media":173978,"comment_status":"open","ping_status":"open","sticky":false,"template":"","format":"standard","meta":{"episode_type":"","audio_file":"","podmotor_file_id":"","podmotor_episode_id":"","cover_image":"","cover_image_id":"","duration":"","filesize":"","filesize_raw":"","date_recorded":"","explicit":"","block":"","itunes_episode_number":"","itunes_title":"","itunes_season_number":"","itunes_episode_type":"","footnotes":""},"categories":[7],"tags":[],"class_list":["post-173977","post","type-post","status-publish","format-standard","has-post-thumbnail","hentry","category-slide"],"acf":[],"publishpress_future_action":{"enabled":false,"date":"2026-09-08 11:33:09","action":"change-status","newStatus":"draft","terms":[],"taxonomy":"category","extraData":[]},"publishpress_future_workflow_manual_trigger":{"enabledWorkflows":[]},"_links":{"self":[{"href":"https:\/\/www.oaxaca.gob.mx\/comunicacion\/wp-json\/wp\/v2\/posts\/173977","targetHints":{"allow":["GET"]}}],"collection":[{"href":"https:\/\/www.oaxaca.gob.mx\/comunicacion\/wp-json\/wp\/v2\/posts"}],"about":[{"href":"https:\/\/www.oaxaca.gob.mx\/comunicacion\/wp-json\/wp\/v2\/types\/post"}],"author":[{"embeddable":true,"href":"https:\/\/www.oaxaca.gob.mx\/comunicacion\/wp-json\/wp\/v2\/users\/29"}],"replies":[{"embeddable":true,"href":"https:\/\/www.oaxaca.gob.mx\/comunicacion\/wp-json\/wp\/v2\/comments?post=173977"}],"version-history":[{"count":1,"href":"https:\/\/www.oaxaca.gob.mx\/comunicacion\/wp-json\/wp\/v2\/posts\/173977\/revisions"}],"predecessor-version":[{"id":173980,"href":"https:\/\/www.oaxaca.gob.mx\/comunicacion\/wp-json\/wp\/v2\/posts\/173977\/revisions\/173980"}],"wp:featuredmedia":[{"embeddable":true,"href":"https:\/\/www.oaxaca.gob.mx\/comunicacion\/wp-json\/wp\/v2\/media\/173978"}],"wp:attachment":[{"href":"https:\/\/www.oaxaca.gob.mx\/comunicacion\/wp-json\/wp\/v2\/media?parent=173977"}],"wp:term":[{"taxonomy":"category","embeddable":true,"href":"https:\/\/www.oaxaca.gob.mx\/comunicacion\/wp-json\/wp\/v2\/categories?post=173977"},{"taxonomy":"post_tag","embeddable":true,"href":"https:\/\/www.oaxaca.gob.mx\/comunicacion\/wp-json\/wp\/v2\/tags?post=173977"}],"curies":[{"name":"wp","href":"https:\/\/api.w.org\/{rel}","templated":true}]}}