{"id":173963,"date":"2026-02-22T13:03:38","date_gmt":"2026-02-22T19:03:38","guid":{"rendered":"https:\/\/www.oaxaca.gob.mx\/comunicacion\/?p=173963"},"modified":"2026-02-22T13:03:38","modified_gmt":"2026-02-22T19:03:38","slug":"incrementa-salomon-jara-suministro-y-almacenamiento-de-agua-en-7-agencias-y-colonias-de-oaxaca-de-juarez-con-entrega-de-mil-tinacos","status":"publish","type":"post","link":"https:\/\/www.oaxaca.gob.mx\/comunicacion\/incrementa-salomon-jara-suministro-y-almacenamiento-de-agua-en-7-agencias-y-colonias-de-oaxaca-de-juarez-con-entrega-de-mil-tinacos\/","title":{"rendered":"Incrementa Salom\u00f3n Jara suministro y almacenamiento de agua en 7 agencias y colonias de Oaxaca de Ju\u00e1rez con entrega de mil tinacos"},"content":{"rendered":"<div class=\"su-image-carousel  su-image-carousel-has-spacing su-image-carousel-crop su-image-carousel-crop-16-10 su-image-carousel-has-outline su-image-carousel-adaptive su-image-carousel-slides-style-minimal su-image-carousel-controls-style-dark su-image-carousel-align-center\" style=\"\" data-flickity-options='{\"groupCells\":true,\"cellSelector\":\".su-image-carousel-item\",\"adaptiveHeight\":false,\"cellAlign\":\"left\",\"prevNextButtons\":true,\"pageDots\":true,\"autoPlay\":5000,\"imagesLoaded\":true,\"contain\":true,\"selectedAttraction\":0.025,\"friction\":0.28}' id=\"su_image_carousel_6a95feae7f8fe\"><div class=\"su-image-carousel-item\"><div class=\"su-image-carousel-item-content\"><img loading=\"lazy\" decoding=\"async\" width=\"1024\" height=\"683\" src=\"https:\/\/www.oaxaca.gob.mx\/comunicacion\/wp-content\/uploads\/sites\/28\/2026\/02\/22FEB26-GOB-AGUAPARATODOS-1-1024x683.jpeg\" class=\"\" alt=\"\" srcset=\"https:\/\/www.oaxaca.gob.mx\/comunicacion\/wp-content\/uploads\/sites\/28\/2026\/02\/22FEB26-GOB-AGUAPARATODOS-1-1024x683.jpeg 1024w, https:\/\/www.oaxaca.gob.mx\/comunicacion\/wp-content\/uploads\/sites\/28\/2026\/02\/22FEB26-GOB-AGUAPARATODOS-1-300x200.jpeg 300w, https:\/\/www.oaxaca.gob.mx\/comunicacion\/wp-content\/uploads\/sites\/28\/2026\/02\/22FEB26-GOB-AGUAPARATODOS-1-768x512.jpeg 768w, https:\/\/www.oaxaca.gob.mx\/comunicacion\/wp-content\/uploads\/sites\/28\/2026\/02\/22FEB26-GOB-AGUAPARATODOS-1.jpeg 1280w\" sizes=\"auto, (max-width: 1024px) 100vw, 1024px\" \/><\/div><\/div><\/div><script id=\"su_image_carousel_6a95feae7f8fe_script\">if(window.SUImageCarousel){setTimeout(function() {window.SUImageCarousel.initGallery(document.getElementById(\"su_image_carousel_6a95feae7f8fe\"))}, 0);}var su_image_carousel_6a95feae7f8fe_script=document.getElementById(\"su_image_carousel_6a95feae7f8fe_script\");if(su_image_carousel_6a95feae7f8fe_script){su_image_carousel_6a95feae7f8fe_script.parentNode.removeChild(su_image_carousel_6a95feae7f8fe_script);}<\/script>\n<div class=\"su-heading su-heading-style-default su-heading-align-center\" id=\"\" style=\"font-size:13px;margin-bottom:20px\"><div class=\"su-heading-inner\">* Este domingo se beneficiaron a familias de: San Luis Beltr\u00e1n, San Felipe del Agua, Dolores, Siete Regiones, Volcanes, Donaj\u00ed y Ejido Guadalupe Victoria<\/p>\n<p>* Con el programa \u201cAgua para Todas y Todos\u201d se otorgar\u00e1n 10 mil contenedores en la Zona Metropolitana de Oaxaca<\/div><\/div>\n<p>&nbsp;<\/p>\n<p><strong>Oaxaca de Ju\u00e1rez, Oax. 22 de febrero de 2026.-<\/strong> Con el objetivo de mitigar los efectos de la temporada de estiaje, el Gobernador Salom\u00f3n Jara Cruz hizo la entrega de mil tinacos del programa \u201cAgua para Todas y Todos\u201d en siete agencias y colonias de Oaxaca de Ju\u00e1rez.<\/p>\n<p>En San Felipe del Agua, el Mandatario estatal se\u00f1al\u00f3 que esta acci\u00f3n tiene como objetivo suministrar y garantizar el almacenamiento adecuado del vital l\u00edquido en los hogares.<\/p>\n<p>\u201cLos tinacos que se entregan a cada familia son para la previsi\u00f3n, organizaci\u00f3n y almacenamiento responsable. Nuestro gobierno est\u00e1 trabajando muy duro para mitigar los efectos del estiaje\u201d, afirm\u00f3.<\/p>\n<p>Jara Cruz explic\u00f3 que estos contenedores se abastecer\u00e1n de manera gratuita con pipas del Gobierno del Estado que estar\u00e1n a cargo de la Subsecretar\u00eda de Tequios Bienestar de la Secretar\u00eda de Bienestar, Tequio e Inclusi\u00f3n (Sebienti).<\/p>\n<p>Este programa se implementa en toda la Zona Metropolitana de Oaxaca, con una meta de 10 mil tinacos para incrementar la capacidad de almacenamiento del vital l\u00edquido en los hogares que m\u00e1s lo necesitan.<\/p>\n<p>Este domingo se beneficiaron a: 150 familias de San Luis Beltr\u00e1n, 300 de San Felipe del Agua, 150 de Dolores, 100 de Siete Regiones, 100 de Volcanes, 100 de Donaj\u00ed y 100 de Ejido Guadalupe Victoria.<\/p>\n<p>En su intervenci\u00f3n, el director general de la Comisi\u00f3n Estatal del Agua para el Bienestar (Ceabien), Neftal\u00ed Amigdael L\u00f3pez Hern\u00e1ndez expres\u00f3 que la Primavera Oaxaque\u00f1a impulsa trabajos preventivas que mejoran la capacidad de las familias para enfrentar el estiaje en mejores condiciones y con mayor seguridad.<\/p>\n<p>\u201cEste esfuerzo forma parte de una pol\u00edtica p\u00fablica que coloca a las personas en el centro, que entiende que el acceso al agua no es un privilegio sino un derecho fundamental\u201d, subray\u00f3.<\/p>\n<p>Por su parte, la titular de la Sebienti, Vilma Mart\u00ednez Cort\u00e9s detall\u00f3 que el programa \u201cAgua para Todas y Todos\u201d es un conjunto de esfuerzos y acciones que van desde la entrega de tinacos, instalaci\u00f3n de hidrates m\u00f3viles, inversi\u00f3n para nuevos pozos, el programa Destapa el drenaje 2026, as\u00ed como la reparaci\u00f3n de fugas y mantenimiento de redes de distribuci\u00f3n.<\/p>\n<p>\u201cEsto representa acciones concretas para miles de familias, con mejores condiciones para cuidar su salud y bienestar\u201d, dijo.<\/p>\n<p>&nbsp;<\/p>\n<p style=\"text-align: center\"><strong>-0-<\/strong><\/p>\n<div class=\"su-image-carousel  su-image-carousel-has-spacing su-image-carousel-crop su-image-carousel-crop-16-10 su-image-carousel-has-outline su-image-carousel-adaptive su-image-carousel-slides-style-minimal su-image-carousel-controls-style-dark su-image-carousel-align-center\" style=\"\" data-flickity-options='{\"groupCells\":true,\"cellSelector\":\".su-image-carousel-item\",\"adaptiveHeight\":false,\"cellAlign\":\"left\",\"prevNextButtons\":true,\"pageDots\":true,\"autoPlay\":5000,\"imagesLoaded\":true,\"contain\":true,\"selectedAttraction\":0.025,\"friction\":0.28}' id=\"su_image_carousel_6a95feae7ffff\"><div class=\"su-image-carousel-item\"><div class=\"su-image-carousel-item-content\"><img loading=\"lazy\" decoding=\"async\" width=\"1024\" height=\"683\" src=\"https:\/\/www.oaxaca.gob.mx\/comunicacion\/wp-content\/uploads\/sites\/28\/2026\/02\/22FEB26-GOB-AGUAPARATODOS-1-1024x683.jpeg\" class=\"\" alt=\"\" srcset=\"https:\/\/www.oaxaca.gob.mx\/comunicacion\/wp-content\/uploads\/sites\/28\/2026\/02\/22FEB26-GOB-AGUAPARATODOS-1-1024x683.jpeg 1024w, https:\/\/www.oaxaca.gob.mx\/comunicacion\/wp-content\/uploads\/sites\/28\/2026\/02\/22FEB26-GOB-AGUAPARATODOS-1-300x200.jpeg 300w, https:\/\/www.oaxaca.gob.mx\/comunicacion\/wp-content\/uploads\/sites\/28\/2026\/02\/22FEB26-GOB-AGUAPARATODOS-1-768x512.jpeg 768w, https:\/\/www.oaxaca.gob.mx\/comunicacion\/wp-content\/uploads\/sites\/28\/2026\/02\/22FEB26-GOB-AGUAPARATODOS-1.jpeg 1280w\" sizes=\"auto, (max-width: 1024px) 100vw, 1024px\" \/><\/div><\/div><div class=\"su-image-carousel-item\"><div class=\"su-image-carousel-item-content\"><img loading=\"lazy\" decoding=\"async\" width=\"1024\" height=\"683\" src=\"https:\/\/www.oaxaca.gob.mx\/comunicacion\/wp-content\/uploads\/sites\/28\/2026\/02\/22FEB26-GOB-AGUAPARATODOS-2-1024x683.jpeg\" class=\"\" alt=\"\" srcset=\"https:\/\/www.oaxaca.gob.mx\/comunicacion\/wp-content\/uploads\/sites\/28\/2026\/02\/22FEB26-GOB-AGUAPARATODOS-2-1024x683.jpeg 1024w, https:\/\/www.oaxaca.gob.mx\/comunicacion\/wp-content\/uploads\/sites\/28\/2026\/02\/22FEB26-GOB-AGUAPARATODOS-2-300x200.jpeg 300w, https:\/\/www.oaxaca.gob.mx\/comunicacion\/wp-content\/uploads\/sites\/28\/2026\/02\/22FEB26-GOB-AGUAPARATODOS-2-768x512.jpeg 768w, https:\/\/www.oaxaca.gob.mx\/comunicacion\/wp-content\/uploads\/sites\/28\/2026\/02\/22FEB26-GOB-AGUAPARATODOS-2.jpeg 1280w\" sizes=\"auto, (max-width: 1024px) 100vw, 1024px\" \/><\/div><\/div><div class=\"su-image-carousel-item\"><div class=\"su-image-carousel-item-content\"><img loading=\"lazy\" decoding=\"async\" width=\"1024\" height=\"683\" src=\"https:\/\/www.oaxaca.gob.mx\/comunicacion\/wp-content\/uploads\/sites\/28\/2026\/02\/22FEB26-GOB-AGUAPARATODOS-4-1024x683.jpeg\" class=\"\" alt=\"\" srcset=\"https:\/\/www.oaxaca.gob.mx\/comunicacion\/wp-content\/uploads\/sites\/28\/2026\/02\/22FEB26-GOB-AGUAPARATODOS-4-1024x683.jpeg 1024w, https:\/\/www.oaxaca.gob.mx\/comunicacion\/wp-content\/uploads\/sites\/28\/2026\/02\/22FEB26-GOB-AGUAPARATODOS-4-300x200.jpeg 300w, https:\/\/www.oaxaca.gob.mx\/comunicacion\/wp-content\/uploads\/sites\/28\/2026\/02\/22FEB26-GOB-AGUAPARATODOS-4-768x512.jpeg 768w, https:\/\/www.oaxaca.gob.mx\/comunicacion\/wp-content\/uploads\/sites\/28\/2026\/02\/22FEB26-GOB-AGUAPARATODOS-4.jpeg 1280w\" sizes=\"auto, (max-width: 1024px) 100vw, 1024px\" \/><\/div><\/div><div class=\"su-image-carousel-item\"><div class=\"su-image-carousel-item-content\"><img loading=\"lazy\" decoding=\"async\" width=\"1024\" height=\"683\" src=\"https:\/\/www.oaxaca.gob.mx\/comunicacion\/wp-content\/uploads\/sites\/28\/2026\/02\/22FEB26-GOB-AGUAPARATODOS-3-1024x683.jpeg\" class=\"\" alt=\"\" srcset=\"https:\/\/www.oaxaca.gob.mx\/comunicacion\/wp-content\/uploads\/sites\/28\/2026\/02\/22FEB26-GOB-AGUAPARATODOS-3-1024x683.jpeg 1024w, https:\/\/www.oaxaca.gob.mx\/comunicacion\/wp-content\/uploads\/sites\/28\/2026\/02\/22FEB26-GOB-AGUAPARATODOS-3-300x200.jpeg 300w, https:\/\/www.oaxaca.gob.mx\/comunicacion\/wp-content\/uploads\/sites\/28\/2026\/02\/22FEB26-GOB-AGUAPARATODOS-3-768x512.jpeg 768w, https:\/\/www.oaxaca.gob.mx\/comunicacion\/wp-content\/uploads\/sites\/28\/2026\/02\/22FEB26-GOB-AGUAPARATODOS-3.jpeg 1280w\" sizes=\"auto, (max-width: 1024px) 100vw, 1024px\" \/><\/div><\/div><\/div><script id=\"su_image_carousel_6a95feae7ffff_script\">if(window.SUImageCarousel){setTimeout(function() {window.SUImageCarousel.initGallery(document.getElementById(\"su_image_carousel_6a95feae7ffff\"))}, 0);}var su_image_carousel_6a95feae7ffff_script=document.getElementById(\"su_image_carousel_6a95feae7ffff_script\");if(su_image_carousel_6a95feae7ffff_script){su_image_carousel_6a95feae7ffff_script.parentNode.removeChild(su_image_carousel_6a95feae7ffff_script);}<\/script>\n","protected":false},"excerpt":{"rendered":"<p>&nbsp; Oaxaca de Ju\u00e1rez, Oax. 22 de febrero de 2026.- Con el objetivo de mitigar los efectos de la temporada de estiaje, el Gobernador Salom\u00f3n Jara Cruz hizo la entrega de mil tinacos del programa \u201cAgua para Todas y Todos\u201d en siete agencias y colonias de Oaxaca de Ju\u00e1rez. En San Felipe del Agua, el [&hellip;]<\/p>\n","protected":false},"author":29,"featured_media":173964,"comment_status":"open","ping_status":"open","sticky":false,"template":"","format":"standard","meta":{"episode_type":"","audio_file":"","podmotor_file_id":"","podmotor_episode_id":"","cover_image":"","cover_image_id":"","duration":"","filesize":"","filesize_raw":"","date_recorded":"","explicit":"","block":"","itunes_episode_number":"","itunes_title":"","itunes_season_number":"","itunes_episode_type":"","footnotes":""},"categories":[7],"tags":[],"class_list":["post-173963","post","type-post","status-publish","format-standard","has-post-thumbnail","hentry","category-slide"],"acf":[],"publishpress_future_action":{"enabled":false,"date":"2026-09-07 16:22:38","action":"change-status","newStatus":"draft","terms":[],"taxonomy":"category","extraData":[]},"publishpress_future_workflow_manual_trigger":{"enabledWorkflows":[]},"_links":{"self":[{"href":"https:\/\/www.oaxaca.gob.mx\/comunicacion\/wp-json\/wp\/v2\/posts\/173963","targetHints":{"allow":["GET"]}}],"collection":[{"href":"https:\/\/www.oaxaca.gob.mx\/comunicacion\/wp-json\/wp\/v2\/posts"}],"about":[{"href":"https:\/\/www.oaxaca.gob.mx\/comunicacion\/wp-json\/wp\/v2\/types\/post"}],"author":[{"embeddable":true,"href":"https:\/\/www.oaxaca.gob.mx\/comunicacion\/wp-json\/wp\/v2\/users\/29"}],"replies":[{"embeddable":true,"href":"https:\/\/www.oaxaca.gob.mx\/comunicacion\/wp-json\/wp\/v2\/comments?post=173963"}],"version-history":[{"count":1,"href":"https:\/\/www.oaxaca.gob.mx\/comunicacion\/wp-json\/wp\/v2\/posts\/173963\/revisions"}],"predecessor-version":[{"id":173968,"href":"https:\/\/www.oaxaca.gob.mx\/comunicacion\/wp-json\/wp\/v2\/posts\/173963\/revisions\/173968"}],"wp:featuredmedia":[{"embeddable":true,"href":"https:\/\/www.oaxaca.gob.mx\/comunicacion\/wp-json\/wp\/v2\/media\/173964"}],"wp:attachment":[{"href":"https:\/\/www.oaxaca.gob.mx\/comunicacion\/wp-json\/wp\/v2\/media?parent=173963"}],"wp:term":[{"taxonomy":"category","embeddable":true,"href":"https:\/\/www.oaxaca.gob.mx\/comunicacion\/wp-json\/wp\/v2\/categories?post=173963"},{"taxonomy":"post_tag","embeddable":true,"href":"https:\/\/www.oaxaca.gob.mx\/comunicacion\/wp-json\/wp\/v2\/tags?post=173963"}],"curies":[{"name":"wp","href":"https:\/\/api.w.org\/{rel}","templated":true}]}}