{"id":173735,"date":"2026-02-19T11:18:13","date_gmt":"2026-02-19T17:18:13","guid":{"rendered":"https:\/\/www.oaxaca.gob.mx\/comunicacion\/?p=173735"},"modified":"2026-02-19T11:18:13","modified_gmt":"2026-02-19T17:18:13","slug":"reconoce-salomon-jara-trabajo-del-ejercito-mexicano-pilar-fundamental-del-estado","status":"publish","type":"post","link":"https:\/\/www.oaxaca.gob.mx\/comunicacion\/reconoce-salomon-jara-trabajo-del-ejercito-mexicano-pilar-fundamental-del-estado\/","title":{"rendered":"Reconoce Salom\u00f3n Jara trabajo del Ej\u00e9rcito Mexicano, pilar fundamental del Estado"},"content":{"rendered":"<div class=\"su-heading su-heading-style-default su-heading-align-center\" id=\"\" style=\"font-size:13px;margin-bottom:20px\"><div class=\"su-heading-inner\">El Gobernador de Oaxaca asisti\u00f3 al 113 aniversario de la creaci\u00f3n de esta instituci\u00f3n<\/div><\/div>\n<p><strong>Santa Luc\u00eda del Camino, Oax. 19 de febrero de 2026.-<\/strong> El Gobernador Salom\u00f3n Jara Cruz asisti\u00f3 al 113 Aniversario del Ej\u00e9rcito Mexicano, pilar fundamental del Estado y garante de la integridad, estabilidad y permanencia de la naci\u00f3n.<\/p>\n<p>En este marco solemne realizado en la 28 Zona Militar, el Mandatario oaxaque\u00f1o resalt\u00f3 el trabajo permanente de esta instituci\u00f3n al servicio de la patria, con un despliegue en el pa\u00eds de m\u00e1s de 150 mil mujeres y hombres, que en conjunto defienden la soberan\u00eda de la naci\u00f3n.<\/p>\n<div class=\"su-quote su-quote-style-default\"><div class=\"su-quote-inner su-u-clearfix su-u-trim\">\u201cNosotros nos coordinamos conjuntamente en la Estrategia de Seguridad Nacional que encabeza la Presidenta Claudia Sheinbaum Pardo; el ej\u00e9rcito juega un papel importante para la estabilidad, seguridad y el progreso del pa\u00eds\u201d, se\u00f1al\u00f3.<\/div><\/div>\n<p>El Comandante de la Vig\u00e9sima Octava Zona Militar, Fernando Antonio Solares Lammel destac\u00f3 que la historia de las naciones est\u00e1 ligada a sus ej\u00e9rcitos, que evolucionan a la par y se constituyen en factor indispensable de seguridad y progreso.<\/p>\n<div class=\"su-quote su-quote-style-default\"><div class=\"su-quote-inner su-u-clearfix su-u-trim\">\u201cNuestro ej\u00e9rcito naci\u00f3 del pueblo y para servir al pueblo, con un prop\u00f3sito definido y firme: la defensa de la legalidad, de las instituciones nacionales, y de la integridad nacional\u201d, expres\u00f3.<\/div><\/div>\n<p>El D\u00eda del Ej\u00e9rcito Mexicano se celebra desde el a\u00f1o de 1950, por decreto del expresidente Miguel Alem\u00e1n Vald\u00e9s.<\/p>\n<p>La Primavera Oaxaque\u00f1a reconoce el compromiso institucional de cada elemento, el cual se refleja en el alcance, impacto y magnitud de su labor en favor del pueblo mexicano.<\/p>\n<p style=\"text-align: center\">\n<strong>-0-<\/strong><\/p>\n<div class=\"su-image-carousel  su-image-carousel-has-spacing su-image-carousel-crop su-image-carousel-crop-21-9 su-image-carousel-has-outline su-image-carousel-adaptive su-image-carousel-slides-style-minimal su-image-carousel-controls-style-dark su-image-carousel-align-center\" style=\"\" data-flickity-options='{\"groupCells\":true,\"cellSelector\":\".su-image-carousel-item\",\"adaptiveHeight\":false,\"cellAlign\":\"left\",\"prevNextButtons\":true,\"pageDots\":true,\"autoPlay\":5000,\"imagesLoaded\":true,\"contain\":true,\"selectedAttraction\":0.025,\"friction\":0.28}' id=\"su_image_carousel_6a9772348848c\"><div class=\"su-image-carousel-item\"><div class=\"su-image-carousel-item-content\"><img loading=\"lazy\" decoding=\"async\" width=\"1024\" height=\"683\" src=\"https:\/\/www.oaxaca.gob.mx\/comunicacion\/wp-content\/uploads\/sites\/28\/2026\/02\/ff97f72a-a2c1-498e-a261-ea817c0f97b3-1024x683.jpeg\" class=\"\" alt=\"\" srcset=\"https:\/\/www.oaxaca.gob.mx\/comunicacion\/wp-content\/uploads\/sites\/28\/2026\/02\/ff97f72a-a2c1-498e-a261-ea817c0f97b3-1024x683.jpeg 1024w, https:\/\/www.oaxaca.gob.mx\/comunicacion\/wp-content\/uploads\/sites\/28\/2026\/02\/ff97f72a-a2c1-498e-a261-ea817c0f97b3-300x200.jpeg 300w, https:\/\/www.oaxaca.gob.mx\/comunicacion\/wp-content\/uploads\/sites\/28\/2026\/02\/ff97f72a-a2c1-498e-a261-ea817c0f97b3-768x512.jpeg 768w, https:\/\/www.oaxaca.gob.mx\/comunicacion\/wp-content\/uploads\/sites\/28\/2026\/02\/ff97f72a-a2c1-498e-a261-ea817c0f97b3.jpeg 1280w\" sizes=\"auto, (max-width: 1024px) 100vw, 1024px\" \/><\/div><\/div><div class=\"su-image-carousel-item\"><div class=\"su-image-carousel-item-content\"><img loading=\"lazy\" decoding=\"async\" width=\"1024\" height=\"683\" src=\"https:\/\/www.oaxaca.gob.mx\/comunicacion\/wp-content\/uploads\/sites\/28\/2026\/02\/f018e6c0-2e9c-4de8-b1ea-67def28fe156-1024x683.jpeg\" class=\"\" alt=\"\" srcset=\"https:\/\/www.oaxaca.gob.mx\/comunicacion\/wp-content\/uploads\/sites\/28\/2026\/02\/f018e6c0-2e9c-4de8-b1ea-67def28fe156-1024x683.jpeg 1024w, https:\/\/www.oaxaca.gob.mx\/comunicacion\/wp-content\/uploads\/sites\/28\/2026\/02\/f018e6c0-2e9c-4de8-b1ea-67def28fe156-300x200.jpeg 300w, https:\/\/www.oaxaca.gob.mx\/comunicacion\/wp-content\/uploads\/sites\/28\/2026\/02\/f018e6c0-2e9c-4de8-b1ea-67def28fe156-768x512.jpeg 768w, https:\/\/www.oaxaca.gob.mx\/comunicacion\/wp-content\/uploads\/sites\/28\/2026\/02\/f018e6c0-2e9c-4de8-b1ea-67def28fe156.jpeg 1280w\" sizes=\"auto, (max-width: 1024px) 100vw, 1024px\" \/><\/div><\/div><div class=\"su-image-carousel-item\"><div class=\"su-image-carousel-item-content\"><img loading=\"lazy\" decoding=\"async\" width=\"1024\" height=\"587\" src=\"https:\/\/www.oaxaca.gob.mx\/comunicacion\/wp-content\/uploads\/sites\/28\/2026\/02\/8bdc582f-ade1-4970-9611-a1c5cd0220af-1024x587.jpeg\" class=\"\" alt=\"\" srcset=\"https:\/\/www.oaxaca.gob.mx\/comunicacion\/wp-content\/uploads\/sites\/28\/2026\/02\/8bdc582f-ade1-4970-9611-a1c5cd0220af-1024x587.jpeg 1024w, https:\/\/www.oaxaca.gob.mx\/comunicacion\/wp-content\/uploads\/sites\/28\/2026\/02\/8bdc582f-ade1-4970-9611-a1c5cd0220af-300x172.jpeg 300w, https:\/\/www.oaxaca.gob.mx\/comunicacion\/wp-content\/uploads\/sites\/28\/2026\/02\/8bdc582f-ade1-4970-9611-a1c5cd0220af-768x440.jpeg 768w, https:\/\/www.oaxaca.gob.mx\/comunicacion\/wp-content\/uploads\/sites\/28\/2026\/02\/8bdc582f-ade1-4970-9611-a1c5cd0220af.jpeg 1280w\" sizes=\"auto, (max-width: 1024px) 100vw, 1024px\" \/><\/div><\/div><div class=\"su-image-carousel-item\"><div class=\"su-image-carousel-item-content\"><img loading=\"lazy\" decoding=\"async\" width=\"1024\" height=\"683\" src=\"https:\/\/www.oaxaca.gob.mx\/comunicacion\/wp-content\/uploads\/sites\/28\/2026\/02\/0f9e0dfe-b831-4add-b3f1-70074a14bb79-1024x683.jpeg\" class=\"\" alt=\"\" srcset=\"https:\/\/www.oaxaca.gob.mx\/comunicacion\/wp-content\/uploads\/sites\/28\/2026\/02\/0f9e0dfe-b831-4add-b3f1-70074a14bb79-1024x683.jpeg 1024w, https:\/\/www.oaxaca.gob.mx\/comunicacion\/wp-content\/uploads\/sites\/28\/2026\/02\/0f9e0dfe-b831-4add-b3f1-70074a14bb79-300x200.jpeg 300w, https:\/\/www.oaxaca.gob.mx\/comunicacion\/wp-content\/uploads\/sites\/28\/2026\/02\/0f9e0dfe-b831-4add-b3f1-70074a14bb79-768x512.jpeg 768w, https:\/\/www.oaxaca.gob.mx\/comunicacion\/wp-content\/uploads\/sites\/28\/2026\/02\/0f9e0dfe-b831-4add-b3f1-70074a14bb79.jpeg 1280w\" sizes=\"auto, (max-width: 1024px) 100vw, 1024px\" \/><\/div><\/div><\/div><script id=\"su_image_carousel_6a9772348848c_script\">if(window.SUImageCarousel){setTimeout(function() {window.SUImageCarousel.initGallery(document.getElementById(\"su_image_carousel_6a9772348848c\"))}, 0);}var su_image_carousel_6a9772348848c_script=document.getElementById(\"su_image_carousel_6a9772348848c_script\");if(su_image_carousel_6a9772348848c_script){su_image_carousel_6a9772348848c_script.parentNode.removeChild(su_image_carousel_6a9772348848c_script);}<\/script>\n","protected":false},"excerpt":{"rendered":"<p>Santa Luc\u00eda del Camino, Oax. 19 de febrero de 2026.- El Gobernador Salom\u00f3n Jara Cruz asisti\u00f3 al 113 Aniversario del Ej\u00e9rcito Mexicano, pilar fundamental del Estado y garante de la integridad, estabilidad y permanencia de la naci\u00f3n. En este marco solemne realizado en la 28 Zona Militar, el Mandatario oaxaque\u00f1o resalt\u00f3 el trabajo permanente de [&hellip;]<\/p>\n","protected":false},"author":29,"featured_media":173736,"comment_status":"open","ping_status":"open","sticky":false,"template":"","format":"standard","meta":{"episode_type":"","audio_file":"","podmotor_file_id":"","podmotor_episode_id":"","cover_image":"","cover_image_id":"","duration":"","filesize":"","filesize_raw":"","date_recorded":"","explicit":"","block":"","itunes_episode_number":"","itunes_title":"","itunes_season_number":"","itunes_episode_type":"","footnotes":""},"categories":[7],"tags":[1146],"class_list":["post-173735","post","type-post","status-publish","format-standard","has-post-thumbnail","hentry","category-slide","tag-santa-lucia-del-camino"],"acf":[],"publishpress_future_action":{"enabled":false,"date":"2026-09-08 18:47:48","action":"change-status","newStatus":"draft","terms":[],"taxonomy":"category","extraData":[]},"publishpress_future_workflow_manual_trigger":{"enabledWorkflows":[]},"_links":{"self":[{"href":"https:\/\/www.oaxaca.gob.mx\/comunicacion\/wp-json\/wp\/v2\/posts\/173735","targetHints":{"allow":["GET"]}}],"collection":[{"href":"https:\/\/www.oaxaca.gob.mx\/comunicacion\/wp-json\/wp\/v2\/posts"}],"about":[{"href":"https:\/\/www.oaxaca.gob.mx\/comunicacion\/wp-json\/wp\/v2\/types\/post"}],"author":[{"embeddable":true,"href":"https:\/\/www.oaxaca.gob.mx\/comunicacion\/wp-json\/wp\/v2\/users\/29"}],"replies":[{"embeddable":true,"href":"https:\/\/www.oaxaca.gob.mx\/comunicacion\/wp-json\/wp\/v2\/comments?post=173735"}],"version-history":[{"count":1,"href":"https:\/\/www.oaxaca.gob.mx\/comunicacion\/wp-json\/wp\/v2\/posts\/173735\/revisions"}],"predecessor-version":[{"id":173740,"href":"https:\/\/www.oaxaca.gob.mx\/comunicacion\/wp-json\/wp\/v2\/posts\/173735\/revisions\/173740"}],"wp:featuredmedia":[{"embeddable":true,"href":"https:\/\/www.oaxaca.gob.mx\/comunicacion\/wp-json\/wp\/v2\/media\/173736"}],"wp:attachment":[{"href":"https:\/\/www.oaxaca.gob.mx\/comunicacion\/wp-json\/wp\/v2\/media?parent=173735"}],"wp:term":[{"taxonomy":"category","embeddable":true,"href":"https:\/\/www.oaxaca.gob.mx\/comunicacion\/wp-json\/wp\/v2\/categories?post=173735"},{"taxonomy":"post_tag","embeddable":true,"href":"https:\/\/www.oaxaca.gob.mx\/comunicacion\/wp-json\/wp\/v2\/tags?post=173735"}],"curies":[{"name":"wp","href":"https:\/\/api.w.org\/{rel}","templated":true}]}}