{"id":173663,"date":"2026-02-18T12:48:54","date_gmt":"2026-02-18T18:48:54","guid":{"rendered":"https:\/\/www.oaxaca.gob.mx\/comunicacion\/?p=173663"},"modified":"2026-02-18T12:48:54","modified_gmt":"2026-02-18T18:48:54","slug":"sin-personas-lesionadas-tras-incidente-de-una-ambulancia-de-emergencia-y-un-particular-sso","status":"publish","type":"post","link":"https:\/\/www.oaxaca.gob.mx\/comunicacion\/sin-personas-lesionadas-tras-incidente-de-una-ambulancia-de-emergencia-y-un-particular-sso\/","title":{"rendered":"Sin personas lesionadas tras incidente de una ambulancia de emergencia y un particular: SSO"},"content":{"rendered":"<p><strong>Servicios de Salud de Oaxaca (SSO)<\/strong> informa que no se reportan personas lesionadas, \u00fanicamente da\u00f1os materiales, tras el incidente vial registrado entre una ambulancia del Centro Regulador de Urgencias M\u00e9dicas (CRUM) y un veh\u00edculo particular en el cruce de las calles Crist\u00f3bal Col\u00f3n y Melchor Ocampo, en la capital del estado.<\/p>\n<p>De acuerdo con los primeros reportes, el conductor del veh\u00edculo particular no respet\u00f3 la luz roja del sem\u00e1foro, lo que ocasion\u00f3 el impacto contra la unidad m\u00e9dica.<\/p>\n<p>Elementos de vialidad atendieron el percance para agilizar la circulaci\u00f3n, mientras se realizan los procedimientos correspondientes para el deslinde de responsabilidades.<\/p>\n<p style=\"text-align: center\"><strong>-0-<\/strong><\/p>\n<div class=\"su-image-carousel  su-image-carousel-has-spacing su-image-carousel-crop su-image-carousel-crop-21-9 su-image-carousel-has-outline su-image-carousel-adaptive su-image-carousel-slides-style-minimal su-image-carousel-controls-style-dark su-image-carousel-align-center\" style=\"\" data-flickity-options='{\"groupCells\":true,\"cellSelector\":\".su-image-carousel-item\",\"adaptiveHeight\":false,\"cellAlign\":\"left\",\"prevNextButtons\":true,\"pageDots\":true,\"autoPlay\":5000,\"imagesLoaded\":true,\"contain\":true,\"selectedAttraction\":0.025,\"friction\":0.28}' id=\"su_image_carousel_6a97db91d5373\"><div class=\"su-image-carousel-item\"><div class=\"su-image-carousel-item-content\"><img loading=\"lazy\" decoding=\"async\" width=\"791\" height=\"1024\" src=\"https:\/\/www.oaxaca.gob.mx\/comunicacion\/wp-content\/uploads\/sites\/28\/2026\/02\/4ee65224-4347-4fe2-9a75-b458e80d2847-791x1024.jpeg\" class=\"\" alt=\"\" srcset=\"https:\/\/www.oaxaca.gob.mx\/comunicacion\/wp-content\/uploads\/sites\/28\/2026\/02\/4ee65224-4347-4fe2-9a75-b458e80d2847-791x1024.jpeg 791w, https:\/\/www.oaxaca.gob.mx\/comunicacion\/wp-content\/uploads\/sites\/28\/2026\/02\/4ee65224-4347-4fe2-9a75-b458e80d2847-232x300.jpeg 232w, https:\/\/www.oaxaca.gob.mx\/comunicacion\/wp-content\/uploads\/sites\/28\/2026\/02\/4ee65224-4347-4fe2-9a75-b458e80d2847-768x994.jpeg 768w, https:\/\/www.oaxaca.gob.mx\/comunicacion\/wp-content\/uploads\/sites\/28\/2026\/02\/4ee65224-4347-4fe2-9a75-b458e80d2847-1187x1536.jpeg 1187w, https:\/\/www.oaxaca.gob.mx\/comunicacion\/wp-content\/uploads\/sites\/28\/2026\/02\/4ee65224-4347-4fe2-9a75-b458e80d2847.jpeg 1236w\" sizes=\"auto, (max-width: 791px) 100vw, 791px\" \/><\/div><\/div><\/div><script id=\"su_image_carousel_6a97db91d5373_script\">if(window.SUImageCarousel){setTimeout(function() {window.SUImageCarousel.initGallery(document.getElementById(\"su_image_carousel_6a97db91d5373\"))}, 0);}var su_image_carousel_6a97db91d5373_script=document.getElementById(\"su_image_carousel_6a97db91d5373_script\");if(su_image_carousel_6a97db91d5373_script){su_image_carousel_6a97db91d5373_script.parentNode.removeChild(su_image_carousel_6a97db91d5373_script);}<\/script>\n","protected":false},"excerpt":{"rendered":"<p>Servicios de Salud de Oaxaca (SSO) informa que no se reportan personas lesionadas, \u00fanicamente da\u00f1os materiales, tras el incidente vial registrado entre una ambulancia del Centro Regulador de Urgencias M\u00e9dicas (CRUM) y un veh\u00edculo particular en el cruce de las calles Crist\u00f3bal Col\u00f3n y Melchor Ocampo, en la capital del estado. De acuerdo con los [&hellip;]<\/p>\n","protected":false},"author":29,"featured_media":173665,"comment_status":"open","ping_status":"open","sticky":false,"template":"","format":"standard","meta":{"episode_type":"","audio_file":"","podmotor_file_id":"","podmotor_episode_id":"","cover_image":"","cover_image_id":"","duration":"","filesize":"","filesize_raw":"","date_recorded":"","explicit":"","block":"","itunes_episode_number":"","itunes_title":"","itunes_season_number":"","itunes_episode_type":"","footnotes":""},"categories":[8],"tags":[419],"class_list":["post-173663","post","type-post","status-publish","format-standard","has-post-thumbnail","hentry","category-noticias","tag-sso"],"acf":[],"publishpress_future_action":{"enabled":false,"date":"2026-09-09 02:17:21","action":"change-status","newStatus":"draft","terms":[],"taxonomy":"category","extraData":[]},"publishpress_future_workflow_manual_trigger":{"enabledWorkflows":[]},"_links":{"self":[{"href":"https:\/\/www.oaxaca.gob.mx\/comunicacion\/wp-json\/wp\/v2\/posts\/173663","targetHints":{"allow":["GET"]}}],"collection":[{"href":"https:\/\/www.oaxaca.gob.mx\/comunicacion\/wp-json\/wp\/v2\/posts"}],"about":[{"href":"https:\/\/www.oaxaca.gob.mx\/comunicacion\/wp-json\/wp\/v2\/types\/post"}],"author":[{"embeddable":true,"href":"https:\/\/www.oaxaca.gob.mx\/comunicacion\/wp-json\/wp\/v2\/users\/29"}],"replies":[{"embeddable":true,"href":"https:\/\/www.oaxaca.gob.mx\/comunicacion\/wp-json\/wp\/v2\/comments?post=173663"}],"version-history":[{"count":1,"href":"https:\/\/www.oaxaca.gob.mx\/comunicacion\/wp-json\/wp\/v2\/posts\/173663\/revisions"}],"predecessor-version":[{"id":173666,"href":"https:\/\/www.oaxaca.gob.mx\/comunicacion\/wp-json\/wp\/v2\/posts\/173663\/revisions\/173666"}],"wp:featuredmedia":[{"embeddable":true,"href":"https:\/\/www.oaxaca.gob.mx\/comunicacion\/wp-json\/wp\/v2\/media\/173665"}],"wp:attachment":[{"href":"https:\/\/www.oaxaca.gob.mx\/comunicacion\/wp-json\/wp\/v2\/media?parent=173663"}],"wp:term":[{"taxonomy":"category","embeddable":true,"href":"https:\/\/www.oaxaca.gob.mx\/comunicacion\/wp-json\/wp\/v2\/categories?post=173663"},{"taxonomy":"post_tag","embeddable":true,"href":"https:\/\/www.oaxaca.gob.mx\/comunicacion\/wp-json\/wp\/v2\/tags?post=173663"}],"curies":[{"name":"wp","href":"https:\/\/api.w.org\/{rel}","templated":true}]}}