{"id":173641,"date":"2026-02-17T18:47:28","date_gmt":"2026-02-18T00:47:28","guid":{"rendered":"https:\/\/www.oaxaca.gob.mx\/comunicacion\/?p=173641"},"modified":"2026-02-17T18:47:28","modified_gmt":"2026-02-18T00:47:28","slug":"reporta-sso-dos-casos-activos-de-sarampion-la-enfermedad-esta-controlada-en-todo-el-estado","status":"publish","type":"post","link":"https:\/\/www.oaxaca.gob.mx\/comunicacion\/reporta-sso-dos-casos-activos-de-sarampion-la-enfermedad-esta-controlada-en-todo-el-estado\/","title":{"rendered":"Reporta SSO dos casos activos de sarampi\u00f3n, la enfermedad est\u00e1 controlada en todo el estado"},"content":{"rendered":"<div class=\"su-heading su-heading-style-default su-heading-align-center\" id=\"\" style=\"font-size:13px;margin-bottom:20px\"><div class=\"su-heading-inner\">\u2022 Reitera la invitaci\u00f3n a la poblaci\u00f3n a aplicarse la vacuna, ya que es la forma m\u00e1s efectiva de prevenir este padecimiento<\/div><\/div>\n<p><strong>Oaxaca de Ju\u00e1rez, Oax. 17 de febrero de 2026.-<\/strong> El titular de Servicios de Salud de Oaxaca (SSO), Efr\u00e9n Emmanuel Jarqu\u00edn Gonz\u00e1lez inform\u00f3 que, al corte del 16 de febrero, se registran dos casos activos de sarampi\u00f3n en la entidad, los cuales se ubican en los municipios San Juan Bautista Cuicatl\u00e1n y Santa Mar\u00eda Colotepec pertenecientes a las regiones Sierra de Flores Mag\u00f3n y Costa, respectivamente.<\/p>\n<p>Indic\u00f3 que las personas pacientes en ambos casos se encuentran estables en sus domicilios, quienes se suman a los 11 registrados durante 2026, los cuales se atendieron oportunamente en las unidades m\u00e9dicas de esta instituci\u00f3n, sin presentar complicaci\u00f3n alguna.<\/p>\n<p>El funcionario estatal se\u00f1al\u00f3 que esta enfermedad est\u00e1 controlada en todo el estado, toda vez que Oaxaca se ubica en la posici\u00f3n n\u00famero 21 a nivel nacional de casos confirmados de sarampi\u00f3n, debido a la respuesta r\u00e1pida, actividades de cerco epidemiol\u00f3gico y jornadas de vacunaci\u00f3n realizadas.<\/p>\n<p>Reiter\u00f3 que en la entidad se dispone de vacunas en los centros de salud y unidades m\u00e9dicas, que incluye la Triple Viral (SRP), que protege contra sarampi\u00f3n, rub\u00e9ola y parotiditis y es aplicada a los 6, 12 y 18 meses de edad, con una dosis adicional a los 6 y 10 a\u00f1os en caso de tener un esquema incompleto.<\/p>\n<p>Tambi\u00e9n se cuenta con la Doble Viral (SR) para personas adultas, que protege contra sarampi\u00f3n y rub\u00e9ola. Para acceder a estas inyecciones, es importante que las y los interesados presenten la Cartilla Nacional de Salud para completar el esquema de vacunaci\u00f3n.<\/p>\n<p>&nbsp;<\/p>\n<p style=\"text-align: center\"><strong>-0-<\/strong><\/p>\n<div class=\"su-image-carousel  su-image-carousel-has-spacing su-image-carousel-crop su-image-carousel-crop-16-10 su-image-carousel-has-outline su-image-carousel-adaptive su-image-carousel-slides-style-minimal su-image-carousel-controls-style-dark su-image-carousel-align-center\" style=\"\" data-flickity-options='{\"groupCells\":true,\"cellSelector\":\".su-image-carousel-item\",\"adaptiveHeight\":false,\"cellAlign\":\"left\",\"prevNextButtons\":true,\"pageDots\":true,\"autoPlay\":5000,\"imagesLoaded\":true,\"contain\":true,\"selectedAttraction\":0.025,\"friction\":0.28}' id=\"su_image_carousel_6a97aa391d506\"><div class=\"su-image-carousel-item\"><div class=\"su-image-carousel-item-content\"><img loading=\"lazy\" decoding=\"async\" width=\"1024\" height=\"683\" src=\"https:\/\/www.oaxaca.gob.mx\/comunicacion\/wp-content\/uploads\/sites\/28\/2026\/02\/17FEB26-SSO-SARAMPION1-1024x683.jpeg\" class=\"\" alt=\"\" srcset=\"https:\/\/www.oaxaca.gob.mx\/comunicacion\/wp-content\/uploads\/sites\/28\/2026\/02\/17FEB26-SSO-SARAMPION1-1024x683.jpeg 1024w, https:\/\/www.oaxaca.gob.mx\/comunicacion\/wp-content\/uploads\/sites\/28\/2026\/02\/17FEB26-SSO-SARAMPION1-300x200.jpeg 300w, https:\/\/www.oaxaca.gob.mx\/comunicacion\/wp-content\/uploads\/sites\/28\/2026\/02\/17FEB26-SSO-SARAMPION1-768x512.jpeg 768w, https:\/\/www.oaxaca.gob.mx\/comunicacion\/wp-content\/uploads\/sites\/28\/2026\/02\/17FEB26-SSO-SARAMPION1.jpeg 1280w\" sizes=\"auto, (max-width: 1024px) 100vw, 1024px\" \/><\/div><\/div><div class=\"su-image-carousel-item\"><div class=\"su-image-carousel-item-content\"><img loading=\"lazy\" decoding=\"async\" width=\"1024\" height=\"835\" src=\"https:\/\/www.oaxaca.gob.mx\/comunicacion\/wp-content\/uploads\/sites\/28\/2026\/02\/17FEB26-SSO-SARAMPION2-1024x835.jpeg\" class=\"\" alt=\"\" srcset=\"https:\/\/www.oaxaca.gob.mx\/comunicacion\/wp-content\/uploads\/sites\/28\/2026\/02\/17FEB26-SSO-SARAMPION2-1024x835.jpeg 1024w, https:\/\/www.oaxaca.gob.mx\/comunicacion\/wp-content\/uploads\/sites\/28\/2026\/02\/17FEB26-SSO-SARAMPION2-300x245.jpeg 300w, https:\/\/www.oaxaca.gob.mx\/comunicacion\/wp-content\/uploads\/sites\/28\/2026\/02\/17FEB26-SSO-SARAMPION2-768x626.jpeg 768w, https:\/\/www.oaxaca.gob.mx\/comunicacion\/wp-content\/uploads\/sites\/28\/2026\/02\/17FEB26-SSO-SARAMPION2.jpeg 1280w\" sizes=\"auto, (max-width: 1024px) 100vw, 1024px\" \/><\/div><\/div><\/div><script id=\"su_image_carousel_6a97aa391d506_script\">if(window.SUImageCarousel){setTimeout(function() {window.SUImageCarousel.initGallery(document.getElementById(\"su_image_carousel_6a97aa391d506\"))}, 0);}var su_image_carousel_6a97aa391d506_script=document.getElementById(\"su_image_carousel_6a97aa391d506_script\");if(su_image_carousel_6a97aa391d506_script){su_image_carousel_6a97aa391d506_script.parentNode.removeChild(su_image_carousel_6a97aa391d506_script);}<\/script>\n","protected":false},"excerpt":{"rendered":"<p>Oaxaca de Ju\u00e1rez, Oax. 17 de febrero de 2026.- El titular de Servicios de Salud de Oaxaca (SSO), Efr\u00e9n Emmanuel Jarqu\u00edn Gonz\u00e1lez inform\u00f3 que, al corte del 16 de febrero, se registran dos casos activos de sarampi\u00f3n en la entidad, los cuales se ubican en los municipios San Juan Bautista Cuicatl\u00e1n y Santa Mar\u00eda Colotepec [&hellip;]<\/p>\n","protected":false},"author":29,"featured_media":173642,"comment_status":"open","ping_status":"open","sticky":false,"template":"","format":"standard","meta":{"episode_type":"","audio_file":"","podmotor_file_id":"","podmotor_episode_id":"","cover_image":"","cover_image_id":"","duration":"","filesize":"","filesize_raw":"","date_recorded":"","explicit":"","block":"","itunes_episode_number":"","itunes_title":"","itunes_season_number":"","itunes_episode_type":"","footnotes":""},"categories":[8],"tags":[419],"class_list":["post-173641","post","type-post","status-publish","format-standard","has-post-thumbnail","hentry","category-noticias","tag-sso"],"acf":[],"publishpress_future_action":{"enabled":false,"date":"2026-09-08 22:46:49","action":"change-status","newStatus":"draft","terms":[],"taxonomy":"category","extraData":[]},"publishpress_future_workflow_manual_trigger":{"enabledWorkflows":[]},"_links":{"self":[{"href":"https:\/\/www.oaxaca.gob.mx\/comunicacion\/wp-json\/wp\/v2\/posts\/173641","targetHints":{"allow":["GET"]}}],"collection":[{"href":"https:\/\/www.oaxaca.gob.mx\/comunicacion\/wp-json\/wp\/v2\/posts"}],"about":[{"href":"https:\/\/www.oaxaca.gob.mx\/comunicacion\/wp-json\/wp\/v2\/types\/post"}],"author":[{"embeddable":true,"href":"https:\/\/www.oaxaca.gob.mx\/comunicacion\/wp-json\/wp\/v2\/users\/29"}],"replies":[{"embeddable":true,"href":"https:\/\/www.oaxaca.gob.mx\/comunicacion\/wp-json\/wp\/v2\/comments?post=173641"}],"version-history":[{"count":1,"href":"https:\/\/www.oaxaca.gob.mx\/comunicacion\/wp-json\/wp\/v2\/posts\/173641\/revisions"}],"predecessor-version":[{"id":173644,"href":"https:\/\/www.oaxaca.gob.mx\/comunicacion\/wp-json\/wp\/v2\/posts\/173641\/revisions\/173644"}],"wp:featuredmedia":[{"embeddable":true,"href":"https:\/\/www.oaxaca.gob.mx\/comunicacion\/wp-json\/wp\/v2\/media\/173642"}],"wp:attachment":[{"href":"https:\/\/www.oaxaca.gob.mx\/comunicacion\/wp-json\/wp\/v2\/media?parent=173641"}],"wp:term":[{"taxonomy":"category","embeddable":true,"href":"https:\/\/www.oaxaca.gob.mx\/comunicacion\/wp-json\/wp\/v2\/categories?post=173641"},{"taxonomy":"post_tag","embeddable":true,"href":"https:\/\/www.oaxaca.gob.mx\/comunicacion\/wp-json\/wp\/v2\/tags?post=173641"}],"curies":[{"name":"wp","href":"https:\/\/api.w.org\/{rel}","templated":true}]}}