{"id":173635,"date":"2026-02-17T12:56:48","date_gmt":"2026-02-17T18:56:48","guid":{"rendered":"https:\/\/www.oaxaca.gob.mx\/comunicacion\/?p=173635"},"modified":"2026-02-17T12:56:48","modified_gmt":"2026-02-17T18:56:48","slug":"detiene-policia-vial-a-individuo-por-presunto-robo-de-celular-en-ciudad-capital","status":"publish","type":"post","link":"https:\/\/www.oaxaca.gob.mx\/comunicacion\/detiene-policia-vial-a-individuo-por-presunto-robo-de-celular-en-ciudad-capital\/","title":{"rendered":"Detiene Polic\u00eda Vial a individuo por presunto robo de celular en ciudad capital"},"content":{"rendered":"<div class=\"su-heading su-heading-style-default su-heading-align-center\" id=\"\" style=\"font-size:13px;margin-bottom:20px\"><div class=\"su-heading-inner\">La acci\u00f3n se realiz\u00f3 durante un patrullaje preventivo del programa Senderos Seguros<\/div><\/div>\n<p><strong>Oaxaca de Ju\u00e1rez, Oax. 17 de febrero de 2026.-<\/strong> Elementos de la Polic\u00eda Vial Estatal, adscritos al Grupo Ciclista Guupa Yo\u2019o, detuvieron a un hombre se\u00f1alado por presunto robo de un tel\u00e9fono celular en la calle de Valerio Trujano, en el Centro Hist\u00f3rico de la ciudad capital.<\/p>\n<p>La intervenci\u00f3n policial ocurri\u00f3 durante un recorrido de disuasi\u00f3n, seguridad y prevenci\u00f3n de accidentes, que se implementa como parte del programa Senderos Seguros.<\/p>\n<p>Luego de un aviso ciudadano, se asegur\u00f3 a una persona identificada con las iniciales M.H.L., de 40 a\u00f1os, quien presuntamente arrebat\u00f3 minutos antes un dispositivo m\u00f3vil.<\/p>\n<p>El individuo fue trasladado a las oficinas de la Direcci\u00f3n General de la Polic\u00eda Vial Estatal para realizar la consulta correspondiente en el Sistema Automatizado de Identificaci\u00f3n de Huellas Dactilares (AFIS, por sus siglas en ingl\u00e9s), y qued\u00f3 a disposici\u00f3n de la Fiscal\u00eda General del Estado de Oaxaca (FGEO) para determinar su situaci\u00f3n jur\u00eddica.<\/p>\n<p style=\"text-align: center\"><strong>-0-<\/strong><\/p>\n<div class=\"su-image-carousel  su-image-carousel-has-spacing su-image-carousel-crop su-image-carousel-crop-16-10 su-image-carousel-has-outline su-image-carousel-adaptive su-image-carousel-slides-style-minimal su-image-carousel-controls-style-dark su-image-carousel-align-center\" style=\"\" data-flickity-options='{\"groupCells\":true,\"cellSelector\":\".su-image-carousel-item\",\"adaptiveHeight\":false,\"cellAlign\":\"left\",\"prevNextButtons\":true,\"pageDots\":true,\"autoPlay\":5000,\"imagesLoaded\":true,\"contain\":true,\"selectedAttraction\":0.025,\"friction\":0.28}' id=\"su_image_carousel_6a97db927904a\"><div class=\"su-image-carousel-item\"><div class=\"su-image-carousel-item-content\"><img loading=\"lazy\" decoding=\"async\" width=\"800\" height=\"884\" src=\"https:\/\/www.oaxaca.gob.mx\/comunicacion\/wp-content\/uploads\/sites\/28\/2026\/02\/5b61f989-9099-4cbf-b4e2-f38d1dcdb7d5.jpeg\" class=\"\" alt=\"\" srcset=\"https:\/\/www.oaxaca.gob.mx\/comunicacion\/wp-content\/uploads\/sites\/28\/2026\/02\/5b61f989-9099-4cbf-b4e2-f38d1dcdb7d5.jpeg 800w, https:\/\/www.oaxaca.gob.mx\/comunicacion\/wp-content\/uploads\/sites\/28\/2026\/02\/5b61f989-9099-4cbf-b4e2-f38d1dcdb7d5-271x300.jpeg 271w, https:\/\/www.oaxaca.gob.mx\/comunicacion\/wp-content\/uploads\/sites\/28\/2026\/02\/5b61f989-9099-4cbf-b4e2-f38d1dcdb7d5-768x849.jpeg 768w\" sizes=\"auto, (max-width: 800px) 100vw, 800px\" \/><\/div><\/div><\/div><script id=\"su_image_carousel_6a97db927904a_script\">if(window.SUImageCarousel){setTimeout(function() {window.SUImageCarousel.initGallery(document.getElementById(\"su_image_carousel_6a97db927904a\"))}, 0);}var su_image_carousel_6a97db927904a_script=document.getElementById(\"su_image_carousel_6a97db927904a_script\");if(su_image_carousel_6a97db927904a_script){su_image_carousel_6a97db927904a_script.parentNode.removeChild(su_image_carousel_6a97db927904a_script);}<\/script>\n","protected":false},"excerpt":{"rendered":"<p>Oaxaca de Ju\u00e1rez, Oax. 17 de febrero de 2026.- Elementos de la Polic\u00eda Vial Estatal, adscritos al Grupo Ciclista Guupa Yo\u2019o, detuvieron a un hombre se\u00f1alado por presunto robo de un tel\u00e9fono celular en la calle de Valerio Trujano, en el Centro Hist\u00f3rico de la ciudad capital. La intervenci\u00f3n policial ocurri\u00f3 durante un recorrido de [&hellip;]<\/p>\n","protected":false},"author":29,"featured_media":173636,"comment_status":"open","ping_status":"open","sticky":false,"template":"","format":"standard","meta":{"episode_type":"","audio_file":"","podmotor_file_id":"","podmotor_episode_id":"","cover_image":"","cover_image_id":"","duration":"","filesize":"","filesize_raw":"","date_recorded":"","explicit":"","block":"","itunes_episode_number":"","itunes_title":"","itunes_season_number":"","itunes_episode_type":"","footnotes":""},"categories":[8],"tags":[1980],"class_list":["post-173635","post","type-post","status-publish","format-standard","has-post-thumbnail","hentry","category-noticias","tag-policia-vial-estatal"],"acf":[],"publishpress_future_action":{"enabled":false,"date":"2026-09-09 02:17:22","action":"change-status","newStatus":"draft","terms":[],"taxonomy":"category","extraData":[]},"publishpress_future_workflow_manual_trigger":{"enabledWorkflows":[]},"_links":{"self":[{"href":"https:\/\/www.oaxaca.gob.mx\/comunicacion\/wp-json\/wp\/v2\/posts\/173635","targetHints":{"allow":["GET"]}}],"collection":[{"href":"https:\/\/www.oaxaca.gob.mx\/comunicacion\/wp-json\/wp\/v2\/posts"}],"about":[{"href":"https:\/\/www.oaxaca.gob.mx\/comunicacion\/wp-json\/wp\/v2\/types\/post"}],"author":[{"embeddable":true,"href":"https:\/\/www.oaxaca.gob.mx\/comunicacion\/wp-json\/wp\/v2\/users\/29"}],"replies":[{"embeddable":true,"href":"https:\/\/www.oaxaca.gob.mx\/comunicacion\/wp-json\/wp\/v2\/comments?post=173635"}],"version-history":[{"count":1,"href":"https:\/\/www.oaxaca.gob.mx\/comunicacion\/wp-json\/wp\/v2\/posts\/173635\/revisions"}],"predecessor-version":[{"id":173637,"href":"https:\/\/www.oaxaca.gob.mx\/comunicacion\/wp-json\/wp\/v2\/posts\/173635\/revisions\/173637"}],"wp:featuredmedia":[{"embeddable":true,"href":"https:\/\/www.oaxaca.gob.mx\/comunicacion\/wp-json\/wp\/v2\/media\/173636"}],"wp:attachment":[{"href":"https:\/\/www.oaxaca.gob.mx\/comunicacion\/wp-json\/wp\/v2\/media?parent=173635"}],"wp:term":[{"taxonomy":"category","embeddable":true,"href":"https:\/\/www.oaxaca.gob.mx\/comunicacion\/wp-json\/wp\/v2\/categories?post=173635"},{"taxonomy":"post_tag","embeddable":true,"href":"https:\/\/www.oaxaca.gob.mx\/comunicacion\/wp-json\/wp\/v2\/tags?post=173635"}],"curies":[{"name":"wp","href":"https:\/\/api.w.org\/{rel}","templated":true}]}}