{"id":171335,"date":"2025-12-28T12:48:39","date_gmt":"2025-12-28T18:48:39","guid":{"rendered":"https:\/\/www.oaxaca.gob.mx\/comunicacion\/?p=171335"},"modified":"2025-12-28T12:48:39","modified_gmt":"2025-12-28T18:48:39","slug":"atiende-gobierno-de-oaxaca-descarrilamiento-de-tren-interoceanico","status":"publish","type":"post","link":"https:\/\/www.oaxaca.gob.mx\/comunicacion\/atiende-gobierno-de-oaxaca-descarrilamiento-de-tren-interoceanico\/","title":{"rendered":"Atiende Gobierno de Oaxaca descarrilamiento de Tren Interoce\u00e1nico"},"content":{"rendered":"<p>Las corporaciones de seguridad del Gobierno del Estado atienden el accidente ocurrido este domingo entre las poblaciones Ch\u00edvela y Nizanda, donde se registr\u00f3 el descarrilamiento del Tren Interoce\u00e1nico del Istmo de Tehuantepec.<\/p>\n<p>Al lugar se ha movilizado personal de la Coordinaci\u00f3n Estatal de Protecci\u00f3n Civil y Gesti\u00f3n de Riesgos (CEPCyGR), Polic\u00eda Vial Estatal, as\u00ed como ambulancias para brindar auxilio.<\/p>\n<p>De manera preliminar se reporta que este incidente se registr\u00f3 en el kil\u00f3metro Z-230+290, con direcci\u00f3n al municipio Mat\u00edas Romero Avenda\u00f1o.<\/p>\n<p>El Gobierno del Estado dar\u00e1 seguimiento puntual al desarrollo de los hechos y se informar\u00e1 oportunamente sobre el estado de las personas involucradas, conforme se cuente con informaci\u00f3n confirmada por las autoridades competentes.<\/p>\n<p>&nbsp;<\/p>\n<p style=\"text-align: center\"><strong>-0-<\/strong><\/p>\n","protected":false},"excerpt":{"rendered":"<p>Las corporaciones de seguridad del Gobierno del Estado atienden el accidente ocurrido este domingo entre las poblaciones Ch\u00edvela y Nizanda, donde se registr\u00f3 el descarrilamiento del Tren Interoce\u00e1nico del Istmo de Tehuantepec. Al lugar se ha movilizado personal de la Coordinaci\u00f3n Estatal de Protecci\u00f3n Civil y Gesti\u00f3n de Riesgos (CEPCyGR), Polic\u00eda Vial Estatal, as\u00ed como [&hellip;]<\/p>\n","protected":false},"author":29,"featured_media":171336,"comment_status":"open","ping_status":"open","sticky":false,"template":"","format":"standard","meta":{"episode_type":"","audio_file":"","podmotor_file_id":"","podmotor_episode_id":"","cover_image":"","cover_image_id":"","duration":"","filesize":"","filesize_raw":"","date_recorded":"","explicit":"","block":"","itunes_episode_number":"","itunes_title":"","itunes_season_number":"","itunes_episode_type":"","footnotes":""},"categories":[8],"tags":[744],"class_list":["post-171335","post","type-post","status-publish","format-standard","has-post-thumbnail","hentry","category-noticias","tag-cepcygr"],"acf":[],"publishpress_future_action":{"enabled":false,"date":"2026-05-07 17:21:15","action":"change-status","newStatus":"draft","terms":[],"taxonomy":"category","extraData":[]},"publishpress_future_workflow_manual_trigger":{"enabledWorkflows":[]},"_links":{"self":[{"href":"https:\/\/www.oaxaca.gob.mx\/comunicacion\/wp-json\/wp\/v2\/posts\/171335","targetHints":{"allow":["GET"]}}],"collection":[{"href":"https:\/\/www.oaxaca.gob.mx\/comunicacion\/wp-json\/wp\/v2\/posts"}],"about":[{"href":"https:\/\/www.oaxaca.gob.mx\/comunicacion\/wp-json\/wp\/v2\/types\/post"}],"author":[{"embeddable":true,"href":"https:\/\/www.oaxaca.gob.mx\/comunicacion\/wp-json\/wp\/v2\/users\/29"}],"replies":[{"embeddable":true,"href":"https:\/\/www.oaxaca.gob.mx\/comunicacion\/wp-json\/wp\/v2\/comments?post=171335"}],"version-history":[{"count":1,"href":"https:\/\/www.oaxaca.gob.mx\/comunicacion\/wp-json\/wp\/v2\/posts\/171335\/revisions"}],"predecessor-version":[{"id":171337,"href":"https:\/\/www.oaxaca.gob.mx\/comunicacion\/wp-json\/wp\/v2\/posts\/171335\/revisions\/171337"}],"wp:featuredmedia":[{"embeddable":true,"href":"https:\/\/www.oaxaca.gob.mx\/comunicacion\/wp-json\/wp\/v2\/media\/171336"}],"wp:attachment":[{"href":"https:\/\/www.oaxaca.gob.mx\/comunicacion\/wp-json\/wp\/v2\/media?parent=171335"}],"wp:term":[{"taxonomy":"category","embeddable":true,"href":"https:\/\/www.oaxaca.gob.mx\/comunicacion\/wp-json\/wp\/v2\/categories?post=171335"},{"taxonomy":"post_tag","embeddable":true,"href":"https:\/\/www.oaxaca.gob.mx\/comunicacion\/wp-json\/wp\/v2\/tags?post=171335"}],"curies":[{"name":"wp","href":"https:\/\/api.w.org\/{rel}","templated":true}]}}