{"id":170687,"date":"2025-12-15T19:55:32","date_gmt":"2025-12-16T01:55:32","guid":{"rendered":"https:\/\/www.oaxaca.gob.mx\/comunicacion\/?p=170687"},"modified":"2025-12-15T19:55:32","modified_gmt":"2025-12-16T01:55:32","slug":"atestigua-salomon-jara-la-puesta-de-quilla-de-la-patrulla-oceanica-clase-yucatan-opv-en-salina-cruz","status":"publish","type":"post","link":"https:\/\/www.oaxaca.gob.mx\/comunicacion\/atestigua-salomon-jara-la-puesta-de-quilla-de-la-patrulla-oceanica-clase-yucatan-opv-en-salina-cruz\/","title":{"rendered":"Atestigua Salom\u00f3n Jara la puesta de quilla de la patrulla oce\u00e1nica clase Yucat\u00e1n OPV en Salina Cruz"},"content":{"rendered":"<div class=\"su-heading su-heading-style-default su-heading-align-center\" id=\"\" style=\"font-size:13px;margin-bottom:20px\"><div class=\"su-heading-inner\">\u2022 El Mandatario estatal celebr\u00f3 este acto que permitir\u00e1 ampliar el alcance operativo de la Secretar\u00eda Marina y mejorar la vigilancia, as\u00ed como la respuesta a emergencias<\/div><\/div>\n<p><strong>Salina Cruz, Oax. 15 de diciembre de 2025.-<\/strong> El Gobernador Salom\u00f3n Jara Cruz atestigu\u00f3 la puesta de quilla con la que se da inicio a la construcci\u00f3n de la patrulla oce\u00e1nica clase Yucat\u00e1n OPV 2025, que fortalece la industria naval de M\u00e9xico y robustece la seguridad mar\u00edtima.<\/p>\n<p>Desde el Astillero de Marina (Astimar) n\u00famero 1 \u201cAlmirante Jos\u00e9 Luis Cubria Palma\u201d, del puerto de Salina Cruz; el Mandatario estatal celebr\u00f3 este acto, que forma parte del programa permanente de sustituci\u00f3n de buques de la Secretar\u00eda de Marina (Semar), con lo cual se ampl\u00eda el alcance operativo, mejora la vigilancia mar\u00edtima, optimiza la respuesta ante emergencias y refuerza la presencia naval en \u00e1reas de inter\u00e9s.<\/p>\n<p>En su oportunidad, el titular de la Semar, Raymundo Pedro Morales destac\u00f3 que esta nave es la primera de siete que se tienen programadas de esta clase para el Oc\u00e9ano Pac\u00edfico y Golfo de M\u00e9xico, y cuya construcci\u00f3n representa una industria naval autosuficiente para garantizar seguridad de las aguas del territorio nacional, con tecnolog\u00eda de \u00faltima generaci\u00f3n, procesos sustentables y dise\u00f1os de vanguardia.<\/p>\n<p>\u201cContar con unidades equipadas, funcionales y estrat\u00e9gicamente dise\u00f1adas hace posible ejercer plenamente el poder naval de la federaci\u00f3n y preservar el estado de derecho de los mares nacionales, gracias a la visi\u00f3n mar\u00edtima de la Comandanta Suprema de las Fuerzas Armadas Mexicanas, Claudia Sheinbaum Pardo\u201d, afirm\u00f3.<\/p>\n<p>Esta patrulla oce\u00e1nica tendr\u00e1 un desplazamiento de 1 mil 100 toneladas, velocidad m\u00e1xima de 30 nudos y velocidad de crucero de 11 nudos. Albergar\u00e1 una tripulaci\u00f3n 60 elementos, y m\u00e1s del 90 por ciento de la mano de obra la realizar\u00e1n habitantes del Istmo de Tehuantepec.<\/p>\n<p>\u201cLa nueva patrulla nace con un objetivo claro, desarrollar un buque de nueva generaci\u00f3n capaz de cumplir con eficiencia y eficacia la gran diversidad de visiones que los mares nacionales requieren de la Marina Armada de M\u00e9xico\u201d, expuso, el director del Astimar 1, Juan Jes\u00fas Gallardo Alvarado.<\/p>\n<p>La puesta de quilla representa el nacimiento de un buque, ya que se trata de un elemento estructural del cual depende la resistencia del resto de sus componentes, que ayuda a sortear tempestades y lleva a la tripulaci\u00f3n a buen puerto.<\/p>\n<p style=\"text-align: center\"><strong>-0-<\/strong><\/p>\n<div class=\"su-image-carousel  su-image-carousel-has-spacing su-image-carousel-crop su-image-carousel-crop-16-10 su-image-carousel-has-outline su-image-carousel-adaptive su-image-carousel-slides-style-default su-image-carousel-controls-style-dark su-image-carousel-align-center\" style=\"\" data-flickity-options='{\"groupCells\":true,\"cellSelector\":\".su-image-carousel-item\",\"adaptiveHeight\":false,\"cellAlign\":\"left\",\"prevNextButtons\":true,\"pageDots\":true,\"autoPlay\":5000,\"imagesLoaded\":true,\"contain\":true,\"selectedAttraction\":0.025,\"friction\":0.28}' id=\"su_image_carousel_69f4e17c91007\"><div class=\"su-image-carousel-item\"><div class=\"su-image-carousel-item-content\"><img loading=\"lazy\" decoding=\"async\" width=\"900\" height=\"599\" src=\"https:\/\/www.oaxaca.gob.mx\/comunicacion\/wp-content\/uploads\/sites\/28\/2025\/12\/15DIC25-gob-patrulla-oceanica-1.jpeg\" class=\"\" alt=\"\" srcset=\"https:\/\/www.oaxaca.gob.mx\/comunicacion\/wp-content\/uploads\/sites\/28\/2025\/12\/15DIC25-gob-patrulla-oceanica-1.jpeg 900w, https:\/\/www.oaxaca.gob.mx\/comunicacion\/wp-content\/uploads\/sites\/28\/2025\/12\/15DIC25-gob-patrulla-oceanica-1-300x200.jpeg 300w, https:\/\/www.oaxaca.gob.mx\/comunicacion\/wp-content\/uploads\/sites\/28\/2025\/12\/15DIC25-gob-patrulla-oceanica-1-768x511.jpeg 768w\" sizes=\"auto, (max-width: 900px) 100vw, 900px\" \/><\/div><\/div><div class=\"su-image-carousel-item\"><div class=\"su-image-carousel-item-content\"><img loading=\"lazy\" decoding=\"async\" width=\"900\" height=\"599\" src=\"https:\/\/www.oaxaca.gob.mx\/comunicacion\/wp-content\/uploads\/sites\/28\/2025\/12\/15DIC25-gob-patrulla-oceanica-2.jpeg\" class=\"\" alt=\"\" srcset=\"https:\/\/www.oaxaca.gob.mx\/comunicacion\/wp-content\/uploads\/sites\/28\/2025\/12\/15DIC25-gob-patrulla-oceanica-2.jpeg 900w, https:\/\/www.oaxaca.gob.mx\/comunicacion\/wp-content\/uploads\/sites\/28\/2025\/12\/15DIC25-gob-patrulla-oceanica-2-300x200.jpeg 300w, https:\/\/www.oaxaca.gob.mx\/comunicacion\/wp-content\/uploads\/sites\/28\/2025\/12\/15DIC25-gob-patrulla-oceanica-2-768x511.jpeg 768w\" sizes=\"auto, (max-width: 900px) 100vw, 900px\" \/><\/div><\/div><div class=\"su-image-carousel-item\"><div class=\"su-image-carousel-item-content\"><img loading=\"lazy\" decoding=\"async\" width=\"900\" height=\"599\" src=\"https:\/\/www.oaxaca.gob.mx\/comunicacion\/wp-content\/uploads\/sites\/28\/2025\/12\/15DIC25-gob-patrulla-oceanica-3.jpeg\" class=\"\" alt=\"\" srcset=\"https:\/\/www.oaxaca.gob.mx\/comunicacion\/wp-content\/uploads\/sites\/28\/2025\/12\/15DIC25-gob-patrulla-oceanica-3.jpeg 900w, https:\/\/www.oaxaca.gob.mx\/comunicacion\/wp-content\/uploads\/sites\/28\/2025\/12\/15DIC25-gob-patrulla-oceanica-3-300x200.jpeg 300w, https:\/\/www.oaxaca.gob.mx\/comunicacion\/wp-content\/uploads\/sites\/28\/2025\/12\/15DIC25-gob-patrulla-oceanica-3-768x511.jpeg 768w\" sizes=\"auto, (max-width: 900px) 100vw, 900px\" \/><\/div><\/div><div class=\"su-image-carousel-item\"><div class=\"su-image-carousel-item-content\"><img loading=\"lazy\" decoding=\"async\" width=\"1024\" height=\"682\" src=\"https:\/\/www.oaxaca.gob.mx\/comunicacion\/wp-content\/uploads\/sites\/28\/2025\/12\/15DIC25-gob-patrulla-oceanica-4-1024x682.jpeg\" class=\"\" alt=\"\" srcset=\"https:\/\/www.oaxaca.gob.mx\/comunicacion\/wp-content\/uploads\/sites\/28\/2025\/12\/15DIC25-gob-patrulla-oceanica-4-1024x682.jpeg 1024w, https:\/\/www.oaxaca.gob.mx\/comunicacion\/wp-content\/uploads\/sites\/28\/2025\/12\/15DIC25-gob-patrulla-oceanica-4-300x200.jpeg 300w, https:\/\/www.oaxaca.gob.mx\/comunicacion\/wp-content\/uploads\/sites\/28\/2025\/12\/15DIC25-gob-patrulla-oceanica-4-768x511.jpeg 768w, https:\/\/www.oaxaca.gob.mx\/comunicacion\/wp-content\/uploads\/sites\/28\/2025\/12\/15DIC25-gob-patrulla-oceanica-4.jpeg 1280w\" sizes=\"auto, (max-width: 1024px) 100vw, 1024px\" \/><\/div><\/div><\/div><script id=\"su_image_carousel_69f4e17c91007_script\">if(window.SUImageCarousel){setTimeout(function() {window.SUImageCarousel.initGallery(document.getElementById(\"su_image_carousel_69f4e17c91007\"))}, 0);}var su_image_carousel_69f4e17c91007_script=document.getElementById(\"su_image_carousel_69f4e17c91007_script\");if(su_image_carousel_69f4e17c91007_script){su_image_carousel_69f4e17c91007_script.parentNode.removeChild(su_image_carousel_69f4e17c91007_script);}<\/script>\n","protected":false},"excerpt":{"rendered":"<p>Salina Cruz, Oax. 15 de diciembre de 2025.- El Gobernador Salom\u00f3n Jara Cruz atestigu\u00f3 la puesta de quilla con la que se da inicio a la construcci\u00f3n de la patrulla oce\u00e1nica clase Yucat\u00e1n OPV 2025, que fortalece la industria naval de M\u00e9xico y robustece la seguridad mar\u00edtima. Desde el Astillero de Marina (Astimar) n\u00famero 1 [&hellip;]<\/p>\n","protected":false},"author":29,"featured_media":170688,"comment_status":"open","ping_status":"open","sticky":false,"template":"","format":"standard","meta":{"episode_type":"","audio_file":"","podmotor_file_id":"","podmotor_episode_id":"","cover_image":"","cover_image_id":"","duration":"","filesize":"","filesize_raw":"","date_recorded":"","explicit":"","block":"","itunes_episode_number":"","itunes_title":"","itunes_season_number":"","itunes_episode_type":"","footnotes":""},"categories":[7],"tags":[],"class_list":["post-170687","post","type-post","status-publish","format-standard","has-post-thumbnail","hentry","category-slide"],"acf":[],"publishpress_future_action":{"enabled":false,"date":"2026-05-08 11:23:08","action":"change-status","newStatus":"draft","terms":[],"taxonomy":"category","extraData":[]},"publishpress_future_workflow_manual_trigger":{"enabledWorkflows":[]},"_links":{"self":[{"href":"https:\/\/www.oaxaca.gob.mx\/comunicacion\/wp-json\/wp\/v2\/posts\/170687","targetHints":{"allow":["GET"]}}],"collection":[{"href":"https:\/\/www.oaxaca.gob.mx\/comunicacion\/wp-json\/wp\/v2\/posts"}],"about":[{"href":"https:\/\/www.oaxaca.gob.mx\/comunicacion\/wp-json\/wp\/v2\/types\/post"}],"author":[{"embeddable":true,"href":"https:\/\/www.oaxaca.gob.mx\/comunicacion\/wp-json\/wp\/v2\/users\/29"}],"replies":[{"embeddable":true,"href":"https:\/\/www.oaxaca.gob.mx\/comunicacion\/wp-json\/wp\/v2\/comments?post=170687"}],"version-history":[{"count":1,"href":"https:\/\/www.oaxaca.gob.mx\/comunicacion\/wp-json\/wp\/v2\/posts\/170687\/revisions"}],"predecessor-version":[{"id":170692,"href":"https:\/\/www.oaxaca.gob.mx\/comunicacion\/wp-json\/wp\/v2\/posts\/170687\/revisions\/170692"}],"wp:featuredmedia":[{"embeddable":true,"href":"https:\/\/www.oaxaca.gob.mx\/comunicacion\/wp-json\/wp\/v2\/media\/170688"}],"wp:attachment":[{"href":"https:\/\/www.oaxaca.gob.mx\/comunicacion\/wp-json\/wp\/v2\/media?parent=170687"}],"wp:term":[{"taxonomy":"category","embeddable":true,"href":"https:\/\/www.oaxaca.gob.mx\/comunicacion\/wp-json\/wp\/v2\/categories?post=170687"},{"taxonomy":"post_tag","embeddable":true,"href":"https:\/\/www.oaxaca.gob.mx\/comunicacion\/wp-json\/wp\/v2\/tags?post=170687"}],"curies":[{"name":"wp","href":"https:\/\/api.w.org\/{rel}","templated":true}]}}