{"id":170515,"date":"2025-12-11T19:50:24","date_gmt":"2025-12-12T01:50:24","guid":{"rendered":"https:\/\/www.oaxaca.gob.mx\/comunicacion\/?p=170515"},"modified":"2025-12-11T19:50:24","modified_gmt":"2025-12-12T01:50:24","slug":"reporta-sspc-mas-de-900-aseguramientos-en-el-estado-del-3-al-8-de-diciembre","status":"publish","type":"post","link":"https:\/\/www.oaxaca.gob.mx\/comunicacion\/reporta-sspc-mas-de-900-aseguramientos-en-el-estado-del-3-al-8-de-diciembre\/","title":{"rendered":"Reporta SSPC m\u00e1s de 900 aseguramientos en el estado del 3 al 8 de diciembre"},"content":{"rendered":"<p>&nbsp;<\/p>\n<div class=\"su-heading su-heading-style-default su-heading-align-center\" id=\"\" style=\"font-size:13px;margin-bottom:20px\"><div class=\"su-heading-inner\">\u2022 Estas acciones forman parte del programa Oaxaca Segura y de los operativos Sable, Sellamiento, Cero Tolerancia, Muralla y Cazador<\/div><\/div>\n<p><strong>Oaxaca de Ju\u00e1rez, Oax. 11 de diciembre de 2025.-<\/strong> La Secretar\u00eda de Seguridad y Protecci\u00f3n Ciudadana (SSPC) realiz\u00f3 m\u00e1s de 900 aseguramientos en la entidad, del 3 al 8 de diciembre, a fin de mantener el orden y la tranquilidad en todo el territorio.<\/p>\n<p>Como parte del programa Oaxaca Segura y de los operativos Sable, Sellamiento, Cero Tolerancia, Muralla y Cazador; se efectuaron un total de 484 acciones estrat\u00e9gicas consistentes en 237 dispositivos y 247 recorridos de seguridad y vigilancia.<\/p>\n<p>De esta manera, se aseguraron: 80 personas por la presunci\u00f3n de delitos del fuero federal, fuero com\u00fan y faltas administrativas; 161 veh\u00edculos de los cuales, 16 contaban con reporte de robo; seis armas de fuego y 44 municiones; 639 dosis de presuntas drogas; 500 gramos de aparente marihuana, una bolsa de presunto cristal y 33 mil 450 pesos en efectivo.<\/p>\n<p style=\"text-align: center\"><strong>-0-<\/strong><\/p>\n<div class=\"su-image-carousel  su-image-carousel-has-spacing su-image-carousel-crop su-image-carousel-crop-16-10 su-image-carousel-has-outline su-image-carousel-adaptive su-image-carousel-slides-style-default su-image-carousel-controls-style-dark su-image-carousel-align-center\" style=\"\" data-flickity-options='{\"groupCells\":true,\"cellSelector\":\".su-image-carousel-item\",\"adaptiveHeight\":false,\"cellAlign\":\"left\",\"prevNextButtons\":true,\"pageDots\":true,\"autoPlay\":5000,\"imagesLoaded\":true,\"contain\":true,\"selectedAttraction\":0.025,\"friction\":0.28}' id=\"su_image_carousel_6a9d403a7781c\"><div class=\"su-image-carousel-item\"><div class=\"su-image-carousel-item-content\"><img loading=\"lazy\" decoding=\"async\" width=\"1024\" height=\"461\" src=\"https:\/\/www.oaxaca.gob.mx\/comunicacion\/wp-content\/uploads\/sites\/28\/2025\/12\/11DIC25-SSPC-ASEGURAMIENTO-1-1024x461.jpeg\" class=\"\" alt=\"\" srcset=\"https:\/\/www.oaxaca.gob.mx\/comunicacion\/wp-content\/uploads\/sites\/28\/2025\/12\/11DIC25-SSPC-ASEGURAMIENTO-1-1024x461.jpeg 1024w, https:\/\/www.oaxaca.gob.mx\/comunicacion\/wp-content\/uploads\/sites\/28\/2025\/12\/11DIC25-SSPC-ASEGURAMIENTO-1-300x135.jpeg 300w, https:\/\/www.oaxaca.gob.mx\/comunicacion\/wp-content\/uploads\/sites\/28\/2025\/12\/11DIC25-SSPC-ASEGURAMIENTO-1-768x346.jpeg 768w, https:\/\/www.oaxaca.gob.mx\/comunicacion\/wp-content\/uploads\/sites\/28\/2025\/12\/11DIC25-SSPC-ASEGURAMIENTO-1.jpeg 1280w\" sizes=\"auto, (max-width: 1024px) 100vw, 1024px\" \/><\/div><\/div><div class=\"su-image-carousel-item\"><div class=\"su-image-carousel-item-content\"><img loading=\"lazy\" decoding=\"async\" width=\"1024\" height=\"780\" src=\"https:\/\/www.oaxaca.gob.mx\/comunicacion\/wp-content\/uploads\/sites\/28\/2025\/12\/11DIC25-SSPC-ASEGURAMIENTO-2-1024x780.jpeg\" class=\"\" alt=\"\" srcset=\"https:\/\/www.oaxaca.gob.mx\/comunicacion\/wp-content\/uploads\/sites\/28\/2025\/12\/11DIC25-SSPC-ASEGURAMIENTO-2-1024x780.jpeg 1024w, https:\/\/www.oaxaca.gob.mx\/comunicacion\/wp-content\/uploads\/sites\/28\/2025\/12\/11DIC25-SSPC-ASEGURAMIENTO-2-300x229.jpeg 300w, https:\/\/www.oaxaca.gob.mx\/comunicacion\/wp-content\/uploads\/sites\/28\/2025\/12\/11DIC25-SSPC-ASEGURAMIENTO-2-768x585.jpeg 768w, https:\/\/www.oaxaca.gob.mx\/comunicacion\/wp-content\/uploads\/sites\/28\/2025\/12\/11DIC25-SSPC-ASEGURAMIENTO-2.jpeg 1280w\" sizes=\"auto, (max-width: 1024px) 100vw, 1024px\" \/><\/div><\/div><div class=\"su-image-carousel-item\"><div class=\"su-image-carousel-item-content\"><img loading=\"lazy\" decoding=\"async\" width=\"800\" height=\"449\" src=\"https:\/\/www.oaxaca.gob.mx\/comunicacion\/wp-content\/uploads\/sites\/28\/2025\/12\/11DIC25-SSPC-ASEGURAMIENTO-3.jpeg\" class=\"\" alt=\"\" srcset=\"https:\/\/www.oaxaca.gob.mx\/comunicacion\/wp-content\/uploads\/sites\/28\/2025\/12\/11DIC25-SSPC-ASEGURAMIENTO-3.jpeg 800w, https:\/\/www.oaxaca.gob.mx\/comunicacion\/wp-content\/uploads\/sites\/28\/2025\/12\/11DIC25-SSPC-ASEGURAMIENTO-3-300x168.jpeg 300w, https:\/\/www.oaxaca.gob.mx\/comunicacion\/wp-content\/uploads\/sites\/28\/2025\/12\/11DIC25-SSPC-ASEGURAMIENTO-3-768x431.jpeg 768w\" sizes=\"auto, (max-width: 800px) 100vw, 800px\" \/><\/div><\/div><\/div><script id=\"su_image_carousel_6a9d403a7781c_script\">if(window.SUImageCarousel){setTimeout(function() {window.SUImageCarousel.initGallery(document.getElementById(\"su_image_carousel_6a9d403a7781c\"))}, 0);}var su_image_carousel_6a9d403a7781c_script=document.getElementById(\"su_image_carousel_6a9d403a7781c_script\");if(su_image_carousel_6a9d403a7781c_script){su_image_carousel_6a9d403a7781c_script.parentNode.removeChild(su_image_carousel_6a9d403a7781c_script);}<\/script>\n","protected":false},"excerpt":{"rendered":"<p>&nbsp; Oaxaca de Ju\u00e1rez, Oax. 11 de diciembre de 2025.- La Secretar\u00eda de Seguridad y Protecci\u00f3n Ciudadana (SSPC) realiz\u00f3 m\u00e1s de 900 aseguramientos en la entidad, del 3 al 8 de diciembre, a fin de mantener el orden y la tranquilidad en todo el territorio. Como parte del programa Oaxaca Segura y de los operativos [&hellip;]<\/p>\n","protected":false},"author":29,"featured_media":170518,"comment_status":"open","ping_status":"open","sticky":false,"template":"","format":"standard","meta":{"episode_type":"","audio_file":"","podmotor_file_id":"","podmotor_episode_id":"","cover_image":"","cover_image_id":"","duration":"","filesize":"","filesize_raw":"","date_recorded":"","explicit":"","block":"","itunes_episode_number":"","itunes_title":"","itunes_season_number":"","itunes_episode_type":"","footnotes":""},"categories":[8],"tags":[559],"class_list":["post-170515","post","type-post","status-publish","format-standard","has-post-thumbnail","hentry","category-noticias","tag-sspc"],"acf":[],"publishpress_future_action":{"enabled":false,"date":"2026-09-13 04:28:10","action":"change-status","newStatus":"draft","terms":[],"taxonomy":"category","extraData":[]},"publishpress_future_workflow_manual_trigger":{"enabledWorkflows":[]},"_links":{"self":[{"href":"https:\/\/www.oaxaca.gob.mx\/comunicacion\/wp-json\/wp\/v2\/posts\/170515","targetHints":{"allow":["GET"]}}],"collection":[{"href":"https:\/\/www.oaxaca.gob.mx\/comunicacion\/wp-json\/wp\/v2\/posts"}],"about":[{"href":"https:\/\/www.oaxaca.gob.mx\/comunicacion\/wp-json\/wp\/v2\/types\/post"}],"author":[{"embeddable":true,"href":"https:\/\/www.oaxaca.gob.mx\/comunicacion\/wp-json\/wp\/v2\/users\/29"}],"replies":[{"embeddable":true,"href":"https:\/\/www.oaxaca.gob.mx\/comunicacion\/wp-json\/wp\/v2\/comments?post=170515"}],"version-history":[{"count":1,"href":"https:\/\/www.oaxaca.gob.mx\/comunicacion\/wp-json\/wp\/v2\/posts\/170515\/revisions"}],"predecessor-version":[{"id":170519,"href":"https:\/\/www.oaxaca.gob.mx\/comunicacion\/wp-json\/wp\/v2\/posts\/170515\/revisions\/170519"}],"wp:featuredmedia":[{"embeddable":true,"href":"https:\/\/www.oaxaca.gob.mx\/comunicacion\/wp-json\/wp\/v2\/media\/170518"}],"wp:attachment":[{"href":"https:\/\/www.oaxaca.gob.mx\/comunicacion\/wp-json\/wp\/v2\/media?parent=170515"}],"wp:term":[{"taxonomy":"category","embeddable":true,"href":"https:\/\/www.oaxaca.gob.mx\/comunicacion\/wp-json\/wp\/v2\/categories?post=170515"},{"taxonomy":"post_tag","embeddable":true,"href":"https:\/\/www.oaxaca.gob.mx\/comunicacion\/wp-json\/wp\/v2\/tags?post=170515"}],"curies":[{"name":"wp","href":"https:\/\/api.w.org\/{rel}","templated":true}]}}