{"id":170504,"date":"2025-12-11T15:09:10","date_gmt":"2025-12-11T21:09:10","guid":{"rendered":"https:\/\/www.oaxaca.gob.mx\/comunicacion\/?p=170504"},"modified":"2025-12-11T15:09:10","modified_gmt":"2025-12-11T21:09:10","slug":"concluye-sebienti-actividades-del-programa-territorio-y-jornadas-cayapadu-lii-2025-en-valles-centrales","status":"publish","type":"post","link":"https:\/\/www.oaxaca.gob.mx\/comunicacion\/concluye-sebienti-actividades-del-programa-territorio-y-jornadas-cayapadu-lii-2025-en-valles-centrales\/","title":{"rendered":"Concluye Sebienti actividades del programa Territorio y Jornadas Cayapadu Lii 2025 en Valles Centrales"},"content":{"rendered":"<div class=\"su-heading su-heading-style-default su-heading-align-center\" id=\"\" style=\"font-size:13px;margin-bottom:20px\"><div class=\"su-heading-inner\">Se otorgaron 574 apoyos directos y se articularon acciones orientadas a fortalecer la pacificaci\u00f3n y bienestar en zonas prioritarias de Santa Mar\u00eda Atzompa<\/div><\/div>\n<p><strong>Santa Mar\u00eda Atzompa, Oax. 11 de diciembre de 2025.-<\/strong> Como parte del cierre del programa Territorios y Jornadas Cayapadu Lii 2025 en Valles Centrales, la Secretar\u00eda de Bienestar Tequio e Inclusi\u00f3n (Sebienti) entreg\u00f3 574 apoyos directos a la poblaci\u00f3n de Santa Mar\u00eda Atzompa.<\/p>\n<p>La titular de la dependencia, Vilma Mart\u00ednez Cort\u00e9s inform\u00f3 que se efectuaron: 22 certificados de estudios, 312 Tarjetas Farmacia Bienestar, 60 aparatos de movilidad y 180 tarjetas Margarita Maza; en trabajo coordinado con el Instituto Estatal de Educaci\u00f3n P\u00fablica de Oaxaca (IEEPO) y la Beneficencia P\u00fablica del Estado de Oaxaca, entre otras dependencias.<\/p>\n<div class=\"su-quote su-quote-style-default\"><div class=\"su-quote-inner su-u-clearfix su-u-trim\">\u201cHoy cerramos con hechos contundentes las Jornadas Cayapadu Lii en Santa Mar\u00eda Atzompa, una estrategia que demuestra que la paz verdadera se construye desde la ra\u00edz, atendiendo las causas y no solo los efectos\u201d, expres\u00f3.<\/div><\/div>\n<p>En este marco tambi\u00e9n se articularon acciones orientadas a fortalecer la pacificaci\u00f3n y bienestar social en zonas prioritarias de la demarcaci\u00f3n.<\/p>\n<p style=\"text-align: center\"><strong>-0-<\/strong><\/p>\n<div class=\"su-image-carousel  su-image-carousel-has-spacing su-image-carousel-crop su-image-carousel-crop-16-10 su-image-carousel-has-outline su-image-carousel-adaptive su-image-carousel-slides-style-default su-image-carousel-controls-style-dark su-image-carousel-align-center\" style=\"\" data-flickity-options='{\"groupCells\":true,\"cellSelector\":\".su-image-carousel-item\",\"adaptiveHeight\":false,\"cellAlign\":\"left\",\"prevNextButtons\":true,\"pageDots\":true,\"autoPlay\":5000,\"imagesLoaded\":true,\"contain\":true,\"selectedAttraction\":0.025,\"friction\":0.28}' id=\"su_image_carousel_6a9d3fec1d132\"><div class=\"su-image-carousel-item\"><div class=\"su-image-carousel-item-content\"><img loading=\"lazy\" decoding=\"async\" width=\"720\" height=\"480\" src=\"https:\/\/www.oaxaca.gob.mx\/comunicacion\/wp-content\/uploads\/sites\/28\/2025\/12\/ea73f57c-5bd1-4da9-b4a2-d3c213014d7a.jpeg\" class=\"\" alt=\"\" srcset=\"https:\/\/www.oaxaca.gob.mx\/comunicacion\/wp-content\/uploads\/sites\/28\/2025\/12\/ea73f57c-5bd1-4da9-b4a2-d3c213014d7a.jpeg 720w, https:\/\/www.oaxaca.gob.mx\/comunicacion\/wp-content\/uploads\/sites\/28\/2025\/12\/ea73f57c-5bd1-4da9-b4a2-d3c213014d7a-300x200.jpeg 300w\" sizes=\"auto, (max-width: 720px) 100vw, 720px\" \/><\/div><\/div><div class=\"su-image-carousel-item\"><div class=\"su-image-carousel-item-content\"><img loading=\"lazy\" decoding=\"async\" width=\"720\" height=\"404\" src=\"https:\/\/www.oaxaca.gob.mx\/comunicacion\/wp-content\/uploads\/sites\/28\/2025\/12\/b0d2f8ec-ed7f-404e-b57a-5185c59833eb.jpeg\" class=\"\" alt=\"\" srcset=\"https:\/\/www.oaxaca.gob.mx\/comunicacion\/wp-content\/uploads\/sites\/28\/2025\/12\/b0d2f8ec-ed7f-404e-b57a-5185c59833eb.jpeg 720w, https:\/\/www.oaxaca.gob.mx\/comunicacion\/wp-content\/uploads\/sites\/28\/2025\/12\/b0d2f8ec-ed7f-404e-b57a-5185c59833eb-300x168.jpeg 300w\" sizes=\"auto, (max-width: 720px) 100vw, 720px\" \/><\/div><\/div><div class=\"su-image-carousel-item\"><div class=\"su-image-carousel-item-content\"><img loading=\"lazy\" decoding=\"async\" width=\"720\" height=\"404\" src=\"https:\/\/www.oaxaca.gob.mx\/comunicacion\/wp-content\/uploads\/sites\/28\/2025\/12\/27741fe1-56fd-4b9e-ab57-e4dac29d7ac9.jpeg\" class=\"\" alt=\"\" srcset=\"https:\/\/www.oaxaca.gob.mx\/comunicacion\/wp-content\/uploads\/sites\/28\/2025\/12\/27741fe1-56fd-4b9e-ab57-e4dac29d7ac9.jpeg 720w, https:\/\/www.oaxaca.gob.mx\/comunicacion\/wp-content\/uploads\/sites\/28\/2025\/12\/27741fe1-56fd-4b9e-ab57-e4dac29d7ac9-300x168.jpeg 300w\" sizes=\"auto, (max-width: 720px) 100vw, 720px\" \/><\/div><\/div><\/div><script id=\"su_image_carousel_6a9d3fec1d132_script\">if(window.SUImageCarousel){setTimeout(function() {window.SUImageCarousel.initGallery(document.getElementById(\"su_image_carousel_6a9d3fec1d132\"))}, 0);}var su_image_carousel_6a9d3fec1d132_script=document.getElementById(\"su_image_carousel_6a9d3fec1d132_script\");if(su_image_carousel_6a9d3fec1d132_script){su_image_carousel_6a9d3fec1d132_script.parentNode.removeChild(su_image_carousel_6a9d3fec1d132_script);}<\/script>\n","protected":false},"excerpt":{"rendered":"<p>Santa Mar\u00eda Atzompa, Oax. 11 de diciembre de 2025.- Como parte del cierre del programa Territorios y Jornadas Cayapadu Lii 2025 en Valles Centrales, la Secretar\u00eda de Bienestar Tequio e Inclusi\u00f3n (Sebienti) entreg\u00f3 574 apoyos directos a la poblaci\u00f3n de Santa Mar\u00eda Atzompa. La titular de la dependencia, Vilma Mart\u00ednez Cort\u00e9s inform\u00f3 que se efectuaron: [&hellip;]<\/p>\n","protected":false},"author":29,"featured_media":170505,"comment_status":"open","ping_status":"open","sticky":false,"template":"","format":"standard","meta":{"episode_type":"","audio_file":"","podmotor_file_id":"","podmotor_episode_id":"","cover_image":"","cover_image_id":"","duration":"","filesize":"","filesize_raw":"","date_recorded":"","explicit":"","block":"","itunes_episode_number":"","itunes_title":"","itunes_season_number":"","itunes_episode_type":"","footnotes":""},"categories":[8],"tags":[576],"class_list":["post-170504","post","type-post","status-publish","format-standard","has-post-thumbnail","hentry","category-noticias","tag-sebienti"],"acf":[],"publishpress_future_action":{"enabled":false,"date":"2026-09-13 04:26:52","action":"change-status","newStatus":"draft","terms":[],"taxonomy":"category","extraData":[]},"publishpress_future_workflow_manual_trigger":{"enabledWorkflows":[]},"_links":{"self":[{"href":"https:\/\/www.oaxaca.gob.mx\/comunicacion\/wp-json\/wp\/v2\/posts\/170504","targetHints":{"allow":["GET"]}}],"collection":[{"href":"https:\/\/www.oaxaca.gob.mx\/comunicacion\/wp-json\/wp\/v2\/posts"}],"about":[{"href":"https:\/\/www.oaxaca.gob.mx\/comunicacion\/wp-json\/wp\/v2\/types\/post"}],"author":[{"embeddable":true,"href":"https:\/\/www.oaxaca.gob.mx\/comunicacion\/wp-json\/wp\/v2\/users\/29"}],"replies":[{"embeddable":true,"href":"https:\/\/www.oaxaca.gob.mx\/comunicacion\/wp-json\/wp\/v2\/comments?post=170504"}],"version-history":[{"count":1,"href":"https:\/\/www.oaxaca.gob.mx\/comunicacion\/wp-json\/wp\/v2\/posts\/170504\/revisions"}],"predecessor-version":[{"id":170508,"href":"https:\/\/www.oaxaca.gob.mx\/comunicacion\/wp-json\/wp\/v2\/posts\/170504\/revisions\/170508"}],"wp:featuredmedia":[{"embeddable":true,"href":"https:\/\/www.oaxaca.gob.mx\/comunicacion\/wp-json\/wp\/v2\/media\/170505"}],"wp:attachment":[{"href":"https:\/\/www.oaxaca.gob.mx\/comunicacion\/wp-json\/wp\/v2\/media?parent=170504"}],"wp:term":[{"taxonomy":"category","embeddable":true,"href":"https:\/\/www.oaxaca.gob.mx\/comunicacion\/wp-json\/wp\/v2\/categories?post=170504"},{"taxonomy":"post_tag","embeddable":true,"href":"https:\/\/www.oaxaca.gob.mx\/comunicacion\/wp-json\/wp\/v2\/tags?post=170504"}],"curies":[{"name":"wp","href":"https:\/\/api.w.org\/{rel}","templated":true}]}}