{"id":170444,"date":"2025-12-10T12:35:32","date_gmt":"2025-12-10T18:35:32","guid":{"rendered":"https:\/\/www.oaxaca.gob.mx\/comunicacion\/?p=170444"},"modified":"2025-12-10T12:35:32","modified_gmt":"2025-12-10T18:35:32","slug":"reporta-proteccion-civil-circulacion-intermitente-de-la-carretera-cuacnopalan-oaxaca","status":"publish","type":"post","link":"https:\/\/www.oaxaca.gob.mx\/comunicacion\/reporta-proteccion-civil-circulacion-intermitente-de-la-carretera-cuacnopalan-oaxaca\/","title":{"rendered":"Reporta Protecci\u00f3n Civil circulaci\u00f3n intermitente de la carretera Cuacnopalan\u2013Oaxaca"},"content":{"rendered":"<div class=\"su-heading su-heading-style-default su-heading-align-center\" id=\"\" style=\"font-size:13px;margin-bottom:20px\"><div class=\"su-heading-inner\">Se prev\u00e9 que los trabajos de mantenimiento contin\u00faen hasta las 17:00 horas<\/div><\/div>\n<p><strong>Oaxaca de Ju\u00e1rez, Oax. 10 de diciembre de 2025.<\/strong> La Coordinaci\u00f3n Estatal de Protecci\u00f3n Civil y Gesti\u00f3n de Riesgos (CEPCyGR) reporta circulaci\u00f3n intermitente, en periodos aproximados de 10 minutos, en el tramo comprendido del kil\u00f3metro (km) 177+600 al km 178+100 de la carretera Cuacnopalan\u2013Oaxaca, sentido A.<\/p>\n<p>Lo anterior, debido a los trabajos de mantenimiento que se realizan en esta v\u00eda, los cuales se prev\u00e9 contin\u00faen hasta las 17:00 horas.<\/p>\n<p>La CEPCyGR exhorta a las y los automovilistas a extremar precauciones, respetar los se\u00f1alamientos y atender las indicaciones del personal que opera en la zona a fin de prevenir accidentes y garantizar una circulaci\u00f3n segura.<\/p>\n<p style=\"text-align: center\"><strong>-0-<\/strong><\/p>\n<p>&nbsp;<\/p>\n","protected":false},"excerpt":{"rendered":"<p>Oaxaca de Ju\u00e1rez, Oax. 10 de diciembre de 2025. La Coordinaci\u00f3n Estatal de Protecci\u00f3n Civil y Gesti\u00f3n de Riesgos (CEPCyGR) reporta circulaci\u00f3n intermitente, en periodos aproximados de 10 minutos, en el tramo comprendido del kil\u00f3metro (km) 177+600 al km 178+100 de la carretera Cuacnopalan\u2013Oaxaca, sentido A. Lo anterior, debido a los trabajos de mantenimiento que [&hellip;]<\/p>\n","protected":false},"author":29,"featured_media":170445,"comment_status":"open","ping_status":"open","sticky":false,"template":"","format":"standard","meta":{"episode_type":"","audio_file":"","podmotor_file_id":"","podmotor_episode_id":"","cover_image":"","cover_image_id":"","duration":"","filesize":"","filesize_raw":"","date_recorded":"","explicit":"","block":"","itunes_episode_number":"","itunes_title":"","itunes_season_number":"","itunes_episode_type":"","footnotes":""},"categories":[8],"tags":[744],"class_list":["post-170444","post","type-post","status-publish","format-standard","has-post-thumbnail","hentry","category-noticias","tag-cepcygr"],"acf":[],"publishpress_future_action":{"enabled":false,"date":"2026-09-13 06:40:32","action":"change-status","newStatus":"draft","terms":[],"taxonomy":"category","extraData":[]},"publishpress_future_workflow_manual_trigger":{"enabledWorkflows":[]},"_links":{"self":[{"href":"https:\/\/www.oaxaca.gob.mx\/comunicacion\/wp-json\/wp\/v2\/posts\/170444","targetHints":{"allow":["GET"]}}],"collection":[{"href":"https:\/\/www.oaxaca.gob.mx\/comunicacion\/wp-json\/wp\/v2\/posts"}],"about":[{"href":"https:\/\/www.oaxaca.gob.mx\/comunicacion\/wp-json\/wp\/v2\/types\/post"}],"author":[{"embeddable":true,"href":"https:\/\/www.oaxaca.gob.mx\/comunicacion\/wp-json\/wp\/v2\/users\/29"}],"replies":[{"embeddable":true,"href":"https:\/\/www.oaxaca.gob.mx\/comunicacion\/wp-json\/wp\/v2\/comments?post=170444"}],"version-history":[{"count":1,"href":"https:\/\/www.oaxaca.gob.mx\/comunicacion\/wp-json\/wp\/v2\/posts\/170444\/revisions"}],"predecessor-version":[{"id":170446,"href":"https:\/\/www.oaxaca.gob.mx\/comunicacion\/wp-json\/wp\/v2\/posts\/170444\/revisions\/170446"}],"wp:featuredmedia":[{"embeddable":true,"href":"https:\/\/www.oaxaca.gob.mx\/comunicacion\/wp-json\/wp\/v2\/media\/170445"}],"wp:attachment":[{"href":"https:\/\/www.oaxaca.gob.mx\/comunicacion\/wp-json\/wp\/v2\/media?parent=170444"}],"wp:term":[{"taxonomy":"category","embeddable":true,"href":"https:\/\/www.oaxaca.gob.mx\/comunicacion\/wp-json\/wp\/v2\/categories?post=170444"},{"taxonomy":"post_tag","embeddable":true,"href":"https:\/\/www.oaxaca.gob.mx\/comunicacion\/wp-json\/wp\/v2\/tags?post=170444"}],"curies":[{"name":"wp","href":"https:\/\/api.w.org\/{rel}","templated":true}]}}