{"id":170371,"date":"2025-12-09T08:32:29","date_gmt":"2025-12-09T14:32:29","guid":{"rendered":"https:\/\/www.oaxaca.gob.mx\/comunicacion\/?p=170371"},"modified":"2025-12-09T08:32:29","modified_gmt":"2025-12-09T14:32:29","slug":"persistiran-lluvias-vientos-fuertes-y-bajas-temperaturas-en-oaxaca","status":"publish","type":"post","link":"https:\/\/www.oaxaca.gob.mx\/comunicacion\/persistiran-lluvias-vientos-fuertes-y-bajas-temperaturas-en-oaxaca\/","title":{"rendered":"Persistir\u00e1n lluvias, vientos fuertes y bajas temperaturas en Oaxaca"},"content":{"rendered":"<div class=\"su-heading su-heading-style-default su-heading-align-center\" id=\"\" style=\"font-size:13px;margin-bottom:20px\"><div class=\"su-heading-inner\">En las regiones de la Mixteca, Sierra de Ju\u00e1rez, Sierra Sur y Sierra de Flores Mag\u00f3n no se descartan valores cercanos al nivel de congelaci\u00f3n durante el amanecer<\/div><\/div>\n<p><strong>Oaxaca de Ju\u00e1rez, Oax. 9 de diciembre de 2025.-<\/strong> La Coordinaci\u00f3n Estatal de Protecci\u00f3n Civil y Gesti\u00f3n de Riesgos informa que continuar\u00e1n las lluvias de intensidad variable, con mayor \u00e9nfasis en el norte del estado.<\/p>\n<p>La masa de aire polar que impulsa estos sistemas seguir\u00e1 generando un evento de norte de fuerte a muy fuerte en el oriente del Istmo, particularmente en el tramo La Venta \u2013 La Ventosa; adem\u00e1s de oleaje elevado en aguas del Golfo de Tehuantepec; as\u00ed como condiciones de tiempo ventoso en el resto del estado,<\/p>\n<p>De acuerdo con el pron\u00f3stico del tiempo emitido por la Comisi\u00f3n Nacional del Agua (Conagua), las temperaturas continuar\u00e1n sensiblemente bajas, especialmente en las regiones de la Mixteca, Sierra de Ju\u00e1rez, Sierra Sur y Sierra de Flores Mag\u00f3n, donde no se descartan valores cercanos al nivel de congelaci\u00f3n durante el amanecer.<\/p>\n<p>Estas condiciones se derivan del frente fr\u00edo n\u00famero 19, que se mantendr\u00e1 casi estacionario sobre el sureste del pa\u00eds y la Pen\u00ednsula de Yucat\u00e1n.<\/p>\n<p>Las temperaturas para este d\u00eda son las siguientes:<\/p>\n<p>\u2022 Valles Centrales, m\u00ednima de 7 y m\u00e1xima de 25 grados<br \/>\n\u2022 Istmo de Tehuantepec, m\u00ednima de 18 y m\u00e1xima de 32 grados<br \/>\n\u2022 Cuenca del Papaloapan, m\u00ednima de 15 y m\u00e1xima de 26 grados<br \/>\n\u2022 Costa, m\u00ednima de 22 y m\u00e1xima de 32 grados<br \/>\n\u2022 Mixteca, m\u00ednima de 6 y m\u00e1xima de 25 grados<br \/>\n\u2022 Sierra de Flores Mag\u00f3n, m\u00ednima de 10 y m\u00e1xima de 30 grados<br \/>\n\u2022 Sierra de Ju\u00e1rez, m\u00ednima de 5 y m\u00e1xima de 23 grados<br \/>\n\u2022 Sierra Sur, m\u00ednima de 7 y m\u00e1xima de 25 grados<\/p>\n<p>Se exhorta a la poblaci\u00f3n atender las recomendaciones de Protecci\u00f3n Civil y Capitan\u00edas de Puerto, as\u00ed como a mantenerse informada de las condiciones meteorol\u00f3gicas a trav\u00e9s de los medios y redes sociales oficiales: Facebook @CEPCYGRGobOax y en X @CEPCyGR_GobOax.<\/p>\n<p style=\"text-align: center\"><strong>-0-<\/strong><\/p>\n<div class=\"su-image-carousel  su-image-carousel-has-spacing su-image-carousel-crop su-image-carousel-crop-16-10 su-image-carousel-has-outline su-image-carousel-adaptive su-image-carousel-slides-style-default su-image-carousel-controls-style-dark su-image-carousel-align-center\" style=\"\" data-flickity-options='{\"groupCells\":true,\"cellSelector\":\".su-image-carousel-item\",\"adaptiveHeight\":false,\"cellAlign\":\"left\",\"prevNextButtons\":true,\"pageDots\":true,\"autoPlay\":5000,\"imagesLoaded\":true,\"contain\":true,\"selectedAttraction\":0.025,\"friction\":0.28}' id=\"su_image_carousel_6a9d705e25c90\"><div class=\"su-image-carousel-item\"><div class=\"su-image-carousel-item-content\"><img loading=\"lazy\" decoding=\"async\" width=\"1024\" height=\"768\" src=\"https:\/\/www.oaxaca.gob.mx\/comunicacion\/wp-content\/uploads\/sites\/28\/2025\/12\/Untitled-1-6-1024x768.jpeg\" class=\"\" alt=\"\" srcset=\"https:\/\/www.oaxaca.gob.mx\/comunicacion\/wp-content\/uploads\/sites\/28\/2025\/12\/Untitled-1-6-1024x768.jpeg 1024w, https:\/\/www.oaxaca.gob.mx\/comunicacion\/wp-content\/uploads\/sites\/28\/2025\/12\/Untitled-1-6-300x225.jpeg 300w, https:\/\/www.oaxaca.gob.mx\/comunicacion\/wp-content\/uploads\/sites\/28\/2025\/12\/Untitled-1-6-768x576.jpeg 768w, https:\/\/www.oaxaca.gob.mx\/comunicacion\/wp-content\/uploads\/sites\/28\/2025\/12\/Untitled-1-6-1536x1152.jpeg 1536w, https:\/\/www.oaxaca.gob.mx\/comunicacion\/wp-content\/uploads\/sites\/28\/2025\/12\/Untitled-1-6.jpeg 1600w\" sizes=\"auto, (max-width: 1024px) 100vw, 1024px\" \/><\/div><\/div><\/div><script id=\"su_image_carousel_6a9d705e25c90_script\">if(window.SUImageCarousel){setTimeout(function() {window.SUImageCarousel.initGallery(document.getElementById(\"su_image_carousel_6a9d705e25c90\"))}, 0);}var su_image_carousel_6a9d705e25c90_script=document.getElementById(\"su_image_carousel_6a9d705e25c90_script\");if(su_image_carousel_6a9d705e25c90_script){su_image_carousel_6a9d705e25c90_script.parentNode.removeChild(su_image_carousel_6a9d705e25c90_script);}<\/script>\n","protected":false},"excerpt":{"rendered":"<p>Oaxaca de Ju\u00e1rez, Oax. 9 de diciembre de 2025.- La Coordinaci\u00f3n Estatal de Protecci\u00f3n Civil y Gesti\u00f3n de Riesgos informa que continuar\u00e1n las lluvias de intensidad variable, con mayor \u00e9nfasis en el norte del estado. La masa de aire polar que impulsa estos sistemas seguir\u00e1 generando un evento de norte de fuerte a muy fuerte [&hellip;]<\/p>\n","protected":false},"author":29,"featured_media":170372,"comment_status":"open","ping_status":"open","sticky":false,"template":"","format":"standard","meta":{"episode_type":"","audio_file":"","podmotor_file_id":"","podmotor_episode_id":"","cover_image":"","cover_image_id":"","duration":"","filesize":"","filesize_raw":"","date_recorded":"","explicit":"","block":"","itunes_episode_number":"","itunes_title":"","itunes_season_number":"","itunes_episode_type":"","footnotes":""},"categories":[8],"tags":[131],"class_list":["post-170371","post","type-post","status-publish","format-standard","has-post-thumbnail","hentry","category-noticias","tag-conagua"],"acf":[],"publishpress_future_action":{"enabled":false,"date":"2026-09-13 07:53:34","action":"change-status","newStatus":"draft","terms":[],"taxonomy":"category","extraData":[]},"publishpress_future_workflow_manual_trigger":{"enabledWorkflows":[]},"_links":{"self":[{"href":"https:\/\/www.oaxaca.gob.mx\/comunicacion\/wp-json\/wp\/v2\/posts\/170371","targetHints":{"allow":["GET"]}}],"collection":[{"href":"https:\/\/www.oaxaca.gob.mx\/comunicacion\/wp-json\/wp\/v2\/posts"}],"about":[{"href":"https:\/\/www.oaxaca.gob.mx\/comunicacion\/wp-json\/wp\/v2\/types\/post"}],"author":[{"embeddable":true,"href":"https:\/\/www.oaxaca.gob.mx\/comunicacion\/wp-json\/wp\/v2\/users\/29"}],"replies":[{"embeddable":true,"href":"https:\/\/www.oaxaca.gob.mx\/comunicacion\/wp-json\/wp\/v2\/comments?post=170371"}],"version-history":[{"count":1,"href":"https:\/\/www.oaxaca.gob.mx\/comunicacion\/wp-json\/wp\/v2\/posts\/170371\/revisions"}],"predecessor-version":[{"id":170373,"href":"https:\/\/www.oaxaca.gob.mx\/comunicacion\/wp-json\/wp\/v2\/posts\/170371\/revisions\/170373"}],"wp:featuredmedia":[{"embeddable":true,"href":"https:\/\/www.oaxaca.gob.mx\/comunicacion\/wp-json\/wp\/v2\/media\/170372"}],"wp:attachment":[{"href":"https:\/\/www.oaxaca.gob.mx\/comunicacion\/wp-json\/wp\/v2\/media?parent=170371"}],"wp:term":[{"taxonomy":"category","embeddable":true,"href":"https:\/\/www.oaxaca.gob.mx\/comunicacion\/wp-json\/wp\/v2\/categories?post=170371"},{"taxonomy":"post_tag","embeddable":true,"href":"https:\/\/www.oaxaca.gob.mx\/comunicacion\/wp-json\/wp\/v2\/tags?post=170371"}],"curies":[{"name":"wp","href":"https:\/\/api.w.org\/{rel}","templated":true}]}}