{"id":169990,"date":"2025-12-04T10:03:40","date_gmt":"2025-12-04T16:03:40","guid":{"rendered":"https:\/\/www.oaxaca.gob.mx\/comunicacion\/?p=169990"},"modified":"2025-12-04T10:03:40","modified_gmt":"2025-12-04T16:03:40","slug":"invita-sectur-oaxaca-al-ballena-fest-2025-en-puerto-angel","status":"publish","type":"post","link":"https:\/\/www.oaxaca.gob.mx\/comunicacion\/invita-sectur-oaxaca-al-ballena-fest-2025-en-puerto-angel\/","title":{"rendered":"Invita Sectur Oaxaca al Ballena Fest 2025 en Puerto \u00c1ngel"},"content":{"rendered":"<div><div class=\"su-heading su-heading-style-default su-heading-align-center\" id=\"\" style=\"font-size:13px;margin-bottom:20px\"><div class=\"su-heading-inner\">El festival reunir\u00e1 ciencia, cultura y conservaci\u00f3n para celebrar el inicio de la temporada de avistamiento de ballena jorobada <\/div><\/div>El festival reunir\u00e1 ciencia, cultura y conservaci\u00f3n para celebrar el inicio de la temporada de avistamiento de ballena jorobada<\/div>\n<div><\/div>\n<div><strong>Oaxaca de Ju\u00e1rez, Oax. 4 de diciembre de 2025.-<\/strong> La Secretar\u00eda de Turismo del Estado (Sectur Oaxaca) invita a la poblaci\u00f3n a disfrutar de la primera edici\u00f3n del Ballena Fest 2025, que se celebrar\u00e1 del 5 al 7 de diciembre en Puerto \u00c1ngel, perteneciente a San Pedro Pochutla.<\/div>\n<div><\/div>\n<div>La dependencia indic\u00f3 que la temporada de avistamiento de ballenas jorobadas ya inici\u00f3 en la costa oaxaque\u00f1a y, para resaltar la importancia de estos mam\u00edferos en los ecosistemas marinos y promover su preservaci\u00f3n, el evento tendr\u00e1 una serie de actividades cient\u00edficas, culturales, deportivas y art\u00edsticas.<\/div>\n<div><\/div>\n<div>Este viernes, a las 16:30 horas se realizar\u00e1 un desfile cultural que dar\u00e1 paso a la inauguraci\u00f3n oficial a las 17:40 horas; en los d\u00edas siguientes habr\u00e1 concursos gastron\u00f3micos, torneos deportivos, talleres de educaci\u00f3n ambiental y conciertos. La programaci\u00f3n completa podr\u00e1 consultarse en la p\u00e1gina oficial de Facebook de la Sectur Oaxaca.<\/div>\n<div><\/div>\n<div>Quienes asistan conocer\u00e1n m\u00e1s sobre la ballena jorobada, ejemplares que pueden alcanzar hasta 15 metros de longitud y que cada a\u00f1o viajan desde aguas fr\u00edas hacia zonas m\u00e1s c\u00e1lidas rumbo a Centroam\u00e9rica, y que durante su paso por la Costa pueden observarse en actividades de cortejo, reproducci\u00f3n, alimentaci\u00f3n o en el nacimiento de sus cr\u00edas.<\/div>\n<div><\/div>\n<div style=\"text-align: center\"><strong>-0-<\/strong><\/div>\n<div><div class=\"su-image-carousel  su-image-carousel-has-spacing su-image-carousel-crop su-image-carousel-crop-16-10 su-image-carousel-has-outline su-image-carousel-adaptive su-image-carousel-slides-style-default su-image-carousel-controls-style-dark su-image-carousel-align-center\" style=\"\" data-flickity-options='{\"groupCells\":true,\"cellSelector\":\".su-image-carousel-item\",\"adaptiveHeight\":false,\"cellAlign\":\"left\",\"prevNextButtons\":true,\"pageDots\":true,\"autoPlay\":5000,\"imagesLoaded\":true,\"contain\":true,\"selectedAttraction\":0.025,\"friction\":0.28}' id=\"su_image_carousel_69f2d86c6d4e1\"><div class=\"su-image-carousel-item\"><div class=\"su-image-carousel-item-content\"><img loading=\"lazy\" decoding=\"async\" width=\"576\" height=\"720\" src=\"https:\/\/www.oaxaca.gob.mx\/comunicacion\/wp-content\/uploads\/sites\/28\/2025\/12\/ca7e5b5b-93f1-4f48-ac77-525a4043b065.jpeg\" class=\"\" alt=\"\" srcset=\"https:\/\/www.oaxaca.gob.mx\/comunicacion\/wp-content\/uploads\/sites\/28\/2025\/12\/ca7e5b5b-93f1-4f48-ac77-525a4043b065.jpeg 576w, https:\/\/www.oaxaca.gob.mx\/comunicacion\/wp-content\/uploads\/sites\/28\/2025\/12\/ca7e5b5b-93f1-4f48-ac77-525a4043b065-240x300.jpeg 240w\" sizes=\"auto, (max-width: 576px) 100vw, 576px\" \/><\/div><\/div><\/div><script id=\"su_image_carousel_69f2d86c6d4e1_script\">if(window.SUImageCarousel){setTimeout(function() {window.SUImageCarousel.initGallery(document.getElementById(\"su_image_carousel_69f2d86c6d4e1\"))}, 0);}var su_image_carousel_69f2d86c6d4e1_script=document.getElementById(\"su_image_carousel_69f2d86c6d4e1_script\");if(su_image_carousel_69f2d86c6d4e1_script){su_image_carousel_69f2d86c6d4e1_script.parentNode.removeChild(su_image_carousel_69f2d86c6d4e1_script);}<\/script><\/div>\n","protected":false},"excerpt":{"rendered":"<p>El festival reunir\u00e1 ciencia, cultura y conservaci\u00f3n para celebrar el inicio de la temporada de avistamiento de ballena jorobada Oaxaca de Ju\u00e1rez, Oax. 4 de diciembre de 2025.- La Secretar\u00eda de Turismo del Estado (Sectur Oaxaca) invita a la poblaci\u00f3n a disfrutar de la primera edici\u00f3n del Ballena Fest 2025, que se celebrar\u00e1 del 5 [&hellip;]<\/p>\n","protected":false},"author":29,"featured_media":169992,"comment_status":"open","ping_status":"open","sticky":false,"template":"","format":"standard","meta":{"episode_type":"","audio_file":"","podmotor_file_id":"","podmotor_episode_id":"","cover_image":"","cover_image_id":"","duration":"","filesize":"","filesize_raw":"","date_recorded":"","explicit":"","block":"","itunes_episode_number":"","itunes_title":"","itunes_season_number":"","itunes_episode_type":"","footnotes":""},"categories":[8],"tags":[808],"class_list":["post-169990","post","type-post","status-publish","format-standard","has-post-thumbnail","hentry","category-noticias","tag-sectur-oaxaca"],"acf":[],"publishpress_future_action":{"enabled":false,"date":"2026-05-06 22:19:56","action":"change-status","newStatus":"draft","terms":[],"taxonomy":"category","extraData":[]},"publishpress_future_workflow_manual_trigger":{"enabledWorkflows":[]},"_links":{"self":[{"href":"https:\/\/www.oaxaca.gob.mx\/comunicacion\/wp-json\/wp\/v2\/posts\/169990","targetHints":{"allow":["GET"]}}],"collection":[{"href":"https:\/\/www.oaxaca.gob.mx\/comunicacion\/wp-json\/wp\/v2\/posts"}],"about":[{"href":"https:\/\/www.oaxaca.gob.mx\/comunicacion\/wp-json\/wp\/v2\/types\/post"}],"author":[{"embeddable":true,"href":"https:\/\/www.oaxaca.gob.mx\/comunicacion\/wp-json\/wp\/v2\/users\/29"}],"replies":[{"embeddable":true,"href":"https:\/\/www.oaxaca.gob.mx\/comunicacion\/wp-json\/wp\/v2\/comments?post=169990"}],"version-history":[{"count":1,"href":"https:\/\/www.oaxaca.gob.mx\/comunicacion\/wp-json\/wp\/v2\/posts\/169990\/revisions"}],"predecessor-version":[{"id":169993,"href":"https:\/\/www.oaxaca.gob.mx\/comunicacion\/wp-json\/wp\/v2\/posts\/169990\/revisions\/169993"}],"wp:featuredmedia":[{"embeddable":true,"href":"https:\/\/www.oaxaca.gob.mx\/comunicacion\/wp-json\/wp\/v2\/media\/169992"}],"wp:attachment":[{"href":"https:\/\/www.oaxaca.gob.mx\/comunicacion\/wp-json\/wp\/v2\/media?parent=169990"}],"wp:term":[{"taxonomy":"category","embeddable":true,"href":"https:\/\/www.oaxaca.gob.mx\/comunicacion\/wp-json\/wp\/v2\/categories?post=169990"},{"taxonomy":"post_tag","embeddable":true,"href":"https:\/\/www.oaxaca.gob.mx\/comunicacion\/wp-json\/wp\/v2\/tags?post=169990"}],"curies":[{"name":"wp","href":"https:\/\/api.w.org\/{rel}","templated":true}]}}