{"id":16759,"date":"2018-05-26T14:21:02","date_gmt":"2018-05-26T20:21:02","guid":{"rendered":"https:\/\/www.oaxaca.gob.mx\/comunicacion\/?p=16759"},"modified":"2018-05-26T14:21:02","modified_gmt":"2018-05-26T20:21:02","slug":"estrena-patricia-moya-un-paseo-abstracto-luminoso-y-sonoro-en-oaxaca","status":"publish","type":"post","link":"https:\/\/www.oaxaca.gob.mx\/comunicacion\/estrena-patricia-moya-un-paseo-abstracto-luminoso-y-sonoro-en-oaxaca\/","title":{"rendered":"Estrena Patricia Moya \u201cUn Paseo Abstracto Luminoso y Sonoro\u201d en Oaxaca"},"content":{"rendered":"\n<ul>\n<li>Durante el sexto concierto de la Primera Temporada de la Orquesta Sinf\u00f3nica de Oaxaca se interpret\u00f3 por primera vez en el pa\u00eds la obra de la compositora mexicana<\/li>\n<\/ul>\n<p><strong>Oaxaca de Ju\u00e1rez. Oax. 26 de mayo de 2018.<\/strong>\u00a0Inspirada en obras pict\u00f3ricas de una amiga, la maestra Patricia Moya escribi\u00f3 las partituras de \u201cUn Paseo Abstracto Luminoso y Sonoro\u201d, pieza que se estren\u00f3 la noche del viernes en el sexto concierto de la Primera Temporada 2018 de la Orquesta Sinf\u00f3nica de Oaxaca (OSO) y volver\u00e1 a interpretarse el domingo 27 de mayo.<\/p>\n<p>La compositora mexicana Patricia Moya P\u00e9rez naci\u00f3 en la Ciudad de M\u00e9xico rodeada de la sensibilidad de una estirpe familiar de artistas y creadores, entre los que destaca su abuelo, el compositor yucateco Efra\u00edn P\u00e9rez C\u00e1mara y sus padres, Edm\u00e9e P\u00e9rez Vega, quien fuera bailarina del Ballet Moderno de M\u00e9xico y el director de teatro V\u00edctor Moya.<\/p>\n<p>La mayor parte de su trabajo musical, est\u00e1 dedicado a la creaci\u00f3n de partituras cinematogr\u00e1ficas en espec\u00edfico para cortometrajes, y por el cual fue invitada al Festival Internacional de Castrocaro en 2011, en el que le fue otorgado un diploma en Composici\u00f3n de M\u00fasica de Cine.<\/p>\n<p>\u201cMe inspir\u00e9 en los cuadros de una amiga pintora franco-venezolana llamada Vera, el t\u00edtulo de la obra es el t\u00edtulo de la exposici\u00f3n de sus cuadros, porque sus pinturas son abstractas, luminosas porque tiene muchos colores vivos, y sonoro por mi m\u00fasica\u201d, asegura la maestra egresada del Conservatorio Nacional de M\u00fasica.<\/p>\n<p>La compositora mexicana comenta que eligi\u00f3 escribir la pieza para orquesta poniendo en esta un arpa, como s\u00edmbolo de Venezuela, por la pintora, y una marimba, como s\u00edmbolo mexicano, al ser de su autor\u00eda.<\/p>\n<p>Con notoria alegr\u00eda y orgullo la maestra Patricia Moya comenta que el estreno de la obra se hizo en Caracas gracias a su amistad con la directora de la Orquesta Sinf\u00f3nica de Caracas y el viernes fue el estreno en M\u00e9xico en el Teatro Macedonio Alcal\u00e1 con la Orquesta Sinf\u00f3nica de Oaxaca.<\/p>\n<p>\u201cJam\u00e1s pens\u00e9 que, al componer esta obra, imagin\u00e1ndome una atm\u00f3sfera de bosque tropical que existe tanto en M\u00e9xico como en Venezuela, con un pueblito a lo lejos del que se oyen las campanas de su iglesia&#8230; \u00a1se iba a estrenar en la lejana Caracas primero y luego en la muy bella Oaxaca!\u201d, expres\u00f3.<\/p>\n<p>\u201cUn paseo Abstracto Luminoso y Sonoro\u201d creada aproximadamente hace dos a\u00f1os, fue reconocida con el aplauso incesante del p\u00fablico asistente al sexto concierto de la Primera Temporada 2018 de la OSO, en el cual tambi\u00e9n tuvo participaci\u00f3n como solista el cornista oaxaque\u00f1o Juan Alejandro P\u00e9rez P\u00e9rez, con la obra \u201cConcierto para Corno y Orquesta\u201d de Richard Strauss.<\/p>\n<p>No menos significativo fue el reconocimiento de parte de los mel\u00f3manos que se dieron cita en el Teatro Alcal\u00e1 para la interpretaci\u00f3n de la Orquesta Sinf\u00f3nica de las piezas \u201cArlesiana\u201d de Goeorge Bizet y \u201cDanzas Polovtsianas\u201d, de Alexander Borod\u00edn.<\/p>\n<p>La Secretar\u00eda de las Culturas y Artes (Seculta) Oaxaca reconoce el valioso trabajo art\u00edstico de la compositora Patricia Moya y el privilegio de contar con su presencia el concierto, la ejecuci\u00f3n magistral del corno por parte de Juan Alejandro P\u00e9rez y el trabajo de direcci\u00f3n que est\u00e1 realizando con grandes resultados el maestro Eliseo Mart\u00ednez al frente de la OSO.<\/p>\n<p>Cabe destacar que el concierto del viernes se repetir\u00e1 el domingo 27 de mayo a las 18:00 horas en el Teatro Macedonio Alcal\u00e1.<\/p>\n<p style=\"text-align: center\">-0-<\/p>\n","protected":false},"excerpt":{"rendered":"<p>Durante el sexto concierto de la Primera Temporada de la Orquesta Sinf\u00f3nica de Oaxaca se interpret\u00f3 por primera vez en el pa\u00eds la obra de la compositora mexicana Oaxaca de Ju\u00e1rez. Oax. 26 de mayo de 2018.\u00a0Inspirada en obras pict\u00f3ricas de una amiga, la maestra Patricia Moya escribi\u00f3 las partituras de \u201cUn Paseo Abstracto Luminoso [&hellip;]<\/p>\n","protected":false},"author":1,"featured_media":0,"comment_status":"open","ping_status":"open","sticky":false,"template":"","format":"standard","meta":{"episode_type":"","audio_file":"","podmotor_file_id":"","podmotor_episode_id":"","cover_image":"","cover_image_id":"","duration":"","filesize":"","filesize_raw":"","date_recorded":"","explicit":"","block":"","itunes_episode_number":"","itunes_title":"","itunes_season_number":"","itunes_episode_type":"","footnotes":""},"categories":[8],"tags":[371],"class_list":["post-16759","post","type-post","status-publish","format-standard","hentry","category-noticias","tag-seculta"],"acf":[],"publishpress_future_action":{"enabled":false,"date":"2026-05-04 16:52:37","action":"change-status","newStatus":"draft","terms":[],"taxonomy":"category","extraData":[]},"publishpress_future_workflow_manual_trigger":{"enabledWorkflows":[]},"_links":{"self":[{"href":"https:\/\/www.oaxaca.gob.mx\/comunicacion\/wp-json\/wp\/v2\/posts\/16759","targetHints":{"allow":["GET"]}}],"collection":[{"href":"https:\/\/www.oaxaca.gob.mx\/comunicacion\/wp-json\/wp\/v2\/posts"}],"about":[{"href":"https:\/\/www.oaxaca.gob.mx\/comunicacion\/wp-json\/wp\/v2\/types\/post"}],"author":[{"embeddable":true,"href":"https:\/\/www.oaxaca.gob.mx\/comunicacion\/wp-json\/wp\/v2\/users\/1"}],"replies":[{"embeddable":true,"href":"https:\/\/www.oaxaca.gob.mx\/comunicacion\/wp-json\/wp\/v2\/comments?post=16759"}],"version-history":[{"count":0,"href":"https:\/\/www.oaxaca.gob.mx\/comunicacion\/wp-json\/wp\/v2\/posts\/16759\/revisions"}],"wp:attachment":[{"href":"https:\/\/www.oaxaca.gob.mx\/comunicacion\/wp-json\/wp\/v2\/media?parent=16759"}],"wp:term":[{"taxonomy":"category","embeddable":true,"href":"https:\/\/www.oaxaca.gob.mx\/comunicacion\/wp-json\/wp\/v2\/categories?post=16759"},{"taxonomy":"post_tag","embeddable":true,"href":"https:\/\/www.oaxaca.gob.mx\/comunicacion\/wp-json\/wp\/v2\/tags?post=16759"}],"curies":[{"name":"wp","href":"https:\/\/api.w.org\/{rel}","templated":true}]}}