{"id":162076,"date":"2025-08-12T15:35:45","date_gmt":"2025-08-12T21:35:45","guid":{"rendered":"https:\/\/www.oaxaca.gob.mx\/comunicacion\/?p=162076"},"modified":"2025-08-12T15:35:45","modified_gmt":"2025-08-12T21:35:45","slug":"presenta-gobierno-de-oaxaca-caravanas-del-medio-ambiente-layu-stidu","status":"publish","type":"post","link":"https:\/\/www.oaxaca.gob.mx\/comunicacion\/presenta-gobierno-de-oaxaca-caravanas-del-medio-ambiente-layu-stidu\/","title":{"rendered":"Presenta Gobierno de Oaxaca Caravanas del Medio Ambiente Lay\u00fa Stidu"},"content":{"rendered":"<p>&nbsp;<\/p>\n<div class=\"su-heading su-heading-style-default su-heading-align-center\" id=\"\" style=\"font-size:13px;margin-bottom:20px\"><div class=\"su-heading-inner\">\u2022 La Secretar\u00eda de Medio Ambiente, junto con municipios, sociedad civil y actores comunitarios, brindar\u00e1 soluciones para un futuro m\u00e1s sostenible<\/div><\/div>\n<p><strong>Oaxaca de Ju\u00e1rez, Oax. 12 de agosto de 2025. \u2013<\/strong> El Gobierno del Estado present\u00f3 el programa Caravanas del Medio Ambiente Lay\u00fa Stidu, modelo a nivel nacional, con el fin de fortalecer las capacidades municipales y de n\u00facleos agrarios para enfrentar los retos ambientales en el territorio estatal.<\/p>\n<p>Esta estrategia, denominada Lay\u00fa Stidu, en zapoteco \u201cnuestra tierra\u201d, trabaja en seis ejes: Gesti\u00f3n Integral de Cuencas y Recursos H\u00eddricos, Gesti\u00f3n Integral de Residuos S\u00f3lidos, Cambio Clim\u00e1tico y Energ\u00edas Renovables, Gesti\u00f3n de la Calidad del Aire, Educaci\u00f3n Ambiental y Conservaci\u00f3n de los Recursos Naturales.<\/p>\n<p>En el marco del proyecto de transformaci\u00f3n y trabajo en territorio que encabeza el Gobernador Salom\u00f3n Jara Cruz, la titular de la Secretar\u00eda de Medio Ambiente, Karime Unda Harp explic\u00f3 que estas acciones buscan acercar estos servicios p\u00fablicos a las comunidades y brindar, junto con las autoridades municipales, sociedad civil y actores comunitarios, soluciones para un futuro m\u00e1s sostenible.<\/p>\n<p>Detall\u00f3 que mediante visitas programadas a diversos municipios sede, personal t\u00e9cnico de la Secretar\u00eda brindar\u00e1 asistencia t\u00e9cnica, capacitaci\u00f3n y acompa\u00f1amiento directo, sin intermediarios, en temas fundamentales para la gesti\u00f3n ambiental y el desarrollo sostenible.<\/p>\n<p>\u201cEs una estrategia que provee un mecanismo de justicia ambiental territorial y de vinculaci\u00f3n para los 570 municipios; en el que se brindan y acercan las herramientas, conocimientos y soluciones a quienes enfrentan los impactos m\u00e1s profundos del deterioro ambiental; as\u00ed como se promueve una cultura de corresponsabilidad para la sostenibilidad del estado\u201d, refiri\u00f3 la funcionaria.<\/p>\n<p>Indic\u00f3 que estas acciones son parte del compromiso del Mandatario estatal de ejercer un gobierno cercano al pueblo con justicia territorial, por lo que la Secretar\u00eda acude a las localidades para escuchar, orientar y construir atenciones ambientales.<\/p>\n<p style=\"text-align: center\">\n<strong>-0-<\/strong><\/p>\n<div class=\"su-image-carousel  su-image-carousel-has-spacing su-image-carousel-crop su-image-carousel-crop-21-9 su-image-carousel-has-outline su-image-carousel-adaptive su-image-carousel-slides-style-default su-image-carousel-controls-style-dark su-image-carousel-align-center\" style=\"\" data-flickity-options='{\"groupCells\":true,\"cellSelector\":\".su-image-carousel-item\",\"adaptiveHeight\":false,\"cellAlign\":\"left\",\"prevNextButtons\":true,\"pageDots\":true,\"autoPlay\":5000,\"imagesLoaded\":true,\"contain\":true,\"selectedAttraction\":0.025,\"friction\":0.28}' id=\"su_image_carousel_69efbf9e64177\"><div class=\"su-image-carousel-item\"><div class=\"su-image-carousel-item-content\"><img loading=\"lazy\" decoding=\"async\" width=\"1024\" height=\"683\" src=\"https:\/\/www.oaxaca.gob.mx\/comunicacion\/wp-content\/uploads\/sites\/28\/2025\/08\/12AGO25-SMA-Layu-Stidu1-1024x683.jpeg\" class=\"\" alt=\"\" srcset=\"https:\/\/www.oaxaca.gob.mx\/comunicacion\/wp-content\/uploads\/sites\/28\/2025\/08\/12AGO25-SMA-Layu-Stidu1-1024x683.jpeg 1024w, https:\/\/www.oaxaca.gob.mx\/comunicacion\/wp-content\/uploads\/sites\/28\/2025\/08\/12AGO25-SMA-Layu-Stidu1-300x200.jpeg 300w, https:\/\/www.oaxaca.gob.mx\/comunicacion\/wp-content\/uploads\/sites\/28\/2025\/08\/12AGO25-SMA-Layu-Stidu1-768x512.jpeg 768w, https:\/\/www.oaxaca.gob.mx\/comunicacion\/wp-content\/uploads\/sites\/28\/2025\/08\/12AGO25-SMA-Layu-Stidu1.jpeg 1152w\" sizes=\"auto, (max-width: 1024px) 100vw, 1024px\" \/><\/div><\/div><div class=\"su-image-carousel-item\"><div class=\"su-image-carousel-item-content\"><img loading=\"lazy\" decoding=\"async\" width=\"1024\" height=\"687\" src=\"https:\/\/www.oaxaca.gob.mx\/comunicacion\/wp-content\/uploads\/sites\/28\/2025\/08\/12AGO25-SMA-Layu-Stidu2-1024x687.jpeg\" class=\"\" alt=\"\" srcset=\"https:\/\/www.oaxaca.gob.mx\/comunicacion\/wp-content\/uploads\/sites\/28\/2025\/08\/12AGO25-SMA-Layu-Stidu2-1024x687.jpeg 1024w, https:\/\/www.oaxaca.gob.mx\/comunicacion\/wp-content\/uploads\/sites\/28\/2025\/08\/12AGO25-SMA-Layu-Stidu2-300x201.jpeg 300w, https:\/\/www.oaxaca.gob.mx\/comunicacion\/wp-content\/uploads\/sites\/28\/2025\/08\/12AGO25-SMA-Layu-Stidu2-768x515.jpeg 768w, https:\/\/www.oaxaca.gob.mx\/comunicacion\/wp-content\/uploads\/sites\/28\/2025\/08\/12AGO25-SMA-Layu-Stidu2.jpeg 1145w\" sizes=\"auto, (max-width: 1024px) 100vw, 1024px\" \/><\/div><\/div><div class=\"su-image-carousel-item\"><div class=\"su-image-carousel-item-content\"><img loading=\"lazy\" decoding=\"async\" width=\"1024\" height=\"663\" src=\"https:\/\/www.oaxaca.gob.mx\/comunicacion\/wp-content\/uploads\/sites\/28\/2025\/08\/12AGO25-SMA-Layu-Stidu3-1024x663.jpeg\" class=\"\" alt=\"\" srcset=\"https:\/\/www.oaxaca.gob.mx\/comunicacion\/wp-content\/uploads\/sites\/28\/2025\/08\/12AGO25-SMA-Layu-Stidu3-1024x663.jpeg 1024w, https:\/\/www.oaxaca.gob.mx\/comunicacion\/wp-content\/uploads\/sites\/28\/2025\/08\/12AGO25-SMA-Layu-Stidu3-300x194.jpeg 300w, https:\/\/www.oaxaca.gob.mx\/comunicacion\/wp-content\/uploads\/sites\/28\/2025\/08\/12AGO25-SMA-Layu-Stidu3-768x497.jpeg 768w, https:\/\/www.oaxaca.gob.mx\/comunicacion\/wp-content\/uploads\/sites\/28\/2025\/08\/12AGO25-SMA-Layu-Stidu3.jpeg 1187w\" sizes=\"auto, (max-width: 1024px) 100vw, 1024px\" \/><\/div><\/div><\/div><script id=\"su_image_carousel_69efbf9e64177_script\">if(window.SUImageCarousel){setTimeout(function() {window.SUImageCarousel.initGallery(document.getElementById(\"su_image_carousel_69efbf9e64177\"))}, 0);}var su_image_carousel_69efbf9e64177_script=document.getElementById(\"su_image_carousel_69efbf9e64177_script\");if(su_image_carousel_69efbf9e64177_script){su_image_carousel_69efbf9e64177_script.parentNode.removeChild(su_image_carousel_69efbf9e64177_script);}<\/script>\n","protected":false},"excerpt":{"rendered":"<p>&nbsp; Oaxaca de Ju\u00e1rez, Oax. 12 de agosto de 2025. \u2013 El Gobierno del Estado present\u00f3 el programa Caravanas del Medio Ambiente Lay\u00fa Stidu, modelo a nivel nacional, con el fin de fortalecer las capacidades municipales y de n\u00facleos agrarios para enfrentar los retos ambientales en el territorio estatal. Esta estrategia, denominada Lay\u00fa Stidu, en [&hellip;]<\/p>\n","protected":false},"author":29,"featured_media":162077,"comment_status":"open","ping_status":"open","sticky":false,"template":"","format":"standard","meta":{"episode_type":"","audio_file":"","podmotor_file_id":"","podmotor_episode_id":"","cover_image":"","cover_image_id":"","duration":"","filesize":"","filesize_raw":"","date_recorded":"","explicit":"","block":"","itunes_episode_number":"","itunes_title":"","itunes_season_number":"","itunes_episode_type":"","footnotes":""},"categories":[8],"tags":[2721],"class_list":["post-162076","post","type-post","status-publish","format-standard","has-post-thumbnail","hentry","category-noticias","tag-medio-ambiente-layu-stidu"],"acf":[],"publishpress_future_action":{"enabled":false,"date":"2026-05-04 13:57:18","action":"change-status","newStatus":"draft","terms":[],"taxonomy":"category","extraData":[]},"publishpress_future_workflow_manual_trigger":{"enabledWorkflows":[]},"_links":{"self":[{"href":"https:\/\/www.oaxaca.gob.mx\/comunicacion\/wp-json\/wp\/v2\/posts\/162076","targetHints":{"allow":["GET"]}}],"collection":[{"href":"https:\/\/www.oaxaca.gob.mx\/comunicacion\/wp-json\/wp\/v2\/posts"}],"about":[{"href":"https:\/\/www.oaxaca.gob.mx\/comunicacion\/wp-json\/wp\/v2\/types\/post"}],"author":[{"embeddable":true,"href":"https:\/\/www.oaxaca.gob.mx\/comunicacion\/wp-json\/wp\/v2\/users\/29"}],"replies":[{"embeddable":true,"href":"https:\/\/www.oaxaca.gob.mx\/comunicacion\/wp-json\/wp\/v2\/comments?post=162076"}],"version-history":[{"count":1,"href":"https:\/\/www.oaxaca.gob.mx\/comunicacion\/wp-json\/wp\/v2\/posts\/162076\/revisions"}],"predecessor-version":[{"id":162080,"href":"https:\/\/www.oaxaca.gob.mx\/comunicacion\/wp-json\/wp\/v2\/posts\/162076\/revisions\/162080"}],"wp:featuredmedia":[{"embeddable":true,"href":"https:\/\/www.oaxaca.gob.mx\/comunicacion\/wp-json\/wp\/v2\/media\/162077"}],"wp:attachment":[{"href":"https:\/\/www.oaxaca.gob.mx\/comunicacion\/wp-json\/wp\/v2\/media?parent=162076"}],"wp:term":[{"taxonomy":"category","embeddable":true,"href":"https:\/\/www.oaxaca.gob.mx\/comunicacion\/wp-json\/wp\/v2\/categories?post=162076"},{"taxonomy":"post_tag","embeddable":true,"href":"https:\/\/www.oaxaca.gob.mx\/comunicacion\/wp-json\/wp\/v2\/tags?post=162076"}],"curies":[{"name":"wp","href":"https:\/\/api.w.org\/{rel}","templated":true}]}}