{"id":161997,"date":"2025-08-11T17:57:20","date_gmt":"2025-08-11T23:57:20","guid":{"rendered":"https:\/\/www.oaxaca.gob.mx\/comunicacion\/?p=161997"},"modified":"2025-08-11T17:57:20","modified_gmt":"2025-08-11T23:57:20","slug":"anuncia-gobierno-del-estado-feria-intercultural-de-escritura-y-lectura-de-oaxaca-fielo-2025","status":"publish","type":"post","link":"https:\/\/www.oaxaca.gob.mx\/comunicacion\/anuncia-gobierno-del-estado-feria-intercultural-de-escritura-y-lectura-de-oaxaca-fielo-2025\/","title":{"rendered":"Anuncia Gobierno del Estado Feria Intercultural de Escritura y Lectura de Oaxaca FIELO 2025"},"content":{"rendered":"<div class=\"su-heading su-heading-style-default su-heading-align-center\" id=\"\" style=\"font-size:13px;margin-bottom:20px\"><div class=\"su-heading-inner\"> \u2022 Del 31 de agosto al 7 de septiembre, el z\u00f3calo de la ciudad capital albergar\u00e1 la primera edici\u00f3n de este encuentro de mediaci\u00f3n y creaci\u00f3n literaria<\/div><\/div>\n<p><strong>Oaxaca de Ju\u00e1rez, Oax. 11 de agosto de 2025.<\/strong> Con la presencia de m\u00e1s de 100 expositores, el Gobierno de Oaxaca llevar\u00e1 a cabo del 31 de agosto al 7 de septiembre la Feria Intercultural de Escritura y Lectura de Oaxaca FIELO 2025 Primavera Literaria.<\/p>\n<p>El z\u00f3calo de la ciudad de Oaxaca ser\u00e1 la sede de este encuentro que promueve la lectura y que contar\u00e1 con la presencia de autores locales, nacionales e internacionales, como: Juan Carlos Monedero (polit\u00f3logo espa\u00f1ol), Mayra Santos Febres (novelista y ensayista de Puerto Rico), Jos\u00e9 Ram\u00f3n Fabelo (doctor en filosof\u00eda de origen cubano) y Paula M\u00f3naco (periodista y escritora argentina).<\/p>\n<p>Durante la conferencia de prensa encabezada por el Gobernador Salom\u00f3n Jara Cruz, la directora general del Instituto Estatal de Creaci\u00f3n Literaria y Promoci\u00f3n de la Lectura, Carmen S\u00e1nchez Parada expres\u00f3 que, a lo largo de una semana, se tendr\u00e1 una amplia cartelera conformada por m\u00e1s de 150 actividades, con cuentacuentos, mediadores de lectura y narradores orales.<\/p>\n<p>Adem\u00e1s, dijo, habr\u00e1 talleres de mediaci\u00f3n y creaci\u00f3n literaria, conversatorios dirigidos a la comunidad LGBTIQ+, de cultura alimentaria, lenguas originarias y personas con discapacidad. Se contar\u00e1 tambi\u00e9n con una ludoteca y bebeteca, zonas de editoriales y talleres.<\/p>\n<p>S\u00e1nchez Parada expres\u00f3 que la FILEO 2025 impulsada por la Primavera Oaxaque\u00f1a y organizada en coordinaci\u00f3n con las secretar\u00edas de las Culturas y Artes, de Educaci\u00f3n P\u00fablica de Oaxaca y el Instituto de Lenguas Originarias de Oaxaca; trasciende por su enfoque intercultural.<\/p>\n<p>\u201cSe concibe como un espacio de vinculaci\u00f3n y di\u00e1logo, pero tambi\u00e9n de reflexi\u00f3n, de debate y discusi\u00f3n para construir un reconocimiento genuino de la diversidad, la inclusi\u00f3n y la compartencia, donde salte a la vista la riqueza ling\u00fc\u00edstica, cultural y literaria de Oaxaca\u201d, dijo.<\/p>\n<p>Cabe destacar que esta Feria estar\u00e1 enmarcada por 16 participaciones artistas y grupos musicales, entre los expositores destacan 29 editoriales de Oaxaca y 32 nacionales, como: el Fondo de Cultura Econ\u00f3mica, Penguin Random House Grupo Editorial; Editorial Planeta, Siglo XXI, Almad\u00eda, Resistencia, Brigada para leer Libertad, Librer\u00eda El Burrito.<\/p>\n<p style=\"text-align: center\"><strong>-0-<\/strong><\/p>\n<div class=\"su-image-carousel  su-image-carousel-has-spacing su-image-carousel-crop su-image-carousel-crop-21-9 su-image-carousel-has-outline su-image-carousel-adaptive su-image-carousel-slides-style-default su-image-carousel-controls-style-dark su-image-carousel-align-center\" style=\"\" data-flickity-options='{\"groupCells\":true,\"cellSelector\":\".su-image-carousel-item\",\"adaptiveHeight\":false,\"cellAlign\":\"left\",\"prevNextButtons\":true,\"pageDots\":true,\"autoPlay\":5000,\"imagesLoaded\":true,\"contain\":true,\"selectedAttraction\":0.025,\"friction\":0.28}' id=\"su_image_carousel_69f72c044ebe0\"><div class=\"su-image-carousel-item\"><div class=\"su-image-carousel-item-content\"><img loading=\"lazy\" decoding=\"async\" width=\"1024\" height=\"682\" src=\"https:\/\/www.oaxaca.gob.mx\/comunicacion\/wp-content\/uploads\/sites\/28\/2025\/08\/11AGO25-FILEO1-1024x682.jpeg\" class=\"\" alt=\"\" srcset=\"https:\/\/www.oaxaca.gob.mx\/comunicacion\/wp-content\/uploads\/sites\/28\/2025\/08\/11AGO25-FILEO1-1024x682.jpeg 1024w, https:\/\/www.oaxaca.gob.mx\/comunicacion\/wp-content\/uploads\/sites\/28\/2025\/08\/11AGO25-FILEO1-300x200.jpeg 300w, https:\/\/www.oaxaca.gob.mx\/comunicacion\/wp-content\/uploads\/sites\/28\/2025\/08\/11AGO25-FILEO1-768x512.jpeg 768w, https:\/\/www.oaxaca.gob.mx\/comunicacion\/wp-content\/uploads\/sites\/28\/2025\/08\/11AGO25-FILEO1.jpeg 1280w\" sizes=\"auto, (max-width: 1024px) 100vw, 1024px\" \/><\/div><\/div><div class=\"su-image-carousel-item\"><div class=\"su-image-carousel-item-content\"><img loading=\"lazy\" decoding=\"async\" width=\"1024\" height=\"682\" src=\"https:\/\/www.oaxaca.gob.mx\/comunicacion\/wp-content\/uploads\/sites\/28\/2025\/08\/11AGO25-FILEO2-1024x682.jpeg\" class=\"\" alt=\"\" srcset=\"https:\/\/www.oaxaca.gob.mx\/comunicacion\/wp-content\/uploads\/sites\/28\/2025\/08\/11AGO25-FILEO2-1024x682.jpeg 1024w, https:\/\/www.oaxaca.gob.mx\/comunicacion\/wp-content\/uploads\/sites\/28\/2025\/08\/11AGO25-FILEO2-300x200.jpeg 300w, https:\/\/www.oaxaca.gob.mx\/comunicacion\/wp-content\/uploads\/sites\/28\/2025\/08\/11AGO25-FILEO2-768x512.jpeg 768w, https:\/\/www.oaxaca.gob.mx\/comunicacion\/wp-content\/uploads\/sites\/28\/2025\/08\/11AGO25-FILEO2.jpeg 1280w\" sizes=\"auto, (max-width: 1024px) 100vw, 1024px\" \/><\/div><\/div><div class=\"su-image-carousel-item\"><div class=\"su-image-carousel-item-content\"><img loading=\"lazy\" decoding=\"async\" width=\"1024\" height=\"682\" src=\"https:\/\/www.oaxaca.gob.mx\/comunicacion\/wp-content\/uploads\/sites\/28\/2025\/08\/11AGO25-FILEO3-1024x682.jpeg\" class=\"\" alt=\"\" srcset=\"https:\/\/www.oaxaca.gob.mx\/comunicacion\/wp-content\/uploads\/sites\/28\/2025\/08\/11AGO25-FILEO3-1024x682.jpeg 1024w, https:\/\/www.oaxaca.gob.mx\/comunicacion\/wp-content\/uploads\/sites\/28\/2025\/08\/11AGO25-FILEO3-300x200.jpeg 300w, https:\/\/www.oaxaca.gob.mx\/comunicacion\/wp-content\/uploads\/sites\/28\/2025\/08\/11AGO25-FILEO3-768x512.jpeg 768w, https:\/\/www.oaxaca.gob.mx\/comunicacion\/wp-content\/uploads\/sites\/28\/2025\/08\/11AGO25-FILEO3.jpeg 1280w\" sizes=\"auto, (max-width: 1024px) 100vw, 1024px\" \/><\/div><\/div><\/div><script id=\"su_image_carousel_69f72c044ebe0_script\">if(window.SUImageCarousel){setTimeout(function() {window.SUImageCarousel.initGallery(document.getElementById(\"su_image_carousel_69f72c044ebe0\"))}, 0);}var su_image_carousel_69f72c044ebe0_script=document.getElementById(\"su_image_carousel_69f72c044ebe0_script\");if(su_image_carousel_69f72c044ebe0_script){su_image_carousel_69f72c044ebe0_script.parentNode.removeChild(su_image_carousel_69f72c044ebe0_script);}<\/script>\n","protected":false},"excerpt":{"rendered":"<p>Oaxaca de Ju\u00e1rez, Oax. 11 de agosto de 2025. Con la presencia de m\u00e1s de 100 expositores, el Gobierno de Oaxaca llevar\u00e1 a cabo del 31 de agosto al 7 de septiembre la Feria Intercultural de Escritura y Lectura de Oaxaca FIELO 2025 Primavera Literaria. El z\u00f3calo de la ciudad de Oaxaca ser\u00e1 la sede [&hellip;]<\/p>\n","protected":false},"author":29,"featured_media":162000,"comment_status":"open","ping_status":"open","sticky":false,"template":"","format":"standard","meta":{"episode_type":"","audio_file":"","podmotor_file_id":"","podmotor_episode_id":"","cover_image":"","cover_image_id":"","duration":"","filesize":"","filesize_raw":"","date_recorded":"","explicit":"","block":"","itunes_episode_number":"","itunes_title":"","itunes_season_number":"","itunes_episode_type":"","footnotes":""},"categories":[1],"tags":[],"class_list":["post-161997","post","type-post","status-publish","format-standard","has-post-thumbnail","hentry","category-sin-categoria"],"acf":[],"publishpress_future_action":{"enabled":false,"date":"2026-05-10 05:05:40","action":"change-status","newStatus":"draft","terms":[],"taxonomy":"category","extraData":[]},"publishpress_future_workflow_manual_trigger":{"enabledWorkflows":[]},"_links":{"self":[{"href":"https:\/\/www.oaxaca.gob.mx\/comunicacion\/wp-json\/wp\/v2\/posts\/161997","targetHints":{"allow":["GET"]}}],"collection":[{"href":"https:\/\/www.oaxaca.gob.mx\/comunicacion\/wp-json\/wp\/v2\/posts"}],"about":[{"href":"https:\/\/www.oaxaca.gob.mx\/comunicacion\/wp-json\/wp\/v2\/types\/post"}],"author":[{"embeddable":true,"href":"https:\/\/www.oaxaca.gob.mx\/comunicacion\/wp-json\/wp\/v2\/users\/29"}],"replies":[{"embeddable":true,"href":"https:\/\/www.oaxaca.gob.mx\/comunicacion\/wp-json\/wp\/v2\/comments?post=161997"}],"version-history":[{"count":1,"href":"https:\/\/www.oaxaca.gob.mx\/comunicacion\/wp-json\/wp\/v2\/posts\/161997\/revisions"}],"predecessor-version":[{"id":162001,"href":"https:\/\/www.oaxaca.gob.mx\/comunicacion\/wp-json\/wp\/v2\/posts\/161997\/revisions\/162001"}],"wp:featuredmedia":[{"embeddable":true,"href":"https:\/\/www.oaxaca.gob.mx\/comunicacion\/wp-json\/wp\/v2\/media\/162000"}],"wp:attachment":[{"href":"https:\/\/www.oaxaca.gob.mx\/comunicacion\/wp-json\/wp\/v2\/media?parent=161997"}],"wp:term":[{"taxonomy":"category","embeddable":true,"href":"https:\/\/www.oaxaca.gob.mx\/comunicacion\/wp-json\/wp\/v2\/categories?post=161997"},{"taxonomy":"post_tag","embeddable":true,"href":"https:\/\/www.oaxaca.gob.mx\/comunicacion\/wp-json\/wp\/v2\/tags?post=161997"}],"curies":[{"name":"wp","href":"https:\/\/api.w.org\/{rel}","templated":true}]}}