{"id":158425,"date":"2025-06-27T11:52:05","date_gmt":"2025-06-27T17:52:05","guid":{"rendered":"https:\/\/www.oaxaca.gob.mx\/comunicacion\/?p=158425"},"modified":"2025-06-27T11:52:05","modified_gmt":"2025-06-27T17:52:05","slug":"destina-salomon-jara-ingresos-de-guelaguetza-2025-para-ayudar-a-personas-damnificadas-por-el-huracan-erick","status":"publish","type":"post","link":"https:\/\/www.oaxaca.gob.mx\/comunicacion\/destina-salomon-jara-ingresos-de-guelaguetza-2025-para-ayudar-a-personas-damnificadas-por-el-huracan-erick\/","title":{"rendered":"Destina Salom\u00f3n Jara ingresos de Guelaguetza 2025 para ayudar a personas damnificadas por el hurac\u00e1n Erick"},"content":{"rendered":"<div class=\"su-heading su-heading-style-default su-heading-align-center\" id=\"\" style=\"font-size:13px;margin-bottom:20px\"><div class=\"su-heading-inner\">Este fondo contempla los productos por la venta de boletos de las cuatro presentaciones en los dos Lunes del Cerro y la Feria del Mezcal, esta \u00faltima ha generado 30 mdp en a\u00f1o anteriores<\/div><\/div>\n<div class=\"su-heading su-heading-style-default su-heading-align-center\" id=\"\" style=\"font-size:13px;margin-bottom:20px\"><div class=\"su-heading-inner\">La coordinadora general de Asuntos Intergubernamentales y Participaci\u00f3n Social del Gobierno de M\u00e9xico, Leticia Ram\u00edrez Amaya resalt\u00f3 la ense\u00f1anza del pueblo de Oaxaca para trabajar en colaboraci\u00f3n <\/div><\/div>\n<p><strong>Santiago Pinotepa Nacional, Oax. 27 de junio de 2025.-<\/strong> El Gobernador Salom\u00f3n Jara Cruz anunci\u00f3 que todos los ingresos que se obtengan por la venta de boletos de entrada a los dos Lunes del Cerro de la Guelaguetza 2025, as\u00ed como de la Feria del Mezcal; ser\u00e1n destinados a apoyar a las personas damnificadas por el hurac\u00e1n Erick.<\/p>\n<p>De acuerdo con el registro de la Secretar\u00eda de Desarrollo Econ\u00f3mico (Sedeco), el evento que re\u00fane a personas productoras de mezcal ha generado, en a\u00f1os anteriores, ingresos por m\u00e1s de 30 millones de pesos.<\/p>\n<div class=\"su-quote su-quote-style-default\"><div class=\"su-quote-inner su-u-clearfix su-u-trim\">\u201cLa Costa est\u00e1 de pie y no se arrodilla ante cualquier tormenta o problema. Los da\u00f1os en el campo, los caminos, las viviendas, a\u00fan no lo hemos cuantificado; pero es mucho m\u00e1s de lo que nos pueda dar la Guelaguetza. Estamos conjuntando esfuerzos\u201d, dijo.<\/div><\/div>\n<p>El Mandatario estatal destac\u00f3 la uni\u00f3n de los tres niveles de gobierno y de la sociedad, quienes han trabajado de manera organizada para restablecer los servicios b\u00e1sicos, limpieza las zonas afectadas y despejar los caminos; tras el impacto del hurac\u00e1n Erick, hace una semana. Especialmente, agradeci\u00f3 a la Presidenta Claudia Sheinbaum Pardo su apoyo desde el primer momento.<\/p>\n<p>Explic\u00f3 que \u00e9l, junto con las mujeres y hombres que integran los gabinetes legal y ampliado del Gobierno del Estado han visitado todos los municipios y comunidades con afectaciones, otorgando ayuda humanitaria, limpieza general de espacios p\u00fablicos, calles y caminos, as\u00ed como potabilizaci\u00f3n de agua.<\/p>\n<p>La coordinadora general de Asuntos Intergubernamentales y Participaci\u00f3n Social del Gobierno de M\u00e9xico, Leticia Ram\u00edrez Amaya, resalt\u00f3 la ense\u00f1anza del pueblo de Oaxaca para trabajar en colaboraci\u00f3n, y con ese esp\u00edritu, personas Servidoras de la Naci\u00f3n han llegado a la zona desde distintos puntos del pa\u00eds para apoyar.<\/p>\n<div class=\"su-quote su-quote-style-default\"><div class=\"su-quote-inner su-u-clearfix su-u-trim\">\u201cLo m\u00e1s importante es atender al pueblo y estar en territorio, coordinados con el Gobernador Salom\u00f3n Jara lo estamos haciendo\u201d, expres\u00f3 la funcionaria designada por la Presidenta Claudia Sheinbaum para coordinar la atenci\u00f3n federal a las personas damnificadas.<\/div><\/div>\n<p>Por su parte, el titular de la Coordinaci\u00f3n Estatal de Protecci\u00f3n Civil y Gesti\u00f3n de Riesgos (CEPCyGR), Manuel Maza S\u00e1nchez report\u00f3 que, ahora hay presencia de una zona de baja presi\u00f3n al sureste de Oaxaca, la cual mantiene un 50 por ciento de probabilidades para el desarrollo cicl\u00f3nico en las pr\u00f3ximas 48 horas y 90 por ciento en siete d\u00edas.<\/p>\n<p>Las actividades programadas para Julio, Mes de la Guelaguetza se realizar\u00e1n acorde a lo planeado, en este sentido, el titular de la Secretar\u00eda de las Culturas y Artes de Oaxaca (Seculta), Flavio Sosa Villavicencio inform\u00f3 que el Certamen de la Diosa Cent\u00e9otl, se efectuar\u00e1 los d\u00edas 28 y 29 de junio en la Plaza de la Danza de la capital oaxaque\u00f1a, a las 16:00 horas, con la participaci\u00f3n de 39 representantes.<\/p>\n<p>&nbsp;<\/p>\n<p style=\"text-align: center\"><strong>-0-<\/strong><\/p>\n<div class=\"su-image-carousel  su-image-carousel-has-spacing su-image-carousel-crop su-image-carousel-crop-16-10 su-image-carousel-has-outline su-image-carousel-adaptive su-image-carousel-slides-style-photo su-image-carousel-controls-style-dark su-image-carousel-align-center\" style=\"\" data-flickity-options='{\"groupCells\":true,\"cellSelector\":\".su-image-carousel-item\",\"adaptiveHeight\":false,\"cellAlign\":\"left\",\"prevNextButtons\":true,\"pageDots\":true,\"autoPlay\":5000,\"imagesLoaded\":true,\"contain\":true,\"selectedAttraction\":0.025,\"friction\":0.28}' id=\"su_image_carousel_69f49a482de41\"><div class=\"su-image-carousel-item\"><div class=\"su-image-carousel-item-content\"><img loading=\"lazy\" decoding=\"async\" width=\"900\" height=\"600\" src=\"https:\/\/www.oaxaca.gob.mx\/comunicacion\/wp-content\/uploads\/sites\/28\/2025\/06\/88e05f18-bf5f-43b8-8991-f0ff67bdf667.jpeg\" class=\"\" alt=\"\" srcset=\"https:\/\/www.oaxaca.gob.mx\/comunicacion\/wp-content\/uploads\/sites\/28\/2025\/06\/88e05f18-bf5f-43b8-8991-f0ff67bdf667.jpeg 900w, https:\/\/www.oaxaca.gob.mx\/comunicacion\/wp-content\/uploads\/sites\/28\/2025\/06\/88e05f18-bf5f-43b8-8991-f0ff67bdf667-300x200.jpeg 300w, https:\/\/www.oaxaca.gob.mx\/comunicacion\/wp-content\/uploads\/sites\/28\/2025\/06\/88e05f18-bf5f-43b8-8991-f0ff67bdf667-768x512.jpeg 768w\" sizes=\"auto, (max-width: 900px) 100vw, 900px\" \/><\/div><\/div><div class=\"su-image-carousel-item\"><div class=\"su-image-carousel-item-content\"><img loading=\"lazy\" decoding=\"async\" width=\"900\" height=\"600\" src=\"https:\/\/www.oaxaca.gob.mx\/comunicacion\/wp-content\/uploads\/sites\/28\/2025\/06\/2c7a2f63-0168-4cc1-a7a2-5896a5442b48.jpeg\" class=\"\" alt=\"\" srcset=\"https:\/\/www.oaxaca.gob.mx\/comunicacion\/wp-content\/uploads\/sites\/28\/2025\/06\/2c7a2f63-0168-4cc1-a7a2-5896a5442b48.jpeg 900w, https:\/\/www.oaxaca.gob.mx\/comunicacion\/wp-content\/uploads\/sites\/28\/2025\/06\/2c7a2f63-0168-4cc1-a7a2-5896a5442b48-300x200.jpeg 300w, https:\/\/www.oaxaca.gob.mx\/comunicacion\/wp-content\/uploads\/sites\/28\/2025\/06\/2c7a2f63-0168-4cc1-a7a2-5896a5442b48-768x512.jpeg 768w\" sizes=\"auto, (max-width: 900px) 100vw, 900px\" \/><\/div><\/div><\/div><script id=\"su_image_carousel_69f49a482de41_script\">if(window.SUImageCarousel){setTimeout(function() {window.SUImageCarousel.initGallery(document.getElementById(\"su_image_carousel_69f49a482de41\"))}, 0);}var su_image_carousel_69f49a482de41_script=document.getElementById(\"su_image_carousel_69f49a482de41_script\");if(su_image_carousel_69f49a482de41_script){su_image_carousel_69f49a482de41_script.parentNode.removeChild(su_image_carousel_69f49a482de41_script);}<\/script>\n","protected":false},"excerpt":{"rendered":"<p>Santiago Pinotepa Nacional, Oax. 27 de junio de 2025.- El Gobernador Salom\u00f3n Jara Cruz anunci\u00f3 que todos los ingresos que se obtengan por la venta de boletos de entrada a los dos Lunes del Cerro de la Guelaguetza 2025, as\u00ed como de la Feria del Mezcal; ser\u00e1n destinados a apoyar a las personas damnificadas por [&hellip;]<\/p>\n","protected":false},"author":29,"featured_media":158426,"comment_status":"open","ping_status":"open","sticky":false,"template":"","format":"standard","meta":{"episode_type":"","audio_file":"","podmotor_file_id":"","podmotor_episode_id":"","cover_image":"","cover_image_id":"","duration":"","filesize":"","filesize_raw":"","date_recorded":"","explicit":"","block":"","itunes_episode_number":"","itunes_title":"","itunes_season_number":"","itunes_episode_type":"","footnotes":""},"categories":[7],"tags":[647],"class_list":["post-158425","post","type-post","status-publish","format-standard","has-post-thumbnail","hentry","category-slide","tag-salomon-jara-cruz"],"acf":[],"publishpress_future_action":{"enabled":false,"date":"2026-05-08 06:19:20","action":"change-status","newStatus":"draft","terms":[],"taxonomy":"category","extraData":[]},"publishpress_future_workflow_manual_trigger":{"enabledWorkflows":[]},"_links":{"self":[{"href":"https:\/\/www.oaxaca.gob.mx\/comunicacion\/wp-json\/wp\/v2\/posts\/158425","targetHints":{"allow":["GET"]}}],"collection":[{"href":"https:\/\/www.oaxaca.gob.mx\/comunicacion\/wp-json\/wp\/v2\/posts"}],"about":[{"href":"https:\/\/www.oaxaca.gob.mx\/comunicacion\/wp-json\/wp\/v2\/types\/post"}],"author":[{"embeddable":true,"href":"https:\/\/www.oaxaca.gob.mx\/comunicacion\/wp-json\/wp\/v2\/users\/29"}],"replies":[{"embeddable":true,"href":"https:\/\/www.oaxaca.gob.mx\/comunicacion\/wp-json\/wp\/v2\/comments?post=158425"}],"version-history":[{"count":1,"href":"https:\/\/www.oaxaca.gob.mx\/comunicacion\/wp-json\/wp\/v2\/posts\/158425\/revisions"}],"predecessor-version":[{"id":158428,"href":"https:\/\/www.oaxaca.gob.mx\/comunicacion\/wp-json\/wp\/v2\/posts\/158425\/revisions\/158428"}],"wp:featuredmedia":[{"embeddable":true,"href":"https:\/\/www.oaxaca.gob.mx\/comunicacion\/wp-json\/wp\/v2\/media\/158426"}],"wp:attachment":[{"href":"https:\/\/www.oaxaca.gob.mx\/comunicacion\/wp-json\/wp\/v2\/media?parent=158425"}],"wp:term":[{"taxonomy":"category","embeddable":true,"href":"https:\/\/www.oaxaca.gob.mx\/comunicacion\/wp-json\/wp\/v2\/categories?post=158425"},{"taxonomy":"post_tag","embeddable":true,"href":"https:\/\/www.oaxaca.gob.mx\/comunicacion\/wp-json\/wp\/v2\/tags?post=158425"}],"curies":[{"name":"wp","href":"https:\/\/api.w.org\/{rel}","templated":true}]}}