{"id":156333,"date":"2025-06-05T23:25:42","date_gmt":"2025-06-06T05:25:42","guid":{"rendered":"https:\/\/www.oaxaca.gob.mx\/comunicacion\/?p=156333"},"modified":"2025-06-05T23:25:42","modified_gmt":"2025-06-06T05:25:42","slug":"sahara-monroy-brilla-con-5-medallas-en-la-olimpiada-nacional-conade-2025","status":"publish","type":"post","link":"https:\/\/www.oaxaca.gob.mx\/comunicacion\/sahara-monroy-brilla-con-5-medallas-en-la-olimpiada-nacional-conade-2025\/","title":{"rendered":"Sahara Monroy brilla con 5 medallas en la Olimpiada Nacional Conade 2025"},"content":{"rendered":"<div class=\"su-heading su-heading-style-default su-heading-align-center\" id=\"\" style=\"font-size:13px;margin-bottom:20px\"><div class=\"su-heading-inner\">\u2022 La nadadora oaxaque\u00f1a obtuvo tres oros y dos platas en distintas pruebas<\/p>\n<p>\u2022 Fue seleccionada para representar a M\u00e9xico en el Campeonato Mundial Junior 2025 en Rumania<\/div><\/div>\n<p><strong>Zapopan, Jal. 5 de junio de 2025.-<\/strong> La nadadora Sahara Monroy Garc\u00eda tuvo una destacada participaci\u00f3n en la Olimpiada Nacional Conade 2025 al conquistar cinco medallas en distintas pruebas realizadas en el Centro Acu\u00e1tico Polideportivo Metropolitano de Zapopan, Jalisco; lo que la consolida como una de las figuras m\u00e1s sobresalientes de la delegaci\u00f3n oaxaque\u00f1a.<\/p>\n<p>En su primera competencia de 200 metros estilo mariposa, Monroy se colg\u00f3 la medalla de oro tras registrar un tiempo de 2:19.61 minutos, marcando el inicio de una exitosa trayectoria en la justa nacional.<\/p>\n<p>Posteriormente, sum\u00f3 una segunda presea dorada en la prueba de 50 metros estilo mariposa, en la que detuvo el cron\u00f3metro en 28.48 segundos. Esta actuaci\u00f3n ratific\u00f3 su habilidad en pruebas de velocidad, as\u00ed como su capacidad para mantenerse en la \u00e9lite de la competencia.<\/p>\n<p>El martes 3 de junio marc\u00f3 un momento significativo en su carrera deportiva al ser preseleccionada oficialmente para representar a M\u00e9xico en el Campeonato Mundial Junior 2025, a celebrarse del 19 al 24 de agosto en Otopeni, Rumania. Este anuncio se suma al reconocimiento de su potencial internacional.<\/p>\n<p>Ese mismo d\u00eda, obtuvo una medalla de plata en los 100 metros estilo mariposa, reafirmando su versatilidad y consistencia en el alto rendimiento.<\/p>\n<p>Asimismo, el mi\u00e9rcoles 4 de junio a\u00f1adi\u00f3 otra presea de plata en la prueba de 200 metros estilo libre, consolidando as\u00ed una participaci\u00f3n notable que la posiciona entre las principales figuras juveniles de la nataci\u00f3n a nivel nacional.<\/p>\n<p>Finalmente, este jueves concluy\u00f3 su participaci\u00f3n con una tercera medalla de oro en la prueba de los 200 metros combinados, con la que super\u00f3 sus resultados alcanzados en ediciones anteriores y fortaleci\u00f3 su proyecci\u00f3n dentro del panorama deportivo nacional e internacional.<\/p>\n<p>Este destacado desempe\u00f1o es tambi\u00e9n reflejo del acompa\u00f1amiento y preparaci\u00f3n t\u00e9cnica brindada por su entrenador Guillermo Velasco Arag\u00f3n, quien ha sido pieza clave en su desarrollo deportivo.<\/p>\n<p>El Gobierno de la Primavera Oaxaque\u00f1a reitera su respaldo a las y los atletas que representan con orgullo a la entidad en competencias de talla nacional, promoviendo as\u00ed el desarrollo integral de la juventud a trav\u00e9s del deporte y fomentando una mayor participaci\u00f3n en distintas disciplinas.<\/p>\n<p style=\"text-align: center\"><strong>-0-<\/strong><\/p>\n<div class=\"su-image-carousel  su-image-carousel-has-spacing su-image-carousel-crop su-image-carousel-crop-21-9 su-image-carousel-has-outline su-image-carousel-adaptive su-image-carousel-slides-style-photo su-image-carousel-controls-style-dark su-image-carousel-align-center\" style=\"\" data-flickity-options='{\"groupCells\":true,\"cellSelector\":\".su-image-carousel-item\",\"adaptiveHeight\":false,\"cellAlign\":\"left\",\"prevNextButtons\":true,\"pageDots\":true,\"autoPlay\":5000,\"imagesLoaded\":true,\"contain\":true,\"selectedAttraction\":0.025,\"friction\":0.28}' id=\"su_image_carousel_69f4e17d4bc7c\"><div class=\"su-image-carousel-item\"><div class=\"su-image-carousel-item-content\"><img loading=\"lazy\" decoding=\"async\" width=\"833\" height=\"1024\" src=\"https:\/\/www.oaxaca.gob.mx\/comunicacion\/wp-content\/uploads\/sites\/28\/2025\/06\/05jun25-CONADE-SAHARA-1-833x1024.jpeg\" class=\"\" alt=\"\" srcset=\"https:\/\/www.oaxaca.gob.mx\/comunicacion\/wp-content\/uploads\/sites\/28\/2025\/06\/05jun25-CONADE-SAHARA-1-833x1024.jpeg 833w, https:\/\/www.oaxaca.gob.mx\/comunicacion\/wp-content\/uploads\/sites\/28\/2025\/06\/05jun25-CONADE-SAHARA-1-244x300.jpeg 244w, https:\/\/www.oaxaca.gob.mx\/comunicacion\/wp-content\/uploads\/sites\/28\/2025\/06\/05jun25-CONADE-SAHARA-1-768x944.jpeg 768w, https:\/\/www.oaxaca.gob.mx\/comunicacion\/wp-content\/uploads\/sites\/28\/2025\/06\/05jun25-CONADE-SAHARA-1.jpeg 980w\" sizes=\"auto, (max-width: 833px) 100vw, 833px\" \/><\/div><\/div><div class=\"su-image-carousel-item\"><div class=\"su-image-carousel-item-content\"><img loading=\"lazy\" decoding=\"async\" width=\"1024\" height=\"682\" src=\"https:\/\/www.oaxaca.gob.mx\/comunicacion\/wp-content\/uploads\/sites\/28\/2025\/06\/05jun25-CONADE-SAHARA-2-1024x682.jpeg\" class=\"\" alt=\"\" srcset=\"https:\/\/www.oaxaca.gob.mx\/comunicacion\/wp-content\/uploads\/sites\/28\/2025\/06\/05jun25-CONADE-SAHARA-2-1024x682.jpeg 1024w, https:\/\/www.oaxaca.gob.mx\/comunicacion\/wp-content\/uploads\/sites\/28\/2025\/06\/05jun25-CONADE-SAHARA-2-300x200.jpeg 300w, https:\/\/www.oaxaca.gob.mx\/comunicacion\/wp-content\/uploads\/sites\/28\/2025\/06\/05jun25-CONADE-SAHARA-2-768x512.jpeg 768w, https:\/\/www.oaxaca.gob.mx\/comunicacion\/wp-content\/uploads\/sites\/28\/2025\/06\/05jun25-CONADE-SAHARA-2-1536x1023.jpeg 1536w, https:\/\/www.oaxaca.gob.mx\/comunicacion\/wp-content\/uploads\/sites\/28\/2025\/06\/05jun25-CONADE-SAHARA-2.jpeg 1600w\" sizes=\"auto, (max-width: 1024px) 100vw, 1024px\" \/><\/div><\/div><div class=\"su-image-carousel-item\"><div class=\"su-image-carousel-item-content\"><img loading=\"lazy\" decoding=\"async\" width=\"1024\" height=\"682\" src=\"https:\/\/www.oaxaca.gob.mx\/comunicacion\/wp-content\/uploads\/sites\/28\/2025\/06\/05jun25-CONADE-SAHARA-3-1024x682.jpeg\" class=\"\" alt=\"\" srcset=\"https:\/\/www.oaxaca.gob.mx\/comunicacion\/wp-content\/uploads\/sites\/28\/2025\/06\/05jun25-CONADE-SAHARA-3-1024x682.jpeg 1024w, https:\/\/www.oaxaca.gob.mx\/comunicacion\/wp-content\/uploads\/sites\/28\/2025\/06\/05jun25-CONADE-SAHARA-3-300x200.jpeg 300w, https:\/\/www.oaxaca.gob.mx\/comunicacion\/wp-content\/uploads\/sites\/28\/2025\/06\/05jun25-CONADE-SAHARA-3-768x512.jpeg 768w, https:\/\/www.oaxaca.gob.mx\/comunicacion\/wp-content\/uploads\/sites\/28\/2025\/06\/05jun25-CONADE-SAHARA-3-1536x1023.jpeg 1536w, https:\/\/www.oaxaca.gob.mx\/comunicacion\/wp-content\/uploads\/sites\/28\/2025\/06\/05jun25-CONADE-SAHARA-3.jpeg 1600w\" sizes=\"auto, (max-width: 1024px) 100vw, 1024px\" \/><\/div><\/div><div class=\"su-image-carousel-item\"><div class=\"su-image-carousel-item-content\"><img loading=\"lazy\" decoding=\"async\" width=\"1024\" height=\"682\" src=\"https:\/\/www.oaxaca.gob.mx\/comunicacion\/wp-content\/uploads\/sites\/28\/2025\/06\/05jun25-CONADE-SAHARA-4-1024x682.jpeg\" class=\"\" alt=\"\" srcset=\"https:\/\/www.oaxaca.gob.mx\/comunicacion\/wp-content\/uploads\/sites\/28\/2025\/06\/05jun25-CONADE-SAHARA-4-1024x682.jpeg 1024w, https:\/\/www.oaxaca.gob.mx\/comunicacion\/wp-content\/uploads\/sites\/28\/2025\/06\/05jun25-CONADE-SAHARA-4-300x200.jpeg 300w, https:\/\/www.oaxaca.gob.mx\/comunicacion\/wp-content\/uploads\/sites\/28\/2025\/06\/05jun25-CONADE-SAHARA-4-768x512.jpeg 768w, https:\/\/www.oaxaca.gob.mx\/comunicacion\/wp-content\/uploads\/sites\/28\/2025\/06\/05jun25-CONADE-SAHARA-4-1536x1023.jpeg 1536w, https:\/\/www.oaxaca.gob.mx\/comunicacion\/wp-content\/uploads\/sites\/28\/2025\/06\/05jun25-CONADE-SAHARA-4.jpeg 1600w\" sizes=\"auto, (max-width: 1024px) 100vw, 1024px\" \/><\/div><\/div><\/div><script id=\"su_image_carousel_69f4e17d4bc7c_script\">if(window.SUImageCarousel){setTimeout(function() {window.SUImageCarousel.initGallery(document.getElementById(\"su_image_carousel_69f4e17d4bc7c\"))}, 0);}var su_image_carousel_69f4e17d4bc7c_script=document.getElementById(\"su_image_carousel_69f4e17d4bc7c_script\");if(su_image_carousel_69f4e17d4bc7c_script){su_image_carousel_69f4e17d4bc7c_script.parentNode.removeChild(su_image_carousel_69f4e17d4bc7c_script);}<\/script>\n","protected":false},"excerpt":{"rendered":"<p>Zapopan, Jal. 5 de junio de 2025.- La nadadora Sahara Monroy Garc\u00eda tuvo una destacada participaci\u00f3n en la Olimpiada Nacional Conade 2025 al conquistar cinco medallas en distintas pruebas realizadas en el Centro Acu\u00e1tico Polideportivo Metropolitano de Zapopan, Jalisco; lo que la consolida como una de las figuras m\u00e1s sobresalientes de la delegaci\u00f3n oaxaque\u00f1a. En [&hellip;]<\/p>\n","protected":false},"author":29,"featured_media":156337,"comment_status":"open","ping_status":"open","sticky":false,"template":"","format":"standard","meta":{"episode_type":"","audio_file":"","podmotor_file_id":"","podmotor_episode_id":"","cover_image":"","cover_image_id":"","duration":"","filesize":"","filesize_raw":"","date_recorded":"","explicit":"","block":"","itunes_episode_number":"","itunes_title":"","itunes_season_number":"","itunes_episode_type":"","footnotes":""},"categories":[8],"tags":[2657],"class_list":["post-156333","post","type-post","status-publish","format-standard","has-post-thumbnail","hentry","category-noticias","tag-olimpiada-nacional-conade-2025"],"acf":[],"publishpress_future_action":{"enabled":false,"date":"2026-05-08 11:23:09","action":"change-status","newStatus":"draft","terms":[],"taxonomy":"category","extraData":[]},"publishpress_future_workflow_manual_trigger":{"enabledWorkflows":[]},"_links":{"self":[{"href":"https:\/\/www.oaxaca.gob.mx\/comunicacion\/wp-json\/wp\/v2\/posts\/156333","targetHints":{"allow":["GET"]}}],"collection":[{"href":"https:\/\/www.oaxaca.gob.mx\/comunicacion\/wp-json\/wp\/v2\/posts"}],"about":[{"href":"https:\/\/www.oaxaca.gob.mx\/comunicacion\/wp-json\/wp\/v2\/types\/post"}],"author":[{"embeddable":true,"href":"https:\/\/www.oaxaca.gob.mx\/comunicacion\/wp-json\/wp\/v2\/users\/29"}],"replies":[{"embeddable":true,"href":"https:\/\/www.oaxaca.gob.mx\/comunicacion\/wp-json\/wp\/v2\/comments?post=156333"}],"version-history":[{"count":1,"href":"https:\/\/www.oaxaca.gob.mx\/comunicacion\/wp-json\/wp\/v2\/posts\/156333\/revisions"}],"predecessor-version":[{"id":156338,"href":"https:\/\/www.oaxaca.gob.mx\/comunicacion\/wp-json\/wp\/v2\/posts\/156333\/revisions\/156338"}],"wp:featuredmedia":[{"embeddable":true,"href":"https:\/\/www.oaxaca.gob.mx\/comunicacion\/wp-json\/wp\/v2\/media\/156337"}],"wp:attachment":[{"href":"https:\/\/www.oaxaca.gob.mx\/comunicacion\/wp-json\/wp\/v2\/media?parent=156333"}],"wp:term":[{"taxonomy":"category","embeddable":true,"href":"https:\/\/www.oaxaca.gob.mx\/comunicacion\/wp-json\/wp\/v2\/categories?post=156333"},{"taxonomy":"post_tag","embeddable":true,"href":"https:\/\/www.oaxaca.gob.mx\/comunicacion\/wp-json\/wp\/v2\/tags?post=156333"}],"curies":[{"name":"wp","href":"https:\/\/api.w.org\/{rel}","templated":true}]}}