{"id":151818,"date":"2025-04-12T16:55:23","date_gmt":"2025-04-12T22:55:23","guid":{"rendered":"https:\/\/www.oaxaca.gob.mx\/comunicacion\/?p=151818"},"modified":"2025-04-12T16:55:33","modified_gmt":"2025-04-12T22:55:33","slug":"tendra-puerto-escondido-segundo-vuelo-internacional-desde-dallas-fort-worth-estados-unidos","status":"publish","type":"post","link":"https:\/\/www.oaxaca.gob.mx\/comunicacion\/tendra-puerto-escondido-segundo-vuelo-internacional-desde-dallas-fort-worth-estados-unidos\/","title":{"rendered":"Tendr\u00e1 Puerto Escondido segundo vuelo internacional desde Dallas-Fort Worth, Estados Unidos"},"content":{"rendered":"<div class=\"su-heading su-heading-style-default su-heading-align-center\" id=\"\" style=\"font-size:20px;margin-bottom:20px\"><div class=\"su-heading-inner\">\u2022 American Airlines anunci\u00f3 el inicio de estos vuelos en diciembre de este a\u00f1o para sum<\/div><\/div>\n<p><strong>Oaxaca de Ju\u00e1rez, Oax. 12 de abril de 2025.-<\/strong> A partir del 3 de diciembre iniciar\u00e1 operaciones la ruta a\u00e9rea que conectar\u00e1 a Puerto Escondido con Dallas \u2013 Fort Worth, en Estados Unidos, a trav\u00e9s de American Airlines; anunci\u00f3 la titular de la Secretar\u00eda de Turismo del Estado (Sectur Oaxaca) Saymi Pineda Velasco.<\/p>\n<p>Destac\u00f3 que este nuevo vuelo internacional beneficiar\u00e1 a los sectores productivos y sociales de Puerto Escondido, y se suma a la ruta que comenz\u00f3 operaciones el pasado 5 de abril para conectar a Houston con este destino de la Costa.<\/p>\n<p>\u201cEstas nuevas rutas son resultado del firme respaldo del Gobierno de M\u00e9xico, encabezado por la Presidenta Claudia Sheinbaum Pardo; con ello, se materializa la modernizaci\u00f3n del aeropuerto, que ahora permite operar vuelos internacionales, gracias tambi\u00e9n al impulso del Gobernador Salom\u00f3n Jara Cruz para consolidar al turismo como motor de desarrollo econ\u00f3mico y social\u201d, expres\u00f3.<\/p>\n<p>La funcionaria expuso que el vuelo ser\u00e1 directo y sin escalas con frecuencias los d\u00edas mi\u00e9rcoles y s\u00e1bado en un avi\u00f3n Embraer 175, consolidando al centro vacacional como uno de los favoritos para el turismo internacional.<\/p>\n<p>Pineda Velasco resalt\u00f3 que, al convertirse en el destino n\u00famero 30 en M\u00e9xico para la aerol\u00ednea, Puerto Escondido es reconocido como un punto estrat\u00e9gico para que las y los pasajeros descubran m\u00e1s experiencias en el pa\u00eds, al ser considerado por la propia aerol\u00ednea como un lugar ideal para quienes aman la aventura y buscan los mejores destinos de sol y playa.<\/p>\n<p style=\"text-align: center\"><strong>-0-<\/strong><\/p>\n<div class=\"su-image-carousel  su-image-carousel-has-spacing su-image-carousel-crop su-image-carousel-crop-21-9 su-image-carousel-has-outline su-image-carousel-adaptive su-image-carousel-slides-style-photo su-image-carousel-controls-style-dark su-image-carousel-align-center\" style=\"\" data-flickity-options='{\"groupCells\":true,\"cellSelector\":\".su-image-carousel-item\",\"adaptiveHeight\":false,\"cellAlign\":\"left\",\"prevNextButtons\":true,\"pageDots\":true,\"autoPlay\":5000,\"imagesLoaded\":true,\"contain\":true,\"selectedAttraction\":0.025,\"friction\":0.28}' id=\"su_image_carousel_69f4877c1a7c1\"><div class=\"su-image-carousel-item\"><div class=\"su-image-carousel-item-content\"><img loading=\"lazy\" decoding=\"async\" width=\"1024\" height=\"575\" src=\"https:\/\/www.oaxaca.gob.mx\/comunicacion\/wp-content\/uploads\/sites\/28\/2025\/04\/12ABR25-SECTUR-PTO-ESCONDIDO-1-1024x575.jpeg\" class=\"\" alt=\"\" srcset=\"https:\/\/www.oaxaca.gob.mx\/comunicacion\/wp-content\/uploads\/sites\/28\/2025\/04\/12ABR25-SECTUR-PTO-ESCONDIDO-1-1024x575.jpeg 1024w, https:\/\/www.oaxaca.gob.mx\/comunicacion\/wp-content\/uploads\/sites\/28\/2025\/04\/12ABR25-SECTUR-PTO-ESCONDIDO-1-300x168.jpeg 300w, https:\/\/www.oaxaca.gob.mx\/comunicacion\/wp-content\/uploads\/sites\/28\/2025\/04\/12ABR25-SECTUR-PTO-ESCONDIDO-1-768x431.jpeg 768w, https:\/\/www.oaxaca.gob.mx\/comunicacion\/wp-content\/uploads\/sites\/28\/2025\/04\/12ABR25-SECTUR-PTO-ESCONDIDO-1-1536x862.jpeg 1536w, https:\/\/www.oaxaca.gob.mx\/comunicacion\/wp-content\/uploads\/sites\/28\/2025\/04\/12ABR25-SECTUR-PTO-ESCONDIDO-1.jpeg 1600w\" sizes=\"auto, (max-width: 1024px) 100vw, 1024px\" \/><\/div><\/div><div class=\"su-image-carousel-item\"><div class=\"su-image-carousel-item-content\"><img loading=\"lazy\" decoding=\"async\" width=\"1024\" height=\"576\" src=\"https:\/\/www.oaxaca.gob.mx\/comunicacion\/wp-content\/uploads\/sites\/28\/2025\/04\/12ABR25-SECTUR-PTO-ESCONDIDO-2-1024x576.jpeg\" class=\"\" alt=\"\" srcset=\"https:\/\/www.oaxaca.gob.mx\/comunicacion\/wp-content\/uploads\/sites\/28\/2025\/04\/12ABR25-SECTUR-PTO-ESCONDIDO-2-1024x576.jpeg 1024w, https:\/\/www.oaxaca.gob.mx\/comunicacion\/wp-content\/uploads\/sites\/28\/2025\/04\/12ABR25-SECTUR-PTO-ESCONDIDO-2-300x169.jpeg 300w, https:\/\/www.oaxaca.gob.mx\/comunicacion\/wp-content\/uploads\/sites\/28\/2025\/04\/12ABR25-SECTUR-PTO-ESCONDIDO-2-768x432.jpeg 768w, https:\/\/www.oaxaca.gob.mx\/comunicacion\/wp-content\/uploads\/sites\/28\/2025\/04\/12ABR25-SECTUR-PTO-ESCONDIDO-2-1536x864.jpeg 1536w, https:\/\/www.oaxaca.gob.mx\/comunicacion\/wp-content\/uploads\/sites\/28\/2025\/04\/12ABR25-SECTUR-PTO-ESCONDIDO-2.jpeg 1600w\" sizes=\"auto, (max-width: 1024px) 100vw, 1024px\" \/><\/div><\/div><div class=\"su-image-carousel-item\"><div class=\"su-image-carousel-item-content\"><img loading=\"lazy\" decoding=\"async\" width=\"1024\" height=\"684\" src=\"https:\/\/www.oaxaca.gob.mx\/comunicacion\/wp-content\/uploads\/sites\/28\/2025\/04\/12ABR25-SECTUR-PTO-ESCONDIDO-3-1024x684.jpeg\" class=\"\" alt=\"\" srcset=\"https:\/\/www.oaxaca.gob.mx\/comunicacion\/wp-content\/uploads\/sites\/28\/2025\/04\/12ABR25-SECTUR-PTO-ESCONDIDO-3-1024x684.jpeg 1024w, https:\/\/www.oaxaca.gob.mx\/comunicacion\/wp-content\/uploads\/sites\/28\/2025\/04\/12ABR25-SECTUR-PTO-ESCONDIDO-3-300x200.jpeg 300w, https:\/\/www.oaxaca.gob.mx\/comunicacion\/wp-content\/uploads\/sites\/28\/2025\/04\/12ABR25-SECTUR-PTO-ESCONDIDO-3-768x513.jpeg 768w, https:\/\/www.oaxaca.gob.mx\/comunicacion\/wp-content\/uploads\/sites\/28\/2025\/04\/12ABR25-SECTUR-PTO-ESCONDIDO-3-1536x1025.jpeg 1536w, https:\/\/www.oaxaca.gob.mx\/comunicacion\/wp-content\/uploads\/sites\/28\/2025\/04\/12ABR25-SECTUR-PTO-ESCONDIDO-3.jpeg 1600w\" sizes=\"auto, (max-width: 1024px) 100vw, 1024px\" \/><\/div><\/div><div class=\"su-image-carousel-item\"><div class=\"su-image-carousel-item-content\"><img loading=\"lazy\" decoding=\"async\" width=\"750\" height=\"540\" src=\"https:\/\/www.oaxaca.gob.mx\/comunicacion\/wp-content\/uploads\/sites\/28\/2025\/04\/12ABR25-SECTUR-PTO-ESCONDIDO-4.jpeg\" class=\"\" alt=\"\" srcset=\"https:\/\/www.oaxaca.gob.mx\/comunicacion\/wp-content\/uploads\/sites\/28\/2025\/04\/12ABR25-SECTUR-PTO-ESCONDIDO-4.jpeg 750w, https:\/\/www.oaxaca.gob.mx\/comunicacion\/wp-content\/uploads\/sites\/28\/2025\/04\/12ABR25-SECTUR-PTO-ESCONDIDO-4-300x216.jpeg 300w\" sizes=\"auto, (max-width: 750px) 100vw, 750px\" \/><\/div><\/div><\/div><script id=\"su_image_carousel_69f4877c1a7c1_script\">if(window.SUImageCarousel){setTimeout(function() {window.SUImageCarousel.initGallery(document.getElementById(\"su_image_carousel_69f4877c1a7c1\"))}, 0);}var su_image_carousel_69f4877c1a7c1_script=document.getElementById(\"su_image_carousel_69f4877c1a7c1_script\");if(su_image_carousel_69f4877c1a7c1_script){su_image_carousel_69f4877c1a7c1_script.parentNode.removeChild(su_image_carousel_69f4877c1a7c1_script);}<\/script>\n","protected":false},"excerpt":{"rendered":"<p>Oaxaca de Ju\u00e1rez, Oax. 12 de abril de 2025.- A partir del 3 de diciembre iniciar\u00e1 operaciones la ruta a\u00e9rea que conectar\u00e1 a Puerto Escondido con Dallas \u2013 Fort Worth, en Estados Unidos, a trav\u00e9s de American Airlines; anunci\u00f3 la titular de la Secretar\u00eda de Turismo del Estado (Sectur Oaxaca) Saymi Pineda Velasco. Destac\u00f3 que [&hellip;]<\/p>\n","protected":false},"author":29,"featured_media":151822,"comment_status":"open","ping_status":"open","sticky":false,"template":"","format":"standard","meta":{"episode_type":"","audio_file":"","podmotor_file_id":"","podmotor_episode_id":"","cover_image":"","cover_image_id":"","duration":"","filesize":"","filesize_raw":"","date_recorded":"","explicit":"","block":"","itunes_episode_number":"","itunes_title":"","itunes_season_number":"","itunes_episode_type":"","footnotes":""},"categories":[8],"tags":[808],"class_list":["post-151818","post","type-post","status-publish","format-standard","has-post-thumbnail","hentry","category-noticias","tag-sectur-oaxaca"],"acf":[],"publishpress_future_action":{"enabled":false,"date":"2026-05-08 04:59:08","action":"change-status","newStatus":"draft","terms":[],"taxonomy":"category","extraData":[]},"publishpress_future_workflow_manual_trigger":{"enabledWorkflows":[]},"_links":{"self":[{"href":"https:\/\/www.oaxaca.gob.mx\/comunicacion\/wp-json\/wp\/v2\/posts\/151818","targetHints":{"allow":["GET"]}}],"collection":[{"href":"https:\/\/www.oaxaca.gob.mx\/comunicacion\/wp-json\/wp\/v2\/posts"}],"about":[{"href":"https:\/\/www.oaxaca.gob.mx\/comunicacion\/wp-json\/wp\/v2\/types\/post"}],"author":[{"embeddable":true,"href":"https:\/\/www.oaxaca.gob.mx\/comunicacion\/wp-json\/wp\/v2\/users\/29"}],"replies":[{"embeddable":true,"href":"https:\/\/www.oaxaca.gob.mx\/comunicacion\/wp-json\/wp\/v2\/comments?post=151818"}],"version-history":[{"count":1,"href":"https:\/\/www.oaxaca.gob.mx\/comunicacion\/wp-json\/wp\/v2\/posts\/151818\/revisions"}],"predecessor-version":[{"id":151823,"href":"https:\/\/www.oaxaca.gob.mx\/comunicacion\/wp-json\/wp\/v2\/posts\/151818\/revisions\/151823"}],"wp:featuredmedia":[{"embeddable":true,"href":"https:\/\/www.oaxaca.gob.mx\/comunicacion\/wp-json\/wp\/v2\/media\/151822"}],"wp:attachment":[{"href":"https:\/\/www.oaxaca.gob.mx\/comunicacion\/wp-json\/wp\/v2\/media?parent=151818"}],"wp:term":[{"taxonomy":"category","embeddable":true,"href":"https:\/\/www.oaxaca.gob.mx\/comunicacion\/wp-json\/wp\/v2\/categories?post=151818"},{"taxonomy":"post_tag","embeddable":true,"href":"https:\/\/www.oaxaca.gob.mx\/comunicacion\/wp-json\/wp\/v2\/tags?post=151818"}],"curies":[{"name":"wp","href":"https:\/\/api.w.org\/{rel}","templated":true}]}}