{"id":148679,"date":"2025-03-11T18:22:44","date_gmt":"2025-03-12T00:22:44","guid":{"rendered":"https:\/\/www.oaxaca.gob.mx\/comunicacion\/?p=148679"},"modified":"2025-03-11T18:23:56","modified_gmt":"2025-03-12T00:23:56","slug":"informa-proteccion-civil-cierre-de-autopista-oaxaca-cuacnopalan-por-derrumbe","status":"publish","type":"post","link":"https:\/\/www.oaxaca.gob.mx\/comunicacion\/informa-proteccion-civil-cierre-de-autopista-oaxaca-cuacnopalan-por-derrumbe\/","title":{"rendered":"Informa Protecci\u00f3n Civil cierre de autopista Oaxaca-Cuacnopalan por derrumbe"},"content":{"rendered":"<p>La Coordinaci\u00f3n Estatal de Protecci\u00f3n Civil y Gesti\u00f3n de Riesgos (CEPCyGR), informa que, la autopista 135 D Oaxaca-Cuacnopalan permanecer\u00e1 cerrada hasta nuevo aviso, debido a un derrumbe que se registr\u00f3 en el kil\u00f3metro 218, cerca de la caseta de San Pablo Huitzo.<\/p>\n<p>No se reportan personas heridas en este incidente, sin embargo, el tr\u00e1nsito de autom\u00f3viles permanecer\u00e1 suspendido debido a las tareas de evaluaci\u00f3n y limpieza, que realizan las autoridades en la zona.<\/p>\n<p>Se recomienda a las y los automovilistas evitar el tr\u00e1nsito por el lugar y utilizar rutas alternas en lo que se habilita esta vialidad.<\/p>\n<p>La dependencia exhorta a la ciudadan\u00eda atender las recomendaciones de Protecci\u00f3n Civil y mantenerse informada a trav\u00e9s de los medios y redes sociales oficiales: Facebook @CEPCYGRGobOax y en X @CEPCyGR_GobOax.<\/p>\n<p>&nbsp;<\/p>\n<p style=\"text-align: center\"><strong>-0-<\/strong><\/p>\n<div class=\"su-image-carousel  su-image-carousel-has-spacing su-image-carousel-has-outline su-image-carousel-adaptive su-image-carousel-slides-style-photo su-image-carousel-controls-style-dark su-image-carousel-align-center\" style=\"\" data-flickity-options='{\"groupCells\":true,\"cellSelector\":\".su-image-carousel-item\",\"adaptiveHeight\":true,\"cellAlign\":\"left\",\"prevNextButtons\":true,\"pageDots\":true,\"autoPlay\":5000,\"imagesLoaded\":true,\"contain\":false,\"selectedAttraction\":0.025,\"friction\":0.28}' id=\"su_image_carousel_69f24277a0d0c\"><div class=\"su-image-carousel-item\"><div class=\"su-image-carousel-item-content\"><img loading=\"lazy\" decoding=\"async\" width=\"900\" height=\"506\" src=\"https:\/\/www.oaxaca.gob.mx\/comunicacion\/wp-content\/uploads\/sites\/28\/2025\/03\/11MAR25-CEPCyGR.-DERRUMBE-1.jpeg\" class=\"\" alt=\"\" srcset=\"https:\/\/www.oaxaca.gob.mx\/comunicacion\/wp-content\/uploads\/sites\/28\/2025\/03\/11MAR25-CEPCyGR.-DERRUMBE-1.jpeg 900w, https:\/\/www.oaxaca.gob.mx\/comunicacion\/wp-content\/uploads\/sites\/28\/2025\/03\/11MAR25-CEPCyGR.-DERRUMBE-1-300x169.jpeg 300w, https:\/\/www.oaxaca.gob.mx\/comunicacion\/wp-content\/uploads\/sites\/28\/2025\/03\/11MAR25-CEPCyGR.-DERRUMBE-1-768x432.jpeg 768w\" sizes=\"auto, (max-width: 900px) 100vw, 900px\" \/><\/div><\/div><div class=\"su-image-carousel-item\"><div class=\"su-image-carousel-item-content\"><img loading=\"lazy\" decoding=\"async\" width=\"768\" height=\"1024\" src=\"https:\/\/www.oaxaca.gob.mx\/comunicacion\/wp-content\/uploads\/sites\/28\/2025\/03\/11MAR25-CEPCyGR.-DERRUMBE-2-768x1024.jpeg\" class=\"\" alt=\"\" srcset=\"https:\/\/www.oaxaca.gob.mx\/comunicacion\/wp-content\/uploads\/sites\/28\/2025\/03\/11MAR25-CEPCyGR.-DERRUMBE-2-768x1024.jpeg 768w, https:\/\/www.oaxaca.gob.mx\/comunicacion\/wp-content\/uploads\/sites\/28\/2025\/03\/11MAR25-CEPCyGR.-DERRUMBE-2-225x300.jpeg 225w, https:\/\/www.oaxaca.gob.mx\/comunicacion\/wp-content\/uploads\/sites\/28\/2025\/03\/11MAR25-CEPCyGR.-DERRUMBE-2.jpeg 960w\" sizes=\"auto, (max-width: 768px) 100vw, 768px\" \/><\/div><\/div><\/div><script id=\"su_image_carousel_69f24277a0d0c_script\">if(window.SUImageCarousel){setTimeout(function() {window.SUImageCarousel.initGallery(document.getElementById(\"su_image_carousel_69f24277a0d0c\"))}, 0);}var su_image_carousel_69f24277a0d0c_script=document.getElementById(\"su_image_carousel_69f24277a0d0c_script\");if(su_image_carousel_69f24277a0d0c_script){su_image_carousel_69f24277a0d0c_script.parentNode.removeChild(su_image_carousel_69f24277a0d0c_script);}<\/script>\n","protected":false},"excerpt":{"rendered":"<p>La Coordinaci\u00f3n Estatal de Protecci\u00f3n Civil y Gesti\u00f3n de Riesgos (CEPCyGR), informa que, la autopista 135 D Oaxaca-Cuacnopalan permanecer\u00e1 cerrada hasta nuevo aviso, debido a un derrumbe que se registr\u00f3 en el kil\u00f3metro 218, cerca de la caseta de San Pablo Huitzo. No se reportan personas heridas en este incidente, sin embargo, el tr\u00e1nsito de [&hellip;]<\/p>\n","protected":false},"author":29,"featured_media":148682,"comment_status":"open","ping_status":"open","sticky":false,"template":"","format":"standard","meta":{"episode_type":"","audio_file":"","podmotor_file_id":"","podmotor_episode_id":"","cover_image":"","cover_image_id":"","duration":"","filesize":"","filesize_raw":"","date_recorded":"","explicit":"","block":"","itunes_episode_number":"","itunes_title":"","itunes_season_number":"","itunes_episode_type":"","footnotes":""},"categories":[8],"tags":[744],"class_list":["post-148679","post","type-post","status-publish","format-standard","has-post-thumbnail","hentry","category-noticias","tag-cepcygr"],"acf":[],"publishpress_future_action":{"enabled":false,"date":"2026-05-06 11:40:07","action":"change-status","newStatus":"draft","terms":[],"taxonomy":"category","extraData":[]},"publishpress_future_workflow_manual_trigger":{"enabledWorkflows":[]},"_links":{"self":[{"href":"https:\/\/www.oaxaca.gob.mx\/comunicacion\/wp-json\/wp\/v2\/posts\/148679","targetHints":{"allow":["GET"]}}],"collection":[{"href":"https:\/\/www.oaxaca.gob.mx\/comunicacion\/wp-json\/wp\/v2\/posts"}],"about":[{"href":"https:\/\/www.oaxaca.gob.mx\/comunicacion\/wp-json\/wp\/v2\/types\/post"}],"author":[{"embeddable":true,"href":"https:\/\/www.oaxaca.gob.mx\/comunicacion\/wp-json\/wp\/v2\/users\/29"}],"replies":[{"embeddable":true,"href":"https:\/\/www.oaxaca.gob.mx\/comunicacion\/wp-json\/wp\/v2\/comments?post=148679"}],"version-history":[{"count":2,"href":"https:\/\/www.oaxaca.gob.mx\/comunicacion\/wp-json\/wp\/v2\/posts\/148679\/revisions"}],"predecessor-version":[{"id":148685,"href":"https:\/\/www.oaxaca.gob.mx\/comunicacion\/wp-json\/wp\/v2\/posts\/148679\/revisions\/148685"}],"wp:featuredmedia":[{"embeddable":true,"href":"https:\/\/www.oaxaca.gob.mx\/comunicacion\/wp-json\/wp\/v2\/media\/148682"}],"wp:attachment":[{"href":"https:\/\/www.oaxaca.gob.mx\/comunicacion\/wp-json\/wp\/v2\/media?parent=148679"}],"wp:term":[{"taxonomy":"category","embeddable":true,"href":"https:\/\/www.oaxaca.gob.mx\/comunicacion\/wp-json\/wp\/v2\/categories?post=148679"},{"taxonomy":"post_tag","embeddable":true,"href":"https:\/\/www.oaxaca.gob.mx\/comunicacion\/wp-json\/wp\/v2\/tags?post=148679"}],"curies":[{"name":"wp","href":"https:\/\/api.w.org\/{rel}","templated":true}]}}