{"id":147708,"date":"2025-02-28T10:33:36","date_gmt":"2025-02-28T16:33:36","guid":{"rendered":"https:\/\/www.oaxaca.gob.mx\/comunicacion\/?p=147708"},"modified":"2025-02-28T10:33:36","modified_gmt":"2025-02-28T16:33:36","slug":"emite-sso-recomendaciones-ante-el-aumento-de-casos-de-tos-ferina-en-mexico","status":"publish","type":"post","link":"https:\/\/www.oaxaca.gob.mx\/comunicacion\/emite-sso-recomendaciones-ante-el-aumento-de-casos-de-tos-ferina-en-mexico\/","title":{"rendered":"Emite SSO recomendaciones ante el aumento de casos de tos ferina en M\u00e9xico"},"content":{"rendered":"<div class=\"su-heading su-heading-style-default su-heading-align-center\" id=\"\" style=\"font-size:20px;margin-bottom:20px\"><div class=\"su-heading-inner\">Se trata de una infecci\u00f3n respiratoria aguda altamente contagiosa, causada por la bacteria Bordetella pertussis<\/div><\/div>\n<div class=\"su-heading su-heading-style-default su-heading-align-center\" id=\"\" style=\"font-size:20px;margin-bottom:20px\"><div class=\"su-heading-inner\">La dependencia invita a revisar la Cartilla Nacional de Salud y completar el esquema de vacunaci\u00f3n de la ni\u00f1ez oaxaque\u00f1a<\/div><\/div>\n<p><strong>Oaxaca de Ju\u00e1rez, Oax., 28 de febrero de 2025.-<\/strong> Ante el reciente aviso epidemiol\u00f3gico emitido por el Comit\u00e9 Nacional para la Vigilancia Epidemiol\u00f3gica (Conave) por el incremento en los casos de tos ferina en M\u00e9xico, Servicios de Salud de Oaxaca (SSO) emite una serie de recomendaciones dirigidas especialmente a la poblaci\u00f3n infantil.<\/p>\n<p>La dependencia explic\u00f3 que la tos ferina es una infecci\u00f3n respiratoria aguda altamente contagiosa causada por la bacteria Bordetella pertussis, que se transmite a trav\u00e9s del contacto directo con gotitas de saliva expulsadas al toser o estornudar.<\/p>\n<p>Con un per\u00edodo de incubaci\u00f3n de 7 a 10 d\u00edas, las manifestaciones cl\u00ednicas pueden prolongarse entre 6 y 8 semanas, representando un riesgo significativo, sobre todo en menores de edad.<\/p>\n<p>Entre las medidas preventivas recomendadas, SSO insta a: revisar la Cartilla Nacional de Salud y completar el esquema de vacunaci\u00f3n de la ni\u00f1ez oaxaque\u00f1a, reforzar el lavado frecuente de manos y evitar tocarse la cara, as\u00ed como evitar el contacto con personas que presenten s\u00edntomas respiratorios o lesiones en la piel.<\/p>\n<p>Tambi\u00e9n, cubrirse boca y nariz al toser o estornudar, mantener a las personas reci\u00e9n nacidas alejadas de quienes presenten s\u00edntomas respiratorios, acudir a la unidad m\u00e9dica m\u00e1s cercana en caso de presentar s\u00edntomas, evitando la automedicaci\u00f3n y siguiendo las recomendaciones del personal de salud.<\/p>\n<p>Adem\u00e1s, la instituci\u00f3n hace un llamado especial a madres, padres y personas tutoras para que lleven a sus hijas e hijos menores de un a\u00f1o a recibir la vacuna hexavalente (DpaT+VPI+Hib+HepB) en las unidades m\u00e9dicas de primer nivel de IMSS-Bienestar.<\/p>\n<p>Este biol\u00f3gico, disponible para las edades de 2, 4 y 6 meses y con un refuerzo a los 18 meses de edad, protege contra enfermedades como la poliomielitis, difteria, t\u00e9tanos, tos ferina, hepatitis B y Haemophilus influenzae tipo B, contando actualmente con el suficiente abasto para cubrir la demanda.<\/p>\n<p>Con estas acciones, SSO reafirma su compromiso de proteger la salud de la poblaci\u00f3n y mitigar el impacto de la tos ferina, poniendo especial \u00e9nfasis en la prevenci\u00f3n y el control en la etapa m\u00e1s vulnerable de la vida.<\/p>\n<p style=\"text-align: center\">\n<strong>-0-<\/strong><\/p>\n<p>&nbsp;<\/p>\n","protected":false},"excerpt":{"rendered":"<p>Oaxaca de Ju\u00e1rez, Oax., 28 de febrero de 2025.- Ante el reciente aviso epidemiol\u00f3gico emitido por el Comit\u00e9 Nacional para la Vigilancia Epidemiol\u00f3gica (Conave) por el incremento en los casos de tos ferina en M\u00e9xico, Servicios de Salud de Oaxaca (SSO) emite una serie de recomendaciones dirigidas especialmente a la poblaci\u00f3n infantil. La dependencia explic\u00f3 [&hellip;]<\/p>\n","protected":false},"author":29,"featured_media":147709,"comment_status":"open","ping_status":"open","sticky":false,"template":"","format":"standard","meta":{"episode_type":"","audio_file":"","podmotor_file_id":"","podmotor_episode_id":"","cover_image":"","cover_image_id":"","duration":"","filesize":"","filesize_raw":"","date_recorded":"","explicit":"","block":"","itunes_episode_number":"","itunes_title":"","itunes_season_number":"","itunes_episode_type":"","footnotes":""},"categories":[8],"tags":[419],"class_list":["post-147708","post","type-post","status-publish","format-standard","has-post-thumbnail","hentry","category-noticias","tag-sso"],"acf":[],"publishpress_future_action":{"enabled":false,"date":"2026-05-03 02:50:29","action":"change-status","newStatus":"draft","terms":[],"taxonomy":"category","extraData":[]},"publishpress_future_workflow_manual_trigger":{"enabledWorkflows":[]},"_links":{"self":[{"href":"https:\/\/www.oaxaca.gob.mx\/comunicacion\/wp-json\/wp\/v2\/posts\/147708","targetHints":{"allow":["GET"]}}],"collection":[{"href":"https:\/\/www.oaxaca.gob.mx\/comunicacion\/wp-json\/wp\/v2\/posts"}],"about":[{"href":"https:\/\/www.oaxaca.gob.mx\/comunicacion\/wp-json\/wp\/v2\/types\/post"}],"author":[{"embeddable":true,"href":"https:\/\/www.oaxaca.gob.mx\/comunicacion\/wp-json\/wp\/v2\/users\/29"}],"replies":[{"embeddable":true,"href":"https:\/\/www.oaxaca.gob.mx\/comunicacion\/wp-json\/wp\/v2\/comments?post=147708"}],"version-history":[{"count":1,"href":"https:\/\/www.oaxaca.gob.mx\/comunicacion\/wp-json\/wp\/v2\/posts\/147708\/revisions"}],"predecessor-version":[{"id":147710,"href":"https:\/\/www.oaxaca.gob.mx\/comunicacion\/wp-json\/wp\/v2\/posts\/147708\/revisions\/147710"}],"wp:featuredmedia":[{"embeddable":true,"href":"https:\/\/www.oaxaca.gob.mx\/comunicacion\/wp-json\/wp\/v2\/media\/147709"}],"wp:attachment":[{"href":"https:\/\/www.oaxaca.gob.mx\/comunicacion\/wp-json\/wp\/v2\/media?parent=147708"}],"wp:term":[{"taxonomy":"category","embeddable":true,"href":"https:\/\/www.oaxaca.gob.mx\/comunicacion\/wp-json\/wp\/v2\/categories?post=147708"},{"taxonomy":"post_tag","embeddable":true,"href":"https:\/\/www.oaxaca.gob.mx\/comunicacion\/wp-json\/wp\/v2\/tags?post=147708"}],"curies":[{"name":"wp","href":"https:\/\/api.w.org\/{rel}","templated":true}]}}