{"id":143473,"date":"2025-01-13T14:12:15","date_gmt":"2025-01-13T20:12:15","guid":{"rendered":"https:\/\/www.oaxaca.gob.mx\/comunicacion\/?p=143473"},"modified":"2025-01-13T14:12:15","modified_gmt":"2025-01-13T20:12:15","slug":"anuncia-sectur-oaxaca-fechas-de-la-guelaguetza-2025","status":"publish","type":"post","link":"https:\/\/www.oaxaca.gob.mx\/comunicacion\/anuncia-sectur-oaxaca-fechas-de-la-guelaguetza-2025\/","title":{"rendered":"Anuncia Sectur Oaxaca fechas de la Guelaguetza 2025"},"content":{"rendered":"<div class=\"su-heading su-heading-style-default su-heading-align-center\" id=\"\" style=\"font-size:13px;margin-bottom:20px\"><div class=\"su-heading-inner\">Esta tradici\u00f3n tiene como eje central exaltar la grandeza de los pueblos, as\u00ed como el respeto a sus tradiciones y riqueza cultural<\/div><\/div>\n<p><strong>Oaxaca de Ju\u00e1rez, Oax. 13 de enero de 2025.-<\/strong> La Secretar\u00eda de Turismo del Estado (Sectur) anunci\u00f3 que la edici\u00f3n 2025 de la Guelaguetza, que es la m\u00e1xima fiesta de las y los oaxaque\u00f1os, se vivir\u00e1 con el emblem\u00e1tico Lunes del Cerro y su Octava, los d\u00edas 21 y 28 de julio.<\/p>\n<p>Para iniciar con la planeaci\u00f3n, se llev\u00f3 a cabo una reuni\u00f3n del Comit\u00e9 Intersecretarial de esta celebraci\u00f3n, en la cual se definieron los detalles de diversas actividades que se realizar\u00e1n en la capital del estado y distintos municipios, entre estas destacan: ferias artesanales y gastron\u00f3micas, convites y expresiones culturales de los pueblos de Oaxaca.<\/p>\n<p>La titular de la Sectur Oaxaca, Saymi Pineda Velasco destac\u00f3 que este es el evento emblem\u00e1tico que posiciona a la entidad como el coraz\u00f3n cultural de M\u00e9xico, por lo que se trabaja para ofrecer una celebraci\u00f3n que conquiste a visitantes de todo el mundo.<\/p>\n<p>Resalt\u00f3 que este a\u00f1o las presentaciones de la Guelaguetza se llevar\u00e1n a cabo siguiendo la visi\u00f3n del Gobernador Salom\u00f3n Jara Cruz, de tener como eje central la grandeza de los pueblos oaxaque\u00f1os, as\u00ed como el respeto a sus tradiciones y riqueza cultural.<\/p>\n<p>Como es una costumbre, los dos \u00faltimos lunes del mes de julio, se celebrar\u00e1 esta fiesta de hermandad y reciprocidad entre las comunidades, que se muestra ante M\u00e9xico y el mundo como un testimonio de la herencia cultural del estado.<\/p>\n<p>Esta tradici\u00f3n, que data de la \u00e9poca prehisp\u00e1nica, tiene sus or\u00edgenes en rituales celebrados en el Daninayaaloani o \u201ccerro de bella vista\u201d; y que eran dedicados a las y los dioses, entre ellos a Cent\u00e9otl, Diosa del Ma\u00edz.<\/p>\n<p>El Gobierno del Estado trabaja para exaltar las tradiciones y riqueza cultural de los 16 pueblos originarios y afromexicano, que habitan en las ocho regiones de Oaxaca.<\/p>\n<p style=\"text-align: center\"><strong>-0-<\/strong><\/p>\n<div class=\"su-image-carousel  su-image-carousel-has-spacing su-image-carousel-crop su-image-carousel-crop-21-9 su-image-carousel-has-outline su-image-carousel-adaptive su-image-carousel-slides-style-photo su-image-carousel-controls-style-dark su-image-carousel-align-center\" style=\"\" data-flickity-options='{\"groupCells\":true,\"cellSelector\":\".su-image-carousel-item\",\"adaptiveHeight\":false,\"cellAlign\":\"left\",\"prevNextButtons\":true,\"pageDots\":true,\"autoPlay\":5000,\"imagesLoaded\":true,\"contain\":true,\"selectedAttraction\":0.025,\"friction\":0.28}' id=\"su_image_carousel_69f5ce1197ba5\"><div class=\"su-image-carousel-item\"><div class=\"su-image-carousel-item-content\"><img loading=\"lazy\" decoding=\"async\" width=\"720\" height=\"479\" src=\"https:\/\/www.oaxaca.gob.mx\/comunicacion\/wp-content\/uploads\/sites\/28\/2025\/01\/3a3b7945-7d4f-4158-8e02-dd773cc429e9.jpeg\" class=\"\" alt=\"\" srcset=\"https:\/\/www.oaxaca.gob.mx\/comunicacion\/wp-content\/uploads\/sites\/28\/2025\/01\/3a3b7945-7d4f-4158-8e02-dd773cc429e9.jpeg 720w, https:\/\/www.oaxaca.gob.mx\/comunicacion\/wp-content\/uploads\/sites\/28\/2025\/01\/3a3b7945-7d4f-4158-8e02-dd773cc429e9-300x200.jpeg 300w\" sizes=\"auto, (max-width: 720px) 100vw, 720px\" \/><\/div><\/div><div class=\"su-image-carousel-item\"><div class=\"su-image-carousel-item-content\"><img loading=\"lazy\" decoding=\"async\" width=\"720\" height=\"480\" src=\"https:\/\/www.oaxaca.gob.mx\/comunicacion\/wp-content\/uploads\/sites\/28\/2025\/01\/0070f258-2296-4216-8758-cda48944a286.jpeg\" class=\"\" alt=\"\" srcset=\"https:\/\/www.oaxaca.gob.mx\/comunicacion\/wp-content\/uploads\/sites\/28\/2025\/01\/0070f258-2296-4216-8758-cda48944a286.jpeg 720w, https:\/\/www.oaxaca.gob.mx\/comunicacion\/wp-content\/uploads\/sites\/28\/2025\/01\/0070f258-2296-4216-8758-cda48944a286-300x200.jpeg 300w\" sizes=\"auto, (max-width: 720px) 100vw, 720px\" \/><\/div><\/div><div class=\"su-image-carousel-item\"><div class=\"su-image-carousel-item-content\"><img loading=\"lazy\" decoding=\"async\" width=\"720\" height=\"479\" src=\"https:\/\/www.oaxaca.gob.mx\/comunicacion\/wp-content\/uploads\/sites\/28\/2025\/01\/6870e8bf-ed6c-474e-a10e-6097fe67afe2.jpeg\" class=\"\" alt=\"\" srcset=\"https:\/\/www.oaxaca.gob.mx\/comunicacion\/wp-content\/uploads\/sites\/28\/2025\/01\/6870e8bf-ed6c-474e-a10e-6097fe67afe2.jpeg 720w, https:\/\/www.oaxaca.gob.mx\/comunicacion\/wp-content\/uploads\/sites\/28\/2025\/01\/6870e8bf-ed6c-474e-a10e-6097fe67afe2-300x200.jpeg 300w\" sizes=\"auto, (max-width: 720px) 100vw, 720px\" \/><\/div><\/div><div class=\"su-image-carousel-item\"><div class=\"su-image-carousel-item-content\"><img loading=\"lazy\" decoding=\"async\" width=\"720\" height=\"479\" src=\"https:\/\/www.oaxaca.gob.mx\/comunicacion\/wp-content\/uploads\/sites\/28\/2025\/01\/b41cf8e1-7571-4ec7-906a-0948094759ea.jpeg\" class=\"\" alt=\"\" srcset=\"https:\/\/www.oaxaca.gob.mx\/comunicacion\/wp-content\/uploads\/sites\/28\/2025\/01\/b41cf8e1-7571-4ec7-906a-0948094759ea.jpeg 720w, https:\/\/www.oaxaca.gob.mx\/comunicacion\/wp-content\/uploads\/sites\/28\/2025\/01\/b41cf8e1-7571-4ec7-906a-0948094759ea-300x200.jpeg 300w\" sizes=\"auto, (max-width: 720px) 100vw, 720px\" \/><\/div><\/div><div class=\"su-image-carousel-item\"><div class=\"su-image-carousel-item-content\"><img loading=\"lazy\" decoding=\"async\" width=\"720\" height=\"470\" src=\"https:\/\/www.oaxaca.gob.mx\/comunicacion\/wp-content\/uploads\/sites\/28\/2025\/01\/f0d1caca-35f2-45b7-a560-244eb6a15cd8.jpeg\" class=\"\" alt=\"\" srcset=\"https:\/\/www.oaxaca.gob.mx\/comunicacion\/wp-content\/uploads\/sites\/28\/2025\/01\/f0d1caca-35f2-45b7-a560-244eb6a15cd8.jpeg 720w, https:\/\/www.oaxaca.gob.mx\/comunicacion\/wp-content\/uploads\/sites\/28\/2025\/01\/f0d1caca-35f2-45b7-a560-244eb6a15cd8-300x196.jpeg 300w\" sizes=\"auto, (max-width: 720px) 100vw, 720px\" \/><\/div><\/div><div class=\"su-image-carousel-item\"><div class=\"su-image-carousel-item-content\"><img loading=\"lazy\" decoding=\"async\" width=\"720\" height=\"479\" src=\"https:\/\/www.oaxaca.gob.mx\/comunicacion\/wp-content\/uploads\/sites\/28\/2025\/01\/f143c4d2-9114-4507-b8c0-3532a245a5d9.jpeg\" class=\"\" alt=\"\" srcset=\"https:\/\/www.oaxaca.gob.mx\/comunicacion\/wp-content\/uploads\/sites\/28\/2025\/01\/f143c4d2-9114-4507-b8c0-3532a245a5d9.jpeg 720w, https:\/\/www.oaxaca.gob.mx\/comunicacion\/wp-content\/uploads\/sites\/28\/2025\/01\/f143c4d2-9114-4507-b8c0-3532a245a5d9-300x200.jpeg 300w\" sizes=\"auto, (max-width: 720px) 100vw, 720px\" \/><\/div><\/div><\/div><script id=\"su_image_carousel_69f5ce1197ba5_script\">if(window.SUImageCarousel){setTimeout(function() {window.SUImageCarousel.initGallery(document.getElementById(\"su_image_carousel_69f5ce1197ba5\"))}, 0);}var su_image_carousel_69f5ce1197ba5_script=document.getElementById(\"su_image_carousel_69f5ce1197ba5_script\");if(su_image_carousel_69f5ce1197ba5_script){su_image_carousel_69f5ce1197ba5_script.parentNode.removeChild(su_image_carousel_69f5ce1197ba5_script);}<\/script>\n","protected":false},"excerpt":{"rendered":"<p>Oaxaca de Ju\u00e1rez, Oax. 13 de enero de 2025.- La Secretar\u00eda de Turismo del Estado (Sectur) anunci\u00f3 que la edici\u00f3n 2025 de la Guelaguetza, que es la m\u00e1xima fiesta de las y los oaxaque\u00f1os, se vivir\u00e1 con el emblem\u00e1tico Lunes del Cerro y su Octava, los d\u00edas 21 y 28 de julio. Para iniciar con [&hellip;]<\/p>\n","protected":false},"author":29,"featured_media":143474,"comment_status":"open","ping_status":"open","sticky":false,"template":"","format":"standard","meta":{"episode_type":"","audio_file":"","podmotor_file_id":"","podmotor_episode_id":"","cover_image":"","cover_image_id":"","duration":"","filesize":"","filesize_raw":"","date_recorded":"","explicit":"","block":"","itunes_episode_number":"","itunes_title":"","itunes_season_number":"","itunes_episode_type":"","footnotes":""},"categories":[8],"tags":[370],"class_list":["post-143473","post","type-post","status-publish","format-standard","has-post-thumbnail","hentry","category-noticias","tag-sectur"],"acf":[],"publishpress_future_action":{"enabled":false,"date":"2026-05-09 04:12:33","action":"change-status","newStatus":"draft","terms":[],"taxonomy":"category","extraData":[]},"publishpress_future_workflow_manual_trigger":{"enabledWorkflows":[]},"_links":{"self":[{"href":"https:\/\/www.oaxaca.gob.mx\/comunicacion\/wp-json\/wp\/v2\/posts\/143473","targetHints":{"allow":["GET"]}}],"collection":[{"href":"https:\/\/www.oaxaca.gob.mx\/comunicacion\/wp-json\/wp\/v2\/posts"}],"about":[{"href":"https:\/\/www.oaxaca.gob.mx\/comunicacion\/wp-json\/wp\/v2\/types\/post"}],"author":[{"embeddable":true,"href":"https:\/\/www.oaxaca.gob.mx\/comunicacion\/wp-json\/wp\/v2\/users\/29"}],"replies":[{"embeddable":true,"href":"https:\/\/www.oaxaca.gob.mx\/comunicacion\/wp-json\/wp\/v2\/comments?post=143473"}],"version-history":[{"count":1,"href":"https:\/\/www.oaxaca.gob.mx\/comunicacion\/wp-json\/wp\/v2\/posts\/143473\/revisions"}],"predecessor-version":[{"id":143480,"href":"https:\/\/www.oaxaca.gob.mx\/comunicacion\/wp-json\/wp\/v2\/posts\/143473\/revisions\/143480"}],"wp:featuredmedia":[{"embeddable":true,"href":"https:\/\/www.oaxaca.gob.mx\/comunicacion\/wp-json\/wp\/v2\/media\/143474"}],"wp:attachment":[{"href":"https:\/\/www.oaxaca.gob.mx\/comunicacion\/wp-json\/wp\/v2\/media?parent=143473"}],"wp:term":[{"taxonomy":"category","embeddable":true,"href":"https:\/\/www.oaxaca.gob.mx\/comunicacion\/wp-json\/wp\/v2\/categories?post=143473"},{"taxonomy":"post_tag","embeddable":true,"href":"https:\/\/www.oaxaca.gob.mx\/comunicacion\/wp-json\/wp\/v2\/tags?post=143473"}],"curies":[{"name":"wp","href":"https:\/\/api.w.org\/{rel}","templated":true}]}}