{"id":143227,"date":"2025-01-08T13:48:27","date_gmt":"2025-01-08T19:48:27","guid":{"rendered":"https:\/\/www.oaxaca.gob.mx\/comunicacion\/?p=143227"},"modified":"2025-01-08T13:51:00","modified_gmt":"2025-01-08T19:51:00","slug":"separa-gobernador-a-oficial-mayor-del-ieepo","status":"publish","type":"post","link":"https:\/\/www.oaxaca.gob.mx\/comunicacion\/separa-gobernador-a-oficial-mayor-del-ieepo\/","title":{"rendered":"Separa Gobernador a Oficial Mayor del IEEPO"},"content":{"rendered":"<p><strong>Oaxaca de Ju\u00e1rez, Oax. 8 de enero de 2025.<\/strong> El Gobernador Salom\u00f3n Jara Cruz gir\u00f3 instrucciones para separar del cargo al Oficial Mayor del Instituto Estatal de Educaci\u00f3n P\u00fablica de Oaxaca (IEEPO), Abel Jes\u00fas Leyva Gandarillas, involucrado en un accidente automovil\u00edstico este martes sobre la avenida lateral del r\u00edo Salado.<\/p>\n<p>\u201cHe girado instrucciones para que sea separado de su cargo mientras se realiza la investigaci\u00f3n correspondiente\u201d<\/p>\n<p>De esta manera, el Gobierno de Oaxaca reafirma su compromiso para que se realicen las diligencias correspondientes y se sancionen este tipo de hechos.<\/p>\n<p style=\"text-align: center\"><strong>-0-<\/strong><\/p>\n<p>&nbsp;<\/p>\n","protected":false},"excerpt":{"rendered":"<p>Oaxaca de Ju\u00e1rez, Oax. 8 de enero de 2025. El Gobernador Salom\u00f3n Jara Cruz gir\u00f3 instrucciones para separar del cargo al Oficial Mayor del Instituto Estatal de Educaci\u00f3n P\u00fablica de Oaxaca (IEEPO), Abel Jes\u00fas Leyva Gandarillas, involucrado en un accidente automovil\u00edstico este martes sobre la avenida lateral del r\u00edo Salado. \u201cHe girado instrucciones para que [&hellip;]<\/p>\n","protected":false},"author":29,"featured_media":143243,"comment_status":"open","ping_status":"open","sticky":false,"template":"","format":"standard","meta":{"episode_type":"","audio_file":"","podmotor_file_id":"","podmotor_episode_id":"","cover_image":"","cover_image_id":"","duration":"","filesize":"","filesize_raw":"","date_recorded":"","explicit":"","block":"","itunes_episode_number":"","itunes_title":"","itunes_season_number":"","itunes_episode_type":"","footnotes":""},"categories":[7],"tags":[647],"class_list":["post-143227","post","type-post","status-publish","format-standard","has-post-thumbnail","hentry","category-slide","tag-salomon-jara-cruz"],"acf":[],"publishpress_future_action":{"enabled":false,"date":"2026-05-08 23:38:28","action":"change-status","newStatus":"draft","terms":[],"taxonomy":"category","extraData":[]},"publishpress_future_workflow_manual_trigger":{"enabledWorkflows":[]},"_links":{"self":[{"href":"https:\/\/www.oaxaca.gob.mx\/comunicacion\/wp-json\/wp\/v2\/posts\/143227","targetHints":{"allow":["GET"]}}],"collection":[{"href":"https:\/\/www.oaxaca.gob.mx\/comunicacion\/wp-json\/wp\/v2\/posts"}],"about":[{"href":"https:\/\/www.oaxaca.gob.mx\/comunicacion\/wp-json\/wp\/v2\/types\/post"}],"author":[{"embeddable":true,"href":"https:\/\/www.oaxaca.gob.mx\/comunicacion\/wp-json\/wp\/v2\/users\/29"}],"replies":[{"embeddable":true,"href":"https:\/\/www.oaxaca.gob.mx\/comunicacion\/wp-json\/wp\/v2\/comments?post=143227"}],"version-history":[{"count":1,"href":"https:\/\/www.oaxaca.gob.mx\/comunicacion\/wp-json\/wp\/v2\/posts\/143227\/revisions"}],"predecessor-version":[{"id":143229,"href":"https:\/\/www.oaxaca.gob.mx\/comunicacion\/wp-json\/wp\/v2\/posts\/143227\/revisions\/143229"}],"wp:featuredmedia":[{"embeddable":true,"href":"https:\/\/www.oaxaca.gob.mx\/comunicacion\/wp-json\/wp\/v2\/media\/143243"}],"wp:attachment":[{"href":"https:\/\/www.oaxaca.gob.mx\/comunicacion\/wp-json\/wp\/v2\/media?parent=143227"}],"wp:term":[{"taxonomy":"category","embeddable":true,"href":"https:\/\/www.oaxaca.gob.mx\/comunicacion\/wp-json\/wp\/v2\/categories?post=143227"},{"taxonomy":"post_tag","embeddable":true,"href":"https:\/\/www.oaxaca.gob.mx\/comunicacion\/wp-json\/wp\/v2\/tags?post=143227"}],"curies":[{"name":"wp","href":"https:\/\/api.w.org\/{rel}","templated":true}]}}