{"id":14287,"date":"2018-03-20T14:23:23","date_gmt":"2018-03-20T20:23:23","guid":{"rendered":"https:\/\/www.oaxaca.gob.mx\/comunicacion\/?p=14287"},"modified":"2018-03-20T14:23:23","modified_gmt":"2018-03-20T20:23:23","slug":"realiza-director-del-ieepo-nuevos-nombramientos","status":"publish","type":"post","link":"https:\/\/www.oaxaca.gob.mx\/comunicacion\/realiza-director-del-ieepo-nuevos-nombramientos\/","title":{"rendered":"Realiza Director del IEEPO nuevos nombramientos"},"content":{"rendered":"\n<p><strong>Oaxaca de Ju\u00e1rez, Oax. 20 de marzo de 2018.<\/strong> El Director General del Instituto Estatal de Educaci\u00f3n P\u00fablica de Oaxaca (IEEPO), Francisco \u00c1ngel Villarreal realiz\u00f3 el nombramiento y presentaci\u00f3n de 10 nuevos servidores p\u00fablicos de \u00e1reas estrat\u00e9gicas, a quienes convoc\u00f3 a desempe\u00f1arse con responsabilidad para hacer cumplir las leyes, ordenamientos normativos, planes y programas de trabajo encaminados a fortalecer la labor educativa.<\/p>\n<p>En la ceremonia, \u00c1ngel Villarreal exhort\u00f3 a los nuevos funcionarios -que asumen sus cargos a partir de este martes- a apegarse a los principios de idoneidad, experiencia, honestidad, profesionalismo, transparencia, eficacia y honorabilidad en el ejercicio de sus funciones, anteponiendo los intereses de la ni\u00f1ez y la juventud oaxaque\u00f1a sobre cualquier otro inter\u00e9s, como lo ha manifestado el Gobernador Alejandro Murat Hinojosa.<\/p>\n<p>Los nombramientos fueron como Oficial Mayor, Julio C\u00e9sar Carballido Ramos; en el cargo de Asesora de la Direcci\u00f3n General, Romy Irene Caballero Mat\u00edas; en la Direcci\u00f3n de Mejora para la Convivencia Escolar, Bel\u00e9n Morales Bautista y como titular de la Unidad de Recursos Materiales y Servicios, Alejandro Galguera Cruz.<\/p>\n<p>Tambi\u00e9n, como encargados de la Direcci\u00f3n Administrativa, Manuel Enrique M\u00e1rquez Zamora; de la Direcci\u00f3n Financiera, Gerardo Lagun\u00e9s Gallina; de la Unidad de Recursos Humanos, Jos\u00e9 Fernando D\u00edaz N\u00fa\u00f1ez, y del Departamento de Programaci\u00f3n y Presupuestaci\u00f3n Administrativa, Luis Antonio Calder\u00f3n Bola\u00f1os.<\/p>\n<p>En tanto, fungir\u00e1n como encargada del Departamento de Incidencias, Claudia Castillo Baltazar y en el Departamento de Adquisiciones, Marcos Mart\u00ednez Bustamante.<\/p>\n<p>Durante la presentaci\u00f3n, el Director General del IEEPO indic\u00f3 que con estos nuevos nombramientos se fortalece la labor de la instituci\u00f3n responsable de prestar el servicio educativo en el estado, en cumplimiento a los dispuesto en el art\u00edculo 3\u00ba de la Constituci\u00f3n Pol\u00edtica de los Estados Unidos Mexicanos, as\u00ed como a las disposiciones federales y locales en materia de educaci\u00f3n, y de ejecutar programas nacionales dentro del sector educativo estatal.<\/p>\n<p style=\"text-align: center\">-0-<\/p>\n","protected":false},"excerpt":{"rendered":"<p>Oaxaca de Ju\u00e1rez, Oax. 20 de marzo de 2018. El Director General del Instituto Estatal de Educaci\u00f3n P\u00fablica de Oaxaca (IEEPO), Francisco \u00c1ngel Villarreal realiz\u00f3 el nombramiento y presentaci\u00f3n de 10 nuevos servidores p\u00fablicos de \u00e1reas estrat\u00e9gicas, a quienes convoc\u00f3 a desempe\u00f1arse con responsabilidad para hacer cumplir las leyes, ordenamientos normativos, planes y programas de [&hellip;]<\/p>\n","protected":false},"author":1,"featured_media":0,"comment_status":"open","ping_status":"open","sticky":false,"template":"","format":"standard","meta":{"episode_type":"","audio_file":"","podmotor_file_id":"","podmotor_episode_id":"","cover_image":"","cover_image_id":"","duration":"","filesize":"","filesize_raw":"","date_recorded":"","explicit":"","block":"","itunes_episode_number":"","itunes_title":"","itunes_season_number":"","itunes_episode_type":"","footnotes":""},"categories":[8],"tags":[244],"class_list":["post-14287","post","type-post","status-publish","format-standard","hentry","category-noticias","tag-ieepo"],"acf":[],"publishpress_future_action":{"enabled":false,"date":"2026-05-06 09:37:21","action":"change-status","newStatus":"draft","terms":[],"taxonomy":"category","extraData":[]},"publishpress_future_workflow_manual_trigger":{"enabledWorkflows":[]},"_links":{"self":[{"href":"https:\/\/www.oaxaca.gob.mx\/comunicacion\/wp-json\/wp\/v2\/posts\/14287","targetHints":{"allow":["GET"]}}],"collection":[{"href":"https:\/\/www.oaxaca.gob.mx\/comunicacion\/wp-json\/wp\/v2\/posts"}],"about":[{"href":"https:\/\/www.oaxaca.gob.mx\/comunicacion\/wp-json\/wp\/v2\/types\/post"}],"author":[{"embeddable":true,"href":"https:\/\/www.oaxaca.gob.mx\/comunicacion\/wp-json\/wp\/v2\/users\/1"}],"replies":[{"embeddable":true,"href":"https:\/\/www.oaxaca.gob.mx\/comunicacion\/wp-json\/wp\/v2\/comments?post=14287"}],"version-history":[{"count":0,"href":"https:\/\/www.oaxaca.gob.mx\/comunicacion\/wp-json\/wp\/v2\/posts\/14287\/revisions"}],"wp:attachment":[{"href":"https:\/\/www.oaxaca.gob.mx\/comunicacion\/wp-json\/wp\/v2\/media?parent=14287"}],"wp:term":[{"taxonomy":"category","embeddable":true,"href":"https:\/\/www.oaxaca.gob.mx\/comunicacion\/wp-json\/wp\/v2\/categories?post=14287"},{"taxonomy":"post_tag","embeddable":true,"href":"https:\/\/www.oaxaca.gob.mx\/comunicacion\/wp-json\/wp\/v2\/tags?post=14287"}],"curies":[{"name":"wp","href":"https:\/\/api.w.org\/{rel}","templated":true}]}}