{"id":139901,"date":"2024-11-09T11:55:44","date_gmt":"2024-11-09T17:55:44","guid":{"rendered":"https:\/\/www.oaxaca.gob.mx\/comunicacion\/?p=139901"},"modified":"2024-11-11T11:57:58","modified_gmt":"2024-11-11T17:57:58","slug":"rescatan-el-resplandor-historico-del-templo-de-nuestra-senora-de-la-merced","status":"publish","type":"post","link":"https:\/\/www.oaxaca.gob.mx\/comunicacion\/rescatan-el-resplandor-historico-del-templo-de-nuestra-senora-de-la-merced\/","title":{"rendered":"Rescatan el resplandor hist\u00f3rico del Templo de Nuestra Se\u00f1ora de la Merced"},"content":{"rendered":"<div class=\"su-heading su-heading-style-default su-heading-align-center\" id=\"\" style=\"font-size:13px;margin-bottom:20px\"><div class=\"su-heading-inner\">Los trabajos que se realizaron corresponden a los da\u00f1os por sismo, atendiendo de manera prioritaria la parte estructural del inmueble<\/div><\/div>\n<p><strong>Oaxaca de Ju\u00e1rez, Oax. 9 de noviembre de 2024.-<\/strong> En atenci\u00f3n al rescate del patrimonio hist\u00f3rico de la zona centro de la capital oaxaque\u00f1a, el Gobernador Salom\u00f3n Jara Cruz, encabez\u00f3 la reapertura del Templo de Nuestra Se\u00f1ora de la Merced, tras los trabajos de restauraci\u00f3n realizados, con una inversi\u00f3n de m\u00e1s de 31 millones de pesos.<\/p>\n<p>En compa\u00f1\u00eda de la Presidenta Honoraria del Sistema para el Desarrollo Integral de la Familia (DIF) Oaxaca, Irma Bola\u00f1os Quijano, el Mandatario estatal explic\u00f3 que, este recinto que data del siglo XVII estuvo cerrado 12 a\u00f1os, debido a las m\u00faltiples afectaciones que ten\u00eda en su estructura, ya que la c\u00fapula era muy pesada, representando un peligro para feligreses y personal eclesi\u00e1stico.<\/p>\n<p>\u201cCon esta entrega refrendamos nuestro compromiso con la salvaguarda de los monumentos, parte esencial del encanto del Centro Hist\u00f3rico de la Ciudad de Oaxaca, Patrimonio Cultural de la Humanidad\u201d, enfatiz\u00f3.<\/p>\n<p>Asimismo, agradeci\u00f3 al equipo de especialistas de los Institutos Nacional de Antropolog\u00eda e Historia (INAH) la labor realizada en el rescate de esta iglesia, quienes no solo buscaron mantener la integridad de quienes asisten, sino tambi\u00e9n la belleza que posee. En tanto, hizo entrega de un acta que avala estos trabajos a las autoridades eclesi\u00e1sticas.<\/p>\n<p>Por su parte, el titular del Instituto del Patrimonio Cultural de Oaxaca (Inpac), Fernando Molina Herbert reconoci\u00f3 el impulso del Gobierno del Estado para la realizaci\u00f3n de estas actividades, ya que aunado al excesivo peso de la c\u00fapula, un sismo en 2012 amerit\u00f3 el cierre de este hist\u00f3rico edificio para su uso, quedando desprovisto de atenci\u00f3n desde 2014 y al que se sumaron afectaciones con los sismos de 2017.<\/p>\n<p style=\"text-align: center\"><strong>-0-<\/strong><\/p>\n<div class=\"su-image-carousel  su-image-carousel-has-spacing su-image-carousel-crop su-image-carousel-crop-16-10 su-image-carousel-has-outline su-image-carousel-adaptive su-image-carousel-slides-style-photo su-image-carousel-controls-style-dark su-image-carousel-align-center\" style=\"\" data-flickity-options='{\"groupCells\":true,\"cellSelector\":\".su-image-carousel-item\",\"adaptiveHeight\":false,\"cellAlign\":\"left\",\"prevNextButtons\":true,\"pageDots\":true,\"autoPlay\":5000,\"imagesLoaded\":true,\"contain\":true,\"selectedAttraction\":0.025,\"friction\":0.28}' id=\"su_image_carousel_69efbf12128c8\"><div class=\"su-image-carousel-item\"><div class=\"su-image-carousel-item-content\"><img loading=\"lazy\" decoding=\"async\" width=\"1024\" height=\"682\" src=\"https:\/\/www.oaxaca.gob.mx\/comunicacion\/wp-content\/uploads\/sites\/28\/2024\/11\/fdd932d5-e5b5-41ca-b747-c3777099dcc0-1024x682.jpeg\" class=\"\" alt=\"\" srcset=\"https:\/\/www.oaxaca.gob.mx\/comunicacion\/wp-content\/uploads\/sites\/28\/2024\/11\/fdd932d5-e5b5-41ca-b747-c3777099dcc0-1024x682.jpeg 1024w, https:\/\/www.oaxaca.gob.mx\/comunicacion\/wp-content\/uploads\/sites\/28\/2024\/11\/fdd932d5-e5b5-41ca-b747-c3777099dcc0-300x200.jpeg 300w, https:\/\/www.oaxaca.gob.mx\/comunicacion\/wp-content\/uploads\/sites\/28\/2024\/11\/fdd932d5-e5b5-41ca-b747-c3777099dcc0-768x512.jpeg 768w, https:\/\/www.oaxaca.gob.mx\/comunicacion\/wp-content\/uploads\/sites\/28\/2024\/11\/fdd932d5-e5b5-41ca-b747-c3777099dcc0-1536x1023.jpeg 1536w, https:\/\/www.oaxaca.gob.mx\/comunicacion\/wp-content\/uploads\/sites\/28\/2024\/11\/fdd932d5-e5b5-41ca-b747-c3777099dcc0.jpeg 1600w\" sizes=\"auto, (max-width: 1024px) 100vw, 1024px\" \/><\/div><\/div><div class=\"su-image-carousel-item\"><div class=\"su-image-carousel-item-content\"><img loading=\"lazy\" decoding=\"async\" width=\"1024\" height=\"682\" src=\"https:\/\/www.oaxaca.gob.mx\/comunicacion\/wp-content\/uploads\/sites\/28\/2024\/11\/eb45b07b-8419-4c78-af4d-44a45a83304b-1024x682.jpeg\" class=\"\" alt=\"\" srcset=\"https:\/\/www.oaxaca.gob.mx\/comunicacion\/wp-content\/uploads\/sites\/28\/2024\/11\/eb45b07b-8419-4c78-af4d-44a45a83304b-1024x682.jpeg 1024w, https:\/\/www.oaxaca.gob.mx\/comunicacion\/wp-content\/uploads\/sites\/28\/2024\/11\/eb45b07b-8419-4c78-af4d-44a45a83304b-300x200.jpeg 300w, https:\/\/www.oaxaca.gob.mx\/comunicacion\/wp-content\/uploads\/sites\/28\/2024\/11\/eb45b07b-8419-4c78-af4d-44a45a83304b-768x512.jpeg 768w, https:\/\/www.oaxaca.gob.mx\/comunicacion\/wp-content\/uploads\/sites\/28\/2024\/11\/eb45b07b-8419-4c78-af4d-44a45a83304b-1536x1023.jpeg 1536w, https:\/\/www.oaxaca.gob.mx\/comunicacion\/wp-content\/uploads\/sites\/28\/2024\/11\/eb45b07b-8419-4c78-af4d-44a45a83304b.jpeg 1600w\" sizes=\"auto, (max-width: 1024px) 100vw, 1024px\" \/><\/div><\/div><div class=\"su-image-carousel-item\"><div class=\"su-image-carousel-item-content\"><img loading=\"lazy\" decoding=\"async\" width=\"1024\" height=\"682\" src=\"https:\/\/www.oaxaca.gob.mx\/comunicacion\/wp-content\/uploads\/sites\/28\/2024\/11\/e2c009c0-28ab-4582-ba60-96be87a3d405-1024x682.jpeg\" class=\"\" alt=\"\" srcset=\"https:\/\/www.oaxaca.gob.mx\/comunicacion\/wp-content\/uploads\/sites\/28\/2024\/11\/e2c009c0-28ab-4582-ba60-96be87a3d405-1024x682.jpeg 1024w, https:\/\/www.oaxaca.gob.mx\/comunicacion\/wp-content\/uploads\/sites\/28\/2024\/11\/e2c009c0-28ab-4582-ba60-96be87a3d405-300x200.jpeg 300w, https:\/\/www.oaxaca.gob.mx\/comunicacion\/wp-content\/uploads\/sites\/28\/2024\/11\/e2c009c0-28ab-4582-ba60-96be87a3d405-768x512.jpeg 768w, https:\/\/www.oaxaca.gob.mx\/comunicacion\/wp-content\/uploads\/sites\/28\/2024\/11\/e2c009c0-28ab-4582-ba60-96be87a3d405-1536x1023.jpeg 1536w, https:\/\/www.oaxaca.gob.mx\/comunicacion\/wp-content\/uploads\/sites\/28\/2024\/11\/e2c009c0-28ab-4582-ba60-96be87a3d405.jpeg 1600w\" sizes=\"auto, (max-width: 1024px) 100vw, 1024px\" \/><\/div><\/div><div class=\"su-image-carousel-item\"><div class=\"su-image-carousel-item-content\"><img loading=\"lazy\" decoding=\"async\" width=\"1024\" height=\"682\" src=\"https:\/\/www.oaxaca.gob.mx\/comunicacion\/wp-content\/uploads\/sites\/28\/2024\/11\/c9661bc8-936c-453c-b388-312f406e44a9-1024x682.jpeg\" class=\"\" alt=\"\" srcset=\"https:\/\/www.oaxaca.gob.mx\/comunicacion\/wp-content\/uploads\/sites\/28\/2024\/11\/c9661bc8-936c-453c-b388-312f406e44a9-1024x682.jpeg 1024w, https:\/\/www.oaxaca.gob.mx\/comunicacion\/wp-content\/uploads\/sites\/28\/2024\/11\/c9661bc8-936c-453c-b388-312f406e44a9-300x200.jpeg 300w, https:\/\/www.oaxaca.gob.mx\/comunicacion\/wp-content\/uploads\/sites\/28\/2024\/11\/c9661bc8-936c-453c-b388-312f406e44a9-768x512.jpeg 768w, https:\/\/www.oaxaca.gob.mx\/comunicacion\/wp-content\/uploads\/sites\/28\/2024\/11\/c9661bc8-936c-453c-b388-312f406e44a9-1536x1023.jpeg 1536w, https:\/\/www.oaxaca.gob.mx\/comunicacion\/wp-content\/uploads\/sites\/28\/2024\/11\/c9661bc8-936c-453c-b388-312f406e44a9.jpeg 1600w\" sizes=\"auto, (max-width: 1024px) 100vw, 1024px\" \/><\/div><\/div><div class=\"su-image-carousel-item\"><div class=\"su-image-carousel-item-content\"><img loading=\"lazy\" decoding=\"async\" width=\"1024\" height=\"682\" src=\"https:\/\/www.oaxaca.gob.mx\/comunicacion\/wp-content\/uploads\/sites\/28\/2024\/11\/b808f4f4-3719-4e9c-8d33-2f2f35565f31-1024x682.jpeg\" class=\"\" alt=\"\" srcset=\"https:\/\/www.oaxaca.gob.mx\/comunicacion\/wp-content\/uploads\/sites\/28\/2024\/11\/b808f4f4-3719-4e9c-8d33-2f2f35565f31-1024x682.jpeg 1024w, https:\/\/www.oaxaca.gob.mx\/comunicacion\/wp-content\/uploads\/sites\/28\/2024\/11\/b808f4f4-3719-4e9c-8d33-2f2f35565f31-300x200.jpeg 300w, https:\/\/www.oaxaca.gob.mx\/comunicacion\/wp-content\/uploads\/sites\/28\/2024\/11\/b808f4f4-3719-4e9c-8d33-2f2f35565f31-768x512.jpeg 768w, https:\/\/www.oaxaca.gob.mx\/comunicacion\/wp-content\/uploads\/sites\/28\/2024\/11\/b808f4f4-3719-4e9c-8d33-2f2f35565f31-1536x1023.jpeg 1536w, https:\/\/www.oaxaca.gob.mx\/comunicacion\/wp-content\/uploads\/sites\/28\/2024\/11\/b808f4f4-3719-4e9c-8d33-2f2f35565f31.jpeg 1600w\" sizes=\"auto, (max-width: 1024px) 100vw, 1024px\" \/><\/div><\/div><div class=\"su-image-carousel-item\"><div class=\"su-image-carousel-item-content\"><img loading=\"lazy\" decoding=\"async\" width=\"1024\" height=\"682\" src=\"https:\/\/www.oaxaca.gob.mx\/comunicacion\/wp-content\/uploads\/sites\/28\/2024\/11\/4549623f-f7f1-4485-a2af-deb2b2d08568-1024x682.jpeg\" class=\"\" alt=\"\" srcset=\"https:\/\/www.oaxaca.gob.mx\/comunicacion\/wp-content\/uploads\/sites\/28\/2024\/11\/4549623f-f7f1-4485-a2af-deb2b2d08568-1024x682.jpeg 1024w, https:\/\/www.oaxaca.gob.mx\/comunicacion\/wp-content\/uploads\/sites\/28\/2024\/11\/4549623f-f7f1-4485-a2af-deb2b2d08568-300x200.jpeg 300w, https:\/\/www.oaxaca.gob.mx\/comunicacion\/wp-content\/uploads\/sites\/28\/2024\/11\/4549623f-f7f1-4485-a2af-deb2b2d08568-768x512.jpeg 768w, https:\/\/www.oaxaca.gob.mx\/comunicacion\/wp-content\/uploads\/sites\/28\/2024\/11\/4549623f-f7f1-4485-a2af-deb2b2d08568-1536x1023.jpeg 1536w, https:\/\/www.oaxaca.gob.mx\/comunicacion\/wp-content\/uploads\/sites\/28\/2024\/11\/4549623f-f7f1-4485-a2af-deb2b2d08568.jpeg 1600w\" sizes=\"auto, (max-width: 1024px) 100vw, 1024px\" \/><\/div><\/div><div class=\"su-image-carousel-item\"><div class=\"su-image-carousel-item-content\"><img loading=\"lazy\" decoding=\"async\" width=\"1024\" height=\"682\" src=\"https:\/\/www.oaxaca.gob.mx\/comunicacion\/wp-content\/uploads\/sites\/28\/2024\/11\/412777c7-ac36-4859-9aac-af7d180859b4-1024x682.jpeg\" class=\"\" alt=\"\" srcset=\"https:\/\/www.oaxaca.gob.mx\/comunicacion\/wp-content\/uploads\/sites\/28\/2024\/11\/412777c7-ac36-4859-9aac-af7d180859b4-1024x682.jpeg 1024w, https:\/\/www.oaxaca.gob.mx\/comunicacion\/wp-content\/uploads\/sites\/28\/2024\/11\/412777c7-ac36-4859-9aac-af7d180859b4-300x200.jpeg 300w, https:\/\/www.oaxaca.gob.mx\/comunicacion\/wp-content\/uploads\/sites\/28\/2024\/11\/412777c7-ac36-4859-9aac-af7d180859b4-768x512.jpeg 768w, https:\/\/www.oaxaca.gob.mx\/comunicacion\/wp-content\/uploads\/sites\/28\/2024\/11\/412777c7-ac36-4859-9aac-af7d180859b4-1536x1023.jpeg 1536w, https:\/\/www.oaxaca.gob.mx\/comunicacion\/wp-content\/uploads\/sites\/28\/2024\/11\/412777c7-ac36-4859-9aac-af7d180859b4.jpeg 1600w\" sizes=\"auto, (max-width: 1024px) 100vw, 1024px\" \/><\/div><\/div><div class=\"su-image-carousel-item\"><div class=\"su-image-carousel-item-content\"><img loading=\"lazy\" decoding=\"async\" width=\"1024\" height=\"682\" src=\"https:\/\/www.oaxaca.gob.mx\/comunicacion\/wp-content\/uploads\/sites\/28\/2024\/11\/0202619f-05d1-4d62-b184-85aab69d8497-1024x682.jpeg\" class=\"\" alt=\"\" srcset=\"https:\/\/www.oaxaca.gob.mx\/comunicacion\/wp-content\/uploads\/sites\/28\/2024\/11\/0202619f-05d1-4d62-b184-85aab69d8497-1024x682.jpeg 1024w, https:\/\/www.oaxaca.gob.mx\/comunicacion\/wp-content\/uploads\/sites\/28\/2024\/11\/0202619f-05d1-4d62-b184-85aab69d8497-300x200.jpeg 300w, https:\/\/www.oaxaca.gob.mx\/comunicacion\/wp-content\/uploads\/sites\/28\/2024\/11\/0202619f-05d1-4d62-b184-85aab69d8497-768x512.jpeg 768w, https:\/\/www.oaxaca.gob.mx\/comunicacion\/wp-content\/uploads\/sites\/28\/2024\/11\/0202619f-05d1-4d62-b184-85aab69d8497-1536x1023.jpeg 1536w, https:\/\/www.oaxaca.gob.mx\/comunicacion\/wp-content\/uploads\/sites\/28\/2024\/11\/0202619f-05d1-4d62-b184-85aab69d8497.jpeg 1600w\" sizes=\"auto, (max-width: 1024px) 100vw, 1024px\" \/><\/div><\/div><div class=\"su-image-carousel-item\"><div class=\"su-image-carousel-item-content\"><img loading=\"lazy\" decoding=\"async\" width=\"1024\" height=\"682\" src=\"https:\/\/www.oaxaca.gob.mx\/comunicacion\/wp-content\/uploads\/sites\/28\/2024\/11\/766bfd26-3838-4621-acc2-924c4d1715d2-1024x682.jpeg\" class=\"\" alt=\"\" srcset=\"https:\/\/www.oaxaca.gob.mx\/comunicacion\/wp-content\/uploads\/sites\/28\/2024\/11\/766bfd26-3838-4621-acc2-924c4d1715d2-1024x682.jpeg 1024w, https:\/\/www.oaxaca.gob.mx\/comunicacion\/wp-content\/uploads\/sites\/28\/2024\/11\/766bfd26-3838-4621-acc2-924c4d1715d2-300x200.jpeg 300w, https:\/\/www.oaxaca.gob.mx\/comunicacion\/wp-content\/uploads\/sites\/28\/2024\/11\/766bfd26-3838-4621-acc2-924c4d1715d2-768x512.jpeg 768w, https:\/\/www.oaxaca.gob.mx\/comunicacion\/wp-content\/uploads\/sites\/28\/2024\/11\/766bfd26-3838-4621-acc2-924c4d1715d2-1536x1023.jpeg 1536w, https:\/\/www.oaxaca.gob.mx\/comunicacion\/wp-content\/uploads\/sites\/28\/2024\/11\/766bfd26-3838-4621-acc2-924c4d1715d2.jpeg 1600w\" sizes=\"auto, (max-width: 1024px) 100vw, 1024px\" \/><\/div><\/div><div class=\"su-image-carousel-item\"><div class=\"su-image-carousel-item-content\"><img loading=\"lazy\" decoding=\"async\" width=\"1024\" height=\"682\" src=\"https:\/\/www.oaxaca.gob.mx\/comunicacion\/wp-content\/uploads\/sites\/28\/2024\/11\/79b985b2-1764-40b3-82ab-f014c2d6e21c-1024x682.jpeg\" class=\"\" alt=\"\" srcset=\"https:\/\/www.oaxaca.gob.mx\/comunicacion\/wp-content\/uploads\/sites\/28\/2024\/11\/79b985b2-1764-40b3-82ab-f014c2d6e21c-1024x682.jpeg 1024w, https:\/\/www.oaxaca.gob.mx\/comunicacion\/wp-content\/uploads\/sites\/28\/2024\/11\/79b985b2-1764-40b3-82ab-f014c2d6e21c-300x200.jpeg 300w, https:\/\/www.oaxaca.gob.mx\/comunicacion\/wp-content\/uploads\/sites\/28\/2024\/11\/79b985b2-1764-40b3-82ab-f014c2d6e21c-768x512.jpeg 768w, https:\/\/www.oaxaca.gob.mx\/comunicacion\/wp-content\/uploads\/sites\/28\/2024\/11\/79b985b2-1764-40b3-82ab-f014c2d6e21c-1536x1023.jpeg 1536w, https:\/\/www.oaxaca.gob.mx\/comunicacion\/wp-content\/uploads\/sites\/28\/2024\/11\/79b985b2-1764-40b3-82ab-f014c2d6e21c.jpeg 1600w\" sizes=\"auto, (max-width: 1024px) 100vw, 1024px\" \/><\/div><\/div><div class=\"su-image-carousel-item\"><div class=\"su-image-carousel-item-content\"><img loading=\"lazy\" decoding=\"async\" width=\"1024\" height=\"682\" src=\"https:\/\/www.oaxaca.gob.mx\/comunicacion\/wp-content\/uploads\/sites\/28\/2024\/11\/8d821eea-9a42-436c-8442-052b97f90b08-1024x682.jpeg\" class=\"\" alt=\"\" srcset=\"https:\/\/www.oaxaca.gob.mx\/comunicacion\/wp-content\/uploads\/sites\/28\/2024\/11\/8d821eea-9a42-436c-8442-052b97f90b08-1024x682.jpeg 1024w, https:\/\/www.oaxaca.gob.mx\/comunicacion\/wp-content\/uploads\/sites\/28\/2024\/11\/8d821eea-9a42-436c-8442-052b97f90b08-300x200.jpeg 300w, https:\/\/www.oaxaca.gob.mx\/comunicacion\/wp-content\/uploads\/sites\/28\/2024\/11\/8d821eea-9a42-436c-8442-052b97f90b08-768x512.jpeg 768w, https:\/\/www.oaxaca.gob.mx\/comunicacion\/wp-content\/uploads\/sites\/28\/2024\/11\/8d821eea-9a42-436c-8442-052b97f90b08-1536x1023.jpeg 1536w, https:\/\/www.oaxaca.gob.mx\/comunicacion\/wp-content\/uploads\/sites\/28\/2024\/11\/8d821eea-9a42-436c-8442-052b97f90b08.jpeg 1600w\" sizes=\"auto, (max-width: 1024px) 100vw, 1024px\" \/><\/div><\/div><div class=\"su-image-carousel-item\"><div class=\"su-image-carousel-item-content\"><img loading=\"lazy\" decoding=\"async\" width=\"1024\" height=\"682\" src=\"https:\/\/www.oaxaca.gob.mx\/comunicacion\/wp-content\/uploads\/sites\/28\/2024\/11\/8caa09bc-1544-4004-bcfa-ba44555084a1-1024x682.jpeg\" class=\"\" alt=\"\" srcset=\"https:\/\/www.oaxaca.gob.mx\/comunicacion\/wp-content\/uploads\/sites\/28\/2024\/11\/8caa09bc-1544-4004-bcfa-ba44555084a1-1024x682.jpeg 1024w, https:\/\/www.oaxaca.gob.mx\/comunicacion\/wp-content\/uploads\/sites\/28\/2024\/11\/8caa09bc-1544-4004-bcfa-ba44555084a1-300x200.jpeg 300w, https:\/\/www.oaxaca.gob.mx\/comunicacion\/wp-content\/uploads\/sites\/28\/2024\/11\/8caa09bc-1544-4004-bcfa-ba44555084a1-768x512.jpeg 768w, https:\/\/www.oaxaca.gob.mx\/comunicacion\/wp-content\/uploads\/sites\/28\/2024\/11\/8caa09bc-1544-4004-bcfa-ba44555084a1-1536x1023.jpeg 1536w, https:\/\/www.oaxaca.gob.mx\/comunicacion\/wp-content\/uploads\/sites\/28\/2024\/11\/8caa09bc-1544-4004-bcfa-ba44555084a1.jpeg 1600w\" sizes=\"auto, (max-width: 1024px) 100vw, 1024px\" \/><\/div><\/div><div class=\"su-image-carousel-item\"><div class=\"su-image-carousel-item-content\"><img loading=\"lazy\" decoding=\"async\" width=\"1024\" height=\"682\" src=\"https:\/\/www.oaxaca.gob.mx\/comunicacion\/wp-content\/uploads\/sites\/28\/2024\/11\/6b1ed8e4-731a-4d5e-a75b-a1ba46b81f30-1024x682.jpeg\" class=\"\" alt=\"\" srcset=\"https:\/\/www.oaxaca.gob.mx\/comunicacion\/wp-content\/uploads\/sites\/28\/2024\/11\/6b1ed8e4-731a-4d5e-a75b-a1ba46b81f30-1024x682.jpeg 1024w, https:\/\/www.oaxaca.gob.mx\/comunicacion\/wp-content\/uploads\/sites\/28\/2024\/11\/6b1ed8e4-731a-4d5e-a75b-a1ba46b81f30-300x200.jpeg 300w, https:\/\/www.oaxaca.gob.mx\/comunicacion\/wp-content\/uploads\/sites\/28\/2024\/11\/6b1ed8e4-731a-4d5e-a75b-a1ba46b81f30-768x512.jpeg 768w, https:\/\/www.oaxaca.gob.mx\/comunicacion\/wp-content\/uploads\/sites\/28\/2024\/11\/6b1ed8e4-731a-4d5e-a75b-a1ba46b81f30-1536x1023.jpeg 1536w, https:\/\/www.oaxaca.gob.mx\/comunicacion\/wp-content\/uploads\/sites\/28\/2024\/11\/6b1ed8e4-731a-4d5e-a75b-a1ba46b81f30.jpeg 1600w\" sizes=\"auto, (max-width: 1024px) 100vw, 1024px\" \/><\/div><\/div><div class=\"su-image-carousel-item\"><div class=\"su-image-carousel-item-content\"><img loading=\"lazy\" decoding=\"async\" width=\"1024\" height=\"682\" src=\"https:\/\/www.oaxaca.gob.mx\/comunicacion\/wp-content\/uploads\/sites\/28\/2024\/11\/1d8cac48-6812-456a-942e-900f15694d58-1024x682.jpeg\" class=\"\" alt=\"\" srcset=\"https:\/\/www.oaxaca.gob.mx\/comunicacion\/wp-content\/uploads\/sites\/28\/2024\/11\/1d8cac48-6812-456a-942e-900f15694d58-1024x682.jpeg 1024w, https:\/\/www.oaxaca.gob.mx\/comunicacion\/wp-content\/uploads\/sites\/28\/2024\/11\/1d8cac48-6812-456a-942e-900f15694d58-300x200.jpeg 300w, https:\/\/www.oaxaca.gob.mx\/comunicacion\/wp-content\/uploads\/sites\/28\/2024\/11\/1d8cac48-6812-456a-942e-900f15694d58-768x512.jpeg 768w, https:\/\/www.oaxaca.gob.mx\/comunicacion\/wp-content\/uploads\/sites\/28\/2024\/11\/1d8cac48-6812-456a-942e-900f15694d58-1536x1023.jpeg 1536w, https:\/\/www.oaxaca.gob.mx\/comunicacion\/wp-content\/uploads\/sites\/28\/2024\/11\/1d8cac48-6812-456a-942e-900f15694d58.jpeg 1600w\" sizes=\"auto, (max-width: 1024px) 100vw, 1024px\" \/><\/div><\/div><\/div><script id=\"su_image_carousel_69efbf12128c8_script\">if(window.SUImageCarousel){setTimeout(function() {window.SUImageCarousel.initGallery(document.getElementById(\"su_image_carousel_69efbf12128c8\"))}, 0);}var su_image_carousel_69efbf12128c8_script=document.getElementById(\"su_image_carousel_69efbf12128c8_script\");if(su_image_carousel_69efbf12128c8_script){su_image_carousel_69efbf12128c8_script.parentNode.removeChild(su_image_carousel_69efbf12128c8_script);}<\/script>\n","protected":false},"excerpt":{"rendered":"<p>Oaxaca de Ju\u00e1rez, Oax. 9 de noviembre de 2024.- En atenci\u00f3n al rescate del patrimonio hist\u00f3rico de la zona centro de la capital oaxaque\u00f1a, el Gobernador Salom\u00f3n Jara Cruz, encabez\u00f3 la reapertura del Templo de Nuestra Se\u00f1ora de la Merced, tras los trabajos de restauraci\u00f3n realizados, con una inversi\u00f3n de m\u00e1s de 31 millones de [&hellip;]<\/p>\n","protected":false},"author":29,"featured_media":139912,"comment_status":"open","ping_status":"open","sticky":false,"template":"","format":"standard","meta":{"episode_type":"","audio_file":"","podmotor_file_id":"","podmotor_episode_id":"","cover_image":"","cover_image_id":"","duration":"","filesize":"","filesize_raw":"","date_recorded":"","explicit":"","block":"","itunes_episode_number":"","itunes_title":"","itunes_season_number":"","itunes_episode_type":"","footnotes":""},"categories":[6,7],"tags":[],"class_list":["post-139901","post","type-post","status-publish","format-standard","has-post-thumbnail","hentry","category-destacado","category-slide"],"acf":[],"publishpress_future_action":{"enabled":false,"date":"2026-05-04 13:54:58","action":"change-status","newStatus":"draft","terms":[],"taxonomy":"category","extraData":[]},"publishpress_future_workflow_manual_trigger":{"enabledWorkflows":[]},"_links":{"self":[{"href":"https:\/\/www.oaxaca.gob.mx\/comunicacion\/wp-json\/wp\/v2\/posts\/139901","targetHints":{"allow":["GET"]}}],"collection":[{"href":"https:\/\/www.oaxaca.gob.mx\/comunicacion\/wp-json\/wp\/v2\/posts"}],"about":[{"href":"https:\/\/www.oaxaca.gob.mx\/comunicacion\/wp-json\/wp\/v2\/types\/post"}],"author":[{"embeddable":true,"href":"https:\/\/www.oaxaca.gob.mx\/comunicacion\/wp-json\/wp\/v2\/users\/29"}],"replies":[{"embeddable":true,"href":"https:\/\/www.oaxaca.gob.mx\/comunicacion\/wp-json\/wp\/v2\/comments?post=139901"}],"version-history":[{"count":1,"href":"https:\/\/www.oaxaca.gob.mx\/comunicacion\/wp-json\/wp\/v2\/posts\/139901\/revisions"}],"predecessor-version":[{"id":139916,"href":"https:\/\/www.oaxaca.gob.mx\/comunicacion\/wp-json\/wp\/v2\/posts\/139901\/revisions\/139916"}],"wp:featuredmedia":[{"embeddable":true,"href":"https:\/\/www.oaxaca.gob.mx\/comunicacion\/wp-json\/wp\/v2\/media\/139912"}],"wp:attachment":[{"href":"https:\/\/www.oaxaca.gob.mx\/comunicacion\/wp-json\/wp\/v2\/media?parent=139901"}],"wp:term":[{"taxonomy":"category","embeddable":true,"href":"https:\/\/www.oaxaca.gob.mx\/comunicacion\/wp-json\/wp\/v2\/categories?post=139901"},{"taxonomy":"post_tag","embeddable":true,"href":"https:\/\/www.oaxaca.gob.mx\/comunicacion\/wp-json\/wp\/v2\/tags?post=139901"}],"curies":[{"name":"wp","href":"https:\/\/api.w.org\/{rel}","templated":true}]}}