{"id":135965,"date":"2024-10-01T14:45:36","date_gmt":"2024-10-01T20:45:36","guid":{"rendered":"https:\/\/www.oaxaca.gob.mx\/comunicacion\/?p=135965"},"modified":"2024-10-02T10:54:50","modified_gmt":"2024-10-02T16:54:50","slug":"con-la-primera-mujer-presidenta-de-mexico-claudia-sheinbaum-se-consolidara-el-segundo-piso-de-la-cuarta-transformacion-salomon-jara","status":"publish","type":"post","link":"https:\/\/www.oaxaca.gob.mx\/comunicacion\/con-la-primera-mujer-presidenta-de-mexico-claudia-sheinbaum-se-consolidara-el-segundo-piso-de-la-cuarta-transformacion-salomon-jara\/","title":{"rendered":"Con la primera mujer Presidenta de M\u00e9xico Claudia Sheinbaum, se consolidar\u00e1 el segundo piso de la Cuarta Transformaci\u00f3n: Salom\u00f3n Jara"},"content":{"rendered":"<p class=\"x_MsoNormal\" style=\"text-align: left\" align=\"center\"><b><span lang=\"ES-TRAD\"><div class=\"su-image-carousel  su-image-carousel-has-spacing su-image-carousel-crop su-image-carousel-crop-21-9 su-image-carousel-has-outline su-image-carousel-adaptive su-image-carousel-slides-style-photo su-image-carousel-controls-style-dark su-image-carousel-align-center\" style=\"\" data-flickity-options='{\"groupCells\":true,\"cellSelector\":\".su-image-carousel-item\",\"adaptiveHeight\":false,\"cellAlign\":\"left\",\"prevNextButtons\":true,\"pageDots\":true,\"autoPlay\":5000,\"imagesLoaded\":true,\"contain\":true,\"selectedAttraction\":0.025,\"friction\":0.28}' id=\"su_image_carousel_69f2a09737a50\"><div class=\"su-image-carousel-item\"><div class=\"su-image-carousel-item-content\"><img loading=\"lazy\" decoding=\"async\" width=\"1024\" height=\"681\" src=\"https:\/\/www.oaxaca.gob.mx\/comunicacion\/wp-content\/uploads\/sites\/28\/2024\/10\/GOBERNADOR-TOMA-DE-PROTESTA-PRESIDENTA-DE-MEXICO-4-1024x681.jpeg\" class=\"\" alt=\"\" srcset=\"https:\/\/www.oaxaca.gob.mx\/comunicacion\/wp-content\/uploads\/sites\/28\/2024\/10\/GOBERNADOR-TOMA-DE-PROTESTA-PRESIDENTA-DE-MEXICO-4-1024x681.jpeg 1024w, https:\/\/www.oaxaca.gob.mx\/comunicacion\/wp-content\/uploads\/sites\/28\/2024\/10\/GOBERNADOR-TOMA-DE-PROTESTA-PRESIDENTA-DE-MEXICO-4-300x200.jpeg 300w, https:\/\/www.oaxaca.gob.mx\/comunicacion\/wp-content\/uploads\/sites\/28\/2024\/10\/GOBERNADOR-TOMA-DE-PROTESTA-PRESIDENTA-DE-MEXICO-4-768x511.jpeg 768w, https:\/\/www.oaxaca.gob.mx\/comunicacion\/wp-content\/uploads\/sites\/28\/2024\/10\/GOBERNADOR-TOMA-DE-PROTESTA-PRESIDENTA-DE-MEXICO-4-1536x1021.jpeg 1536w, https:\/\/www.oaxaca.gob.mx\/comunicacion\/wp-content\/uploads\/sites\/28\/2024\/10\/GOBERNADOR-TOMA-DE-PROTESTA-PRESIDENTA-DE-MEXICO-4.jpeg 1600w\" sizes=\"auto, (max-width: 1024px) 100vw, 1024px\" \/><\/div><\/div><\/div><script id=\"su_image_carousel_69f2a09737a50_script\">if(window.SUImageCarousel){setTimeout(function() {window.SUImageCarousel.initGallery(document.getElementById(\"su_image_carousel_69f2a09737a50\"))}, 0);}var su_image_carousel_69f2a09737a50_script=document.getElementById(\"su_image_carousel_69f2a09737a50_script\");if(su_image_carousel_69f2a09737a50_script){su_image_carousel_69f2a09737a50_script.parentNode.removeChild(su_image_carousel_69f2a09737a50_script);}<\/script><\/span><\/b><\/p>\n<p class=\"x_MsoNormal\"><span lang=\"ES-TRAD\">\u00a0<\/span><\/p>\n<p class=\"x_MsoNormal\"><div class=\"su-heading su-heading-style-default su-heading-align-center\" id=\"\" style=\"font-size:13px;margin-bottom:20px\"><div class=\"su-heading-inner\">El Gobernador de Oaxaca asisti\u00f3 a la toma de protesta de la primera Presidenta de M\u00e9xico Claudia Sheinbaum Pardo<\/div><\/div>\n<p class=\"x_MsoNormal\"><i>\u00a0<\/i><\/p>\n<p class=\"x_MsoNormal\"><div class=\"su-heading su-heading-style-default su-heading-align-center\" id=\"\" style=\"font-size:13px;margin-bottom:20px\"><div class=\"su-heading-inner\">Reiter\u00f3 la disposici\u00f3n de seguir sumando esfuerzos para avanzar en la construcci\u00f3n de un pa\u00eds m\u00e1s justo, que salde la deuda hist\u00f3rica con los pueblos<\/div><\/div>\n<p class=\"x_MsoNormal\"><i>\u00a0<\/i><\/p>\n<p class=\"x_MsoNormal\">Ciudad de M\u00e9xico. 1 de octubre de 2024.- El Gobernador de Oaxaca Salom\u00f3n Jara Cruz asever\u00f3 que bajo la conducci\u00f3n de la primera mujer Presidenta de M\u00e9xico Claudia Sheinbaum Pardo, quien se ha convertido en la depositaria del esp\u00edritu humanista, se consolidar\u00e1 el segundo piso de la Cuarta Transformaci\u00f3n que permitir\u00e1 al pa\u00eds ser una naci\u00f3n m\u00e1s justa y democr\u00e1tica.<\/p>\n<p class=\"x_MsoNormal\">Al asistir a la toma de protesta de la nueva Presidenta de M\u00e9xico en el Palacio de San L\u00e1zaro, quien asumi\u00f3 el cargo para la administraci\u00f3n 2024-2030, el Mandatario estatal celebr\u00f3 este acontecimiento hist\u00f3rico que representa para el pa\u00eds un avance trascendental en lo pol\u00edtico, social y cultural, ya que por primera vez en 200 a\u00f1os, una mujer ocupar\u00e1 la titularidad del Poder Ejecutivo Federal.<\/p>\n<p class=\"x_MsoNormal\">\n<p class=\"x_MsoNormal\"><div class=\"su-quote su-quote-style-default\"><div class=\"su-quote-inner su-u-clearfix su-u-trim\">\u201cEste acontecimiento obedece al mandato popular, porque ahora es el pueblo quien ocupa un papel protag\u00f3nico en los asuntos p\u00fablicos. La confianza, la dignidad y la esperanza restablecidas ser\u00e1n el faro para seguir edificando este gran pa\u00eds\u201d, afirm\u00f3.<\/div><\/div>\n<p class=\"x_MsoNormal\">\n<p class=\"x_MsoNormal\">Expres\u00f3 que con esta representaci\u00f3n, se da un paso firme en la igualdad y equidad, y el destino de M\u00e9xico figura para convertirse en el mejor de todos los tiempos, con los valores e ideales cimentados por Andr\u00e9s Manuel L\u00f3pez Obrador.<\/p>\n<p class=\"x_MsoNormal\">Asimismo, dijo, en la construcci\u00f3n del segundo piso de la Cuarta Transformaci\u00f3n, Oaxaca juega un papel importante como palanca de desarrollo a trav\u00e9s del proyecto del Corredor Interoce\u00e1nico del Istmo de Tehuantepec (CIIT).<\/p>\n<p class=\"x_MsoNormal\">Asever\u00f3 que con las grandes obras de infraestructura como el ferrocarril y los Polos de Desarrollo Bienestar del CIIT, las autopistas a la Costa y al Istmo, as\u00ed como el Tren Maya y la Refiner\u00eda Dos Bocas, impulsados para saldar la deuda hist\u00f3rica con el sur-sureste de M\u00e9xico y detonar el desarrollo y bienestar, auguran un mayor crecimiento econ\u00f3mico para la entidad.<\/p>\n<p class=\"x_MsoNormal\">\n<p class=\"x_MsoNormal\"><div class=\"su-quote su-quote-style-default\"><div class=\"su-quote-inner su-u-clearfix su-u-trim\">\u201cOaxaca est\u00e1 lista para seguir en la ruta de la transformaci\u00f3n y responder a las demandas que exigen los tiempos actuales\u201d, dijo.<\/div><\/div>\n<p class=\"x_MsoNormal\">\n<p class=\"x_MsoNormal\">De esta manera, Jara Cruz refrend\u00f3 el compromiso de su gobierno para seguir sumando esfuerzo junto a la Presidenta de M\u00e9xico y avanzar en la consolidaci\u00f3n de un pa\u00eds m\u00e1s pr\u00f3spero, que genere bienestar al pueblo, y anteponga el derecho de las mujeres, ni\u00f1as y adolescentes.<\/p>\n<p class=\"x_MsoNormal\"><span lang=\"ES-TRAD\">\u00a0<\/span><\/p>\n<p class=\"x_MsoNormal\" align=\"center\"><b><span lang=\"ES-TRAD\">-0-<\/span><\/b><\/p>\n<p style=\"text-align: left\" align=\"center\"><div class=\"su-image-carousel  su-image-carousel-has-spacing su-image-carousel-crop su-image-carousel-crop-16-10 su-image-carousel-has-outline su-image-carousel-adaptive su-image-carousel-slides-style-photo su-image-carousel-controls-style-dark su-image-carousel-align-center\" style=\"\" data-flickity-options='{\"groupCells\":true,\"cellSelector\":\".su-image-carousel-item\",\"adaptiveHeight\":false,\"cellAlign\":\"left\",\"prevNextButtons\":true,\"pageDots\":true,\"autoPlay\":5000,\"imagesLoaded\":true,\"contain\":true,\"selectedAttraction\":0.025,\"friction\":0.28}' id=\"su_image_carousel_69f2a09738378\"><div class=\"su-image-carousel-item\"><div class=\"su-image-carousel-item-content\"><img loading=\"lazy\" decoding=\"async\" width=\"1024\" height=\"768\" src=\"https:\/\/www.oaxaca.gob.mx\/comunicacion\/wp-content\/uploads\/sites\/28\/2024\/10\/GOBERNADOR-TOMA-DE-PROTESTA-PRESIDENTA-DE-MEXICO-5-1024x768.jpeg\" class=\"\" alt=\"\" srcset=\"https:\/\/www.oaxaca.gob.mx\/comunicacion\/wp-content\/uploads\/sites\/28\/2024\/10\/GOBERNADOR-TOMA-DE-PROTESTA-PRESIDENTA-DE-MEXICO-5-1024x768.jpeg 1024w, https:\/\/www.oaxaca.gob.mx\/comunicacion\/wp-content\/uploads\/sites\/28\/2024\/10\/GOBERNADOR-TOMA-DE-PROTESTA-PRESIDENTA-DE-MEXICO-5-300x225.jpeg 300w, https:\/\/www.oaxaca.gob.mx\/comunicacion\/wp-content\/uploads\/sites\/28\/2024\/10\/GOBERNADOR-TOMA-DE-PROTESTA-PRESIDENTA-DE-MEXICO-5-768x576.jpeg 768w, https:\/\/www.oaxaca.gob.mx\/comunicacion\/wp-content\/uploads\/sites\/28\/2024\/10\/GOBERNADOR-TOMA-DE-PROTESTA-PRESIDENTA-DE-MEXICO-5.jpeg 1280w\" sizes=\"auto, (max-width: 1024px) 100vw, 1024px\" \/><\/div><\/div><div class=\"su-image-carousel-item\"><div class=\"su-image-carousel-item-content\"><img loading=\"lazy\" decoding=\"async\" width=\"682\" height=\"1024\" src=\"https:\/\/www.oaxaca.gob.mx\/comunicacion\/wp-content\/uploads\/sites\/28\/2024\/10\/GOBERNADOR-TOMA-DE-PROTESTA-PRESIDENTA-DE-MEXICO-3-682x1024.jpeg\" class=\"\" alt=\"\" srcset=\"https:\/\/www.oaxaca.gob.mx\/comunicacion\/wp-content\/uploads\/sites\/28\/2024\/10\/GOBERNADOR-TOMA-DE-PROTESTA-PRESIDENTA-DE-MEXICO-3-682x1024.jpeg 682w, https:\/\/www.oaxaca.gob.mx\/comunicacion\/wp-content\/uploads\/sites\/28\/2024\/10\/GOBERNADOR-TOMA-DE-PROTESTA-PRESIDENTA-DE-MEXICO-3-200x300.jpeg 200w, https:\/\/www.oaxaca.gob.mx\/comunicacion\/wp-content\/uploads\/sites\/28\/2024\/10\/GOBERNADOR-TOMA-DE-PROTESTA-PRESIDENTA-DE-MEXICO-3-768x1153.jpeg 768w, https:\/\/www.oaxaca.gob.mx\/comunicacion\/wp-content\/uploads\/sites\/28\/2024\/10\/GOBERNADOR-TOMA-DE-PROTESTA-PRESIDENTA-DE-MEXICO-3-1023x1536.jpeg 1023w, https:\/\/www.oaxaca.gob.mx\/comunicacion\/wp-content\/uploads\/sites\/28\/2024\/10\/GOBERNADOR-TOMA-DE-PROTESTA-PRESIDENTA-DE-MEXICO-3.jpeg 1066w\" sizes=\"auto, (max-width: 682px) 100vw, 682px\" \/><\/div><\/div><div class=\"su-image-carousel-item\"><div class=\"su-image-carousel-item-content\"><img loading=\"lazy\" decoding=\"async\" width=\"1024\" height=\"602\" src=\"https:\/\/www.oaxaca.gob.mx\/comunicacion\/wp-content\/uploads\/sites\/28\/2024\/10\/GOBERNADOR-TOMA-DE-PROTESTA-PRESIDENTA-DE-MEXICO-1-1024x602.jpeg\" class=\"\" alt=\"\" srcset=\"https:\/\/www.oaxaca.gob.mx\/comunicacion\/wp-content\/uploads\/sites\/28\/2024\/10\/GOBERNADOR-TOMA-DE-PROTESTA-PRESIDENTA-DE-MEXICO-1-1024x602.jpeg 1024w, https:\/\/www.oaxaca.gob.mx\/comunicacion\/wp-content\/uploads\/sites\/28\/2024\/10\/GOBERNADOR-TOMA-DE-PROTESTA-PRESIDENTA-DE-MEXICO-1-300x176.jpeg 300w, https:\/\/www.oaxaca.gob.mx\/comunicacion\/wp-content\/uploads\/sites\/28\/2024\/10\/GOBERNADOR-TOMA-DE-PROTESTA-PRESIDENTA-DE-MEXICO-1-768x452.jpeg 768w, https:\/\/www.oaxaca.gob.mx\/comunicacion\/wp-content\/uploads\/sites\/28\/2024\/10\/GOBERNADOR-TOMA-DE-PROTESTA-PRESIDENTA-DE-MEXICO-1.jpeg 1280w\" sizes=\"auto, (max-width: 1024px) 100vw, 1024px\" \/><\/div><\/div><div class=\"su-image-carousel-item\"><div class=\"su-image-carousel-item-content\"><img loading=\"lazy\" decoding=\"async\" width=\"900\" height=\"600\" src=\"https:\/\/www.oaxaca.gob.mx\/comunicacion\/wp-content\/uploads\/sites\/28\/2024\/10\/GOBERNADOR-TOMA-DE-PROTESTA-PRESIDENTA-DE-MEXICO-6.jpeg\" class=\"\" alt=\"\" srcset=\"https:\/\/www.oaxaca.gob.mx\/comunicacion\/wp-content\/uploads\/sites\/28\/2024\/10\/GOBERNADOR-TOMA-DE-PROTESTA-PRESIDENTA-DE-MEXICO-6.jpeg 900w, https:\/\/www.oaxaca.gob.mx\/comunicacion\/wp-content\/uploads\/sites\/28\/2024\/10\/GOBERNADOR-TOMA-DE-PROTESTA-PRESIDENTA-DE-MEXICO-6-300x200.jpeg 300w, https:\/\/www.oaxaca.gob.mx\/comunicacion\/wp-content\/uploads\/sites\/28\/2024\/10\/GOBERNADOR-TOMA-DE-PROTESTA-PRESIDENTA-DE-MEXICO-6-768x512.jpeg 768w\" sizes=\"auto, (max-width: 900px) 100vw, 900px\" \/><\/div><\/div><div class=\"su-image-carousel-item\"><div class=\"su-image-carousel-item-content\"><img loading=\"lazy\" decoding=\"async\" width=\"682\" height=\"1024\" src=\"https:\/\/www.oaxaca.gob.mx\/comunicacion\/wp-content\/uploads\/sites\/28\/2024\/10\/GOBERNADOR-TOMA-DE-PROTESTA-PRESIDENTA-DE-MEXICO-2-682x1024.jpeg\" class=\"\" alt=\"\" srcset=\"https:\/\/www.oaxaca.gob.mx\/comunicacion\/wp-content\/uploads\/sites\/28\/2024\/10\/GOBERNADOR-TOMA-DE-PROTESTA-PRESIDENTA-DE-MEXICO-2-682x1024.jpeg 682w, https:\/\/www.oaxaca.gob.mx\/comunicacion\/wp-content\/uploads\/sites\/28\/2024\/10\/GOBERNADOR-TOMA-DE-PROTESTA-PRESIDENTA-DE-MEXICO-2-200x300.jpeg 200w, https:\/\/www.oaxaca.gob.mx\/comunicacion\/wp-content\/uploads\/sites\/28\/2024\/10\/GOBERNADOR-TOMA-DE-PROTESTA-PRESIDENTA-DE-MEXICO-2-768x1152.jpeg 768w, https:\/\/www.oaxaca.gob.mx\/comunicacion\/wp-content\/uploads\/sites\/28\/2024\/10\/GOBERNADOR-TOMA-DE-PROTESTA-PRESIDENTA-DE-MEXICO-2.jpeg 853w\" sizes=\"auto, (max-width: 682px) 100vw, 682px\" \/><\/div><\/div><div class=\"su-image-carousel-item\"><div class=\"su-image-carousel-item-content\"><img loading=\"lazy\" decoding=\"async\" width=\"1024\" height=\"681\" src=\"https:\/\/www.oaxaca.gob.mx\/comunicacion\/wp-content\/uploads\/sites\/28\/2024\/10\/GOBERNADOR-TOMA-DE-PROTESTA-PRESIDENTA-DE-MEXICO-4-1024x681.jpeg\" class=\"\" alt=\"\" srcset=\"https:\/\/www.oaxaca.gob.mx\/comunicacion\/wp-content\/uploads\/sites\/28\/2024\/10\/GOBERNADOR-TOMA-DE-PROTESTA-PRESIDENTA-DE-MEXICO-4-1024x681.jpeg 1024w, https:\/\/www.oaxaca.gob.mx\/comunicacion\/wp-content\/uploads\/sites\/28\/2024\/10\/GOBERNADOR-TOMA-DE-PROTESTA-PRESIDENTA-DE-MEXICO-4-300x200.jpeg 300w, https:\/\/www.oaxaca.gob.mx\/comunicacion\/wp-content\/uploads\/sites\/28\/2024\/10\/GOBERNADOR-TOMA-DE-PROTESTA-PRESIDENTA-DE-MEXICO-4-768x511.jpeg 768w, https:\/\/www.oaxaca.gob.mx\/comunicacion\/wp-content\/uploads\/sites\/28\/2024\/10\/GOBERNADOR-TOMA-DE-PROTESTA-PRESIDENTA-DE-MEXICO-4-1536x1021.jpeg 1536w, https:\/\/www.oaxaca.gob.mx\/comunicacion\/wp-content\/uploads\/sites\/28\/2024\/10\/GOBERNADOR-TOMA-DE-PROTESTA-PRESIDENTA-DE-MEXICO-4.jpeg 1600w\" sizes=\"auto, (max-width: 1024px) 100vw, 1024px\" \/><\/div><\/div><\/div><script id=\"su_image_carousel_69f2a09738378_script\">if(window.SUImageCarousel){setTimeout(function() {window.SUImageCarousel.initGallery(document.getElementById(\"su_image_carousel_69f2a09738378\"))}, 0);}var su_image_carousel_69f2a09738378_script=document.getElementById(\"su_image_carousel_69f2a09738378_script\");if(su_image_carousel_69f2a09738378_script){su_image_carousel_69f2a09738378_script.parentNode.removeChild(su_image_carousel_69f2a09738378_script);}<\/script>\n","protected":false},"excerpt":{"rendered":"<p>\u00a0 \u00a0 \u00a0 Ciudad de M\u00e9xico. 1 de octubre de 2024.- El Gobernador de Oaxaca Salom\u00f3n Jara Cruz asever\u00f3 que bajo la conducci\u00f3n de la primera mujer Presidenta de M\u00e9xico Claudia Sheinbaum Pardo, quien se ha convertido en la depositaria del esp\u00edritu humanista, se consolidar\u00e1 el segundo piso de la Cuarta Transformaci\u00f3n que permitir\u00e1 al [&hellip;]<\/p>\n","protected":false},"author":29,"featured_media":135972,"comment_status":"open","ping_status":"open","sticky":false,"template":"","format":"standard","meta":{"episode_type":"","audio_file":"","podmotor_file_id":"","podmotor_episode_id":"","cover_image":"","cover_image_id":"","duration":"","filesize":"","filesize_raw":"","date_recorded":"","explicit":"","block":"","itunes_episode_number":"","itunes_title":"","itunes_season_number":"","itunes_episode_type":"","footnotes":""},"categories":[7,8],"tags":[2266],"class_list":["post-135965","post","type-post","status-publish","format-standard","has-post-thumbnail","hentry","category-slide","category-noticias","tag-el-gobernador-salomon-jara-cruz"],"acf":[],"publishpress_future_action":{"enabled":false,"date":"2026-05-06 18:21:43","action":"change-status","newStatus":"draft","terms":[],"taxonomy":"category","extraData":[]},"publishpress_future_workflow_manual_trigger":{"enabledWorkflows":[]},"_links":{"self":[{"href":"https:\/\/www.oaxaca.gob.mx\/comunicacion\/wp-json\/wp\/v2\/posts\/135965","targetHints":{"allow":["GET"]}}],"collection":[{"href":"https:\/\/www.oaxaca.gob.mx\/comunicacion\/wp-json\/wp\/v2\/posts"}],"about":[{"href":"https:\/\/www.oaxaca.gob.mx\/comunicacion\/wp-json\/wp\/v2\/types\/post"}],"author":[{"embeddable":true,"href":"https:\/\/www.oaxaca.gob.mx\/comunicacion\/wp-json\/wp\/v2\/users\/29"}],"replies":[{"embeddable":true,"href":"https:\/\/www.oaxaca.gob.mx\/comunicacion\/wp-json\/wp\/v2\/comments?post=135965"}],"version-history":[{"count":1,"href":"https:\/\/www.oaxaca.gob.mx\/comunicacion\/wp-json\/wp\/v2\/posts\/135965\/revisions"}],"predecessor-version":[{"id":135973,"href":"https:\/\/www.oaxaca.gob.mx\/comunicacion\/wp-json\/wp\/v2\/posts\/135965\/revisions\/135973"}],"wp:featuredmedia":[{"embeddable":true,"href":"https:\/\/www.oaxaca.gob.mx\/comunicacion\/wp-json\/wp\/v2\/media\/135972"}],"wp:attachment":[{"href":"https:\/\/www.oaxaca.gob.mx\/comunicacion\/wp-json\/wp\/v2\/media?parent=135965"}],"wp:term":[{"taxonomy":"category","embeddable":true,"href":"https:\/\/www.oaxaca.gob.mx\/comunicacion\/wp-json\/wp\/v2\/categories?post=135965"},{"taxonomy":"post_tag","embeddable":true,"href":"https:\/\/www.oaxaca.gob.mx\/comunicacion\/wp-json\/wp\/v2\/tags?post=135965"}],"curies":[{"name":"wp","href":"https:\/\/api.w.org\/{rel}","templated":true}]}}