{"id":13246,"date":"2018-02-26T12:15:47","date_gmt":"2018-02-26T18:15:47","guid":{"rendered":"https:\/\/www.oaxaca.gob.mx\/comunicacion\/?p=13246"},"modified":"2018-02-26T12:15:47","modified_gmt":"2018-02-26T18:15:47","slug":"recomienda-ieepo-integrar-y-fortalecer-comites-de-seguridad-y-emergencia-escolar","status":"publish","type":"post","link":"https:\/\/www.oaxaca.gob.mx\/comunicacion\/recomienda-ieepo-integrar-y-fortalecer-comites-de-seguridad-y-emergencia-escolar\/","title":{"rendered":"Recomienda IEEPO integrar y fortalecer Comit\u00e9s de Seguridad y Emergencia Escolar"},"content":{"rendered":"\n<ul>\n<li>La reducci\u00f3n de riesgos ante la posibilidad de sismos, inundaciones, lluvias, incendios o robos,<br \/>\nentre otros, es responsabilidad conjunta<\/li>\n<\/ul>\n<p>Oaxaca de Ju\u00e1rez, Oax. 26 de 2018.- El Instituto Estatal de Educaci\u00f3n P\u00fablica de Oaxaca (IEEPO)<br \/>\nconvoc\u00f3 a las autoridades escolares, personal docente y padres de familia realicen la integraci\u00f3n<br \/>\nde los Comit\u00e9s de Seguridad y Emergencia Escolar.<br \/>\nMediante este organismo se establecen acciones para la reducci\u00f3n de riesgos ante la posibilidad<br \/>\nde sismos, inundaciones, lluvias, incendios o robos en las escuelas.<br \/>\nEs prioridad del gobernador de Oaxaca, Alejandro Murat y del director general del IEEPO,<br \/>\nFrancisco \u00c1ngel Villarreal, brindar las herramientas necesarias para la prevenci\u00f3n de<br \/>\ncontingencias naturales o humanas.<br \/>\nPor lo tanto, sugiri\u00f3 la integraci\u00f3n de estos Comit\u00e9s; y si ya cuentan con ellos, se fortalezcan con<br \/>\nla capacitaci\u00f3n de sus integrantes con la finalidad de que conozcan el actuar que deben seguir<br \/>\nante una eventualidad.<br \/>\nLos Comit\u00e9s de Seguridad y Emergencia Escolar, que son obligatorios conformen lo establecido<br \/>\nen la Ley General de Protecci\u00f3n Civil y su similar a nivel estatal, deben estar conformados por los<br \/>\ndirectores o responsables de cada escuela, los docentes y padres de familia quienes de manera<br \/>\nconjunta elaboran un Plan Escolar de Reducci\u00f3n de Riesgos sobre los procedimientos que deben<br \/>\nseguir ante una posible contingencia.<br \/>\nEn el estado, de acuerdo a lo establecido en la Gu\u00eda para elaborar o actualizar el Programa<br \/>\nEscolar de Protecci\u00f3n Civil, dise\u00f1ada a nivel nacional por el Gobierno de la Rep\u00fablica, las<br \/>\nautoridades educativas promueven entre los responsables de los Comit\u00e9s las acciones<br \/>\npreventivas y de auxilio que es necesario efectuar en las escuelas.<br \/>\nConforme a los lineamientos marcados por el Sistema Estatal de Protecci\u00f3n Civil, se contemplan<br \/>\ntres planes, que son: operativo para la implementaci\u00f3n de los Comit\u00e9s de Seguridad y<br \/>\nEmergencia Escolar, de contingencias y de continuidad de operaciones.<br \/>\nCon estas acciones se busca la reducci\u00f3n de riesgos en el interior de cada uno de los inmuebles,<br \/>\nas\u00ed como salvaguardar la integridad f\u00edsica de los alumnos, trabajadores y de las personas<br \/>\nvisitantes.<br \/>\nTambi\u00e9n se consideran las medidas que se deben seguir para resguardar los inmuebles, equipo y<br \/>\nmobiliario con la finalidad de evitar robos y actos de vandalismos en las escuelas, cuando est\u00e1n<br \/>\nsolas o en periodos vacacionales.<\/p>\n<p>Palacio de Gobierno (Planta Alta), Plaza de la Constituci\u00f3n,<br \/>\nCentro Hist\u00f3rico Oaxaca de Ju\u00e1rez, Oaxaca C. P. 68000<br \/>\nTel. Conmutador: 01(951) 501 81 00 Ext: 40035<br \/>\nPara mayor informaci\u00f3n y capacitaci\u00f3n sobre este tema pueden llamar o acudir al \u00c1rea de<br \/>\nProtecci\u00f3n Civil y Emergencia Escolar del IEEPO a los tel\u00e9fonos 35 1 40 50 y 35 1 4595, donde se<br \/>\natender\u00e1 las solicitudes.\t\t<\/p>\n","protected":false},"excerpt":{"rendered":"<p>La reducci\u00f3n de riesgos ante la posibilidad de sismos, inundaciones, lluvias, incendios o robos, entre otros, es responsabilidad conjunta Oaxaca de Ju\u00e1rez, Oax. 26 de 2018.- El Instituto Estatal de Educaci\u00f3n P\u00fablica de Oaxaca (IEEPO) convoc\u00f3 a las autoridades escolares, personal docente y padres de familia realicen la integraci\u00f3n de los Comit\u00e9s de Seguridad y [&hellip;]<\/p>\n","protected":false},"author":1,"featured_media":0,"comment_status":"open","ping_status":"open","sticky":false,"template":"","format":"standard","meta":{"episode_type":"","audio_file":"","podmotor_file_id":"","podmotor_episode_id":"","cover_image":"","cover_image_id":"","duration":"","filesize":"","filesize_raw":"","date_recorded":"","explicit":"","block":"","itunes_episode_number":"","itunes_title":"","itunes_season_number":"","itunes_episode_type":"","footnotes":""},"categories":[8],"tags":[244],"class_list":["post-13246","post","type-post","status-publish","format-standard","hentry","category-noticias","tag-ieepo"],"acf":[],"publishpress_future_action":{"enabled":false,"date":"2026-05-10 10:36:13","action":"change-status","newStatus":"draft","terms":[],"taxonomy":"category","extraData":[]},"publishpress_future_workflow_manual_trigger":{"enabledWorkflows":[]},"_links":{"self":[{"href":"https:\/\/www.oaxaca.gob.mx\/comunicacion\/wp-json\/wp\/v2\/posts\/13246","targetHints":{"allow":["GET"]}}],"collection":[{"href":"https:\/\/www.oaxaca.gob.mx\/comunicacion\/wp-json\/wp\/v2\/posts"}],"about":[{"href":"https:\/\/www.oaxaca.gob.mx\/comunicacion\/wp-json\/wp\/v2\/types\/post"}],"author":[{"embeddable":true,"href":"https:\/\/www.oaxaca.gob.mx\/comunicacion\/wp-json\/wp\/v2\/users\/1"}],"replies":[{"embeddable":true,"href":"https:\/\/www.oaxaca.gob.mx\/comunicacion\/wp-json\/wp\/v2\/comments?post=13246"}],"version-history":[{"count":0,"href":"https:\/\/www.oaxaca.gob.mx\/comunicacion\/wp-json\/wp\/v2\/posts\/13246\/revisions"}],"wp:attachment":[{"href":"https:\/\/www.oaxaca.gob.mx\/comunicacion\/wp-json\/wp\/v2\/media?parent=13246"}],"wp:term":[{"taxonomy":"category","embeddable":true,"href":"https:\/\/www.oaxaca.gob.mx\/comunicacion\/wp-json\/wp\/v2\/categories?post=13246"},{"taxonomy":"post_tag","embeddable":true,"href":"https:\/\/www.oaxaca.gob.mx\/comunicacion\/wp-json\/wp\/v2\/tags?post=13246"}],"curies":[{"name":"wp","href":"https:\/\/api.w.org\/{rel}","templated":true}]}}