{"id":132363,"date":"2024-08-26T13:28:52","date_gmt":"2024-08-26T19:28:52","guid":{"rendered":"https:\/\/www.oaxaca.gob.mx\/comunicacion\/?p=132363"},"modified":"2024-08-26T13:28:52","modified_gmt":"2024-08-26T19:28:52","slug":"finalizan-los-juegos-nacionales-populares-2024-en-oaxaca","status":"publish","type":"post","link":"https:\/\/www.oaxaca.gob.mx\/comunicacion\/finalizan-los-juegos-nacionales-populares-2024-en-oaxaca\/","title":{"rendered":"Finalizan los Juegos Nacionales Populares 2024 en Oaxaca"},"content":{"rendered":"<div><div class=\"su-heading su-heading-style-default su-heading-align-center\" id=\"\" style=\"font-size:13px;margin-bottom:20px\"><div class=\"su-heading-inner\">Participaron m\u00e1s de 3 mil deportistas de las cuatro disciplinas procedentes de 29 entidades federativas de M\u00e9xico<\/div><\/div><\/div>\n<div><\/div>\n<div><strong>Oaxaca de Ju\u00e1rez, Oax. 26 de agosto de 2024.<\/strong> Concluy\u00f3 la d\u00e9cimo s\u00e9ptima edici\u00f3n de los Juegos Nacionales Populares este 25 de agosto, con la participaci\u00f3n de m\u00e1s de 3 mil deportistas de entre los 10 y 25 a\u00f1os, provenientes de 29 estados de la Rep\u00fablica Mexicana que compitieron en las disciplinas de artes marciales, bandera blanca, boxeo popular y f\u00fatbol popular (6&#215;6).<\/div>\n<div><\/div>\n<div>En el primer bloque de competencias participaron 853 atletas en 42 categor\u00edas en la disciplina de artes marciales y se realizaron m\u00e1s de 700 combates en las instalaciones del Complejo Deportivo Hermanos Flores Mag\u00f3n. A la par, en las canchas de pasto sint\u00e9tico del Polideportivo Venustiano Carranza, se jugaron los partidos de bandera blanca.<\/div>\n<div><\/div>\n<div>El segundo bloque inici\u00f3 el 22 de agosto con los encuentros de boxeo popular, en el Complejo Deportivo Hermanos Flores Mag\u00f3n, mientras que los partidos de f\u00fatbol popular se celebraron en el Instituto Tecnol\u00f3gico de Oaxaca y el Polideportivo Venustiano Carranza de la capital oaxaque\u00f1a.<\/div>\n<div><\/div>\n<div>El domingo 25 de agosto se realizaron las competencias finales y la ceremonia de premiaci\u00f3n, contando con la asistencia de Arturo de Jes\u00fas Ch\u00e1vez, Director del Instituto del Deporte de Oaxaca; Laura Elena Marmolejo Toscano, Directora del Instituto del Deporte del Estado de Baja California; y Cuauht\u00e9moc Romero Germ\u00e1n, Director de Eventos Nacionales y Selectivos de la Comisi\u00f3n Nacional de Cultura F\u00edsica y Deporte (Conade).<\/div>\n<div><\/div>\n<div>Con eventos como este el gobierno de la Primavera Oaxaque\u00f1a reafirma su compromiso con el fomento del deporte y la cultura f\u00edsica entre la poblaci\u00f3n.<\/div>\n<div><\/div>\n<div style=\"text-align: center\"><strong>-0-<\/strong><\/div>\n<div><\/div>\n<div><div class=\"su-image-carousel  su-image-carousel-has-spacing su-image-carousel-crop su-image-carousel-crop-21-9 su-image-carousel-has-outline su-image-carousel-adaptive su-image-carousel-slides-style-photo su-image-carousel-controls-style-dark su-image-carousel-align-center\" style=\"\" data-flickity-options='{\"groupCells\":true,\"cellSelector\":\".su-image-carousel-item\",\"adaptiveHeight\":false,\"cellAlign\":\"left\",\"prevNextButtons\":true,\"pageDots\":true,\"autoPlay\":5000,\"imagesLoaded\":true,\"contain\":true,\"selectedAttraction\":0.025,\"friction\":0.28}' id=\"su_image_carousel_69ed9d6eaddb0\"><div class=\"su-image-carousel-item\"><div class=\"su-image-carousel-item-content\"><img loading=\"lazy\" decoding=\"async\" width=\"1024\" height=\"682\" src=\"https:\/\/www.oaxaca.gob.mx\/comunicacion\/wp-content\/uploads\/sites\/28\/2024\/08\/1fdd03a5-a6a0-4cb2-8bce-af0376d00cb1-1024x682.jpeg\" class=\"\" alt=\"\" srcset=\"https:\/\/www.oaxaca.gob.mx\/comunicacion\/wp-content\/uploads\/sites\/28\/2024\/08\/1fdd03a5-a6a0-4cb2-8bce-af0376d00cb1-1024x682.jpeg 1024w, https:\/\/www.oaxaca.gob.mx\/comunicacion\/wp-content\/uploads\/sites\/28\/2024\/08\/1fdd03a5-a6a0-4cb2-8bce-af0376d00cb1-300x200.jpeg 300w, https:\/\/www.oaxaca.gob.mx\/comunicacion\/wp-content\/uploads\/sites\/28\/2024\/08\/1fdd03a5-a6a0-4cb2-8bce-af0376d00cb1-768x512.jpeg 768w, https:\/\/www.oaxaca.gob.mx\/comunicacion\/wp-content\/uploads\/sites\/28\/2024\/08\/1fdd03a5-a6a0-4cb2-8bce-af0376d00cb1-1536x1023.jpeg 1536w, https:\/\/www.oaxaca.gob.mx\/comunicacion\/wp-content\/uploads\/sites\/28\/2024\/08\/1fdd03a5-a6a0-4cb2-8bce-af0376d00cb1.jpeg 1600w\" sizes=\"auto, (max-width: 1024px) 100vw, 1024px\" \/><\/div><\/div><div class=\"su-image-carousel-item\"><div class=\"su-image-carousel-item-content\"><img loading=\"lazy\" decoding=\"async\" width=\"1024\" height=\"682\" src=\"https:\/\/www.oaxaca.gob.mx\/comunicacion\/wp-content\/uploads\/sites\/28\/2024\/08\/4da28dc2-c659-45b3-bef8-fadae2f78e9c-1024x682.jpeg\" class=\"\" alt=\"\" srcset=\"https:\/\/www.oaxaca.gob.mx\/comunicacion\/wp-content\/uploads\/sites\/28\/2024\/08\/4da28dc2-c659-45b3-bef8-fadae2f78e9c-1024x682.jpeg 1024w, https:\/\/www.oaxaca.gob.mx\/comunicacion\/wp-content\/uploads\/sites\/28\/2024\/08\/4da28dc2-c659-45b3-bef8-fadae2f78e9c-300x200.jpeg 300w, https:\/\/www.oaxaca.gob.mx\/comunicacion\/wp-content\/uploads\/sites\/28\/2024\/08\/4da28dc2-c659-45b3-bef8-fadae2f78e9c-768x512.jpeg 768w, https:\/\/www.oaxaca.gob.mx\/comunicacion\/wp-content\/uploads\/sites\/28\/2024\/08\/4da28dc2-c659-45b3-bef8-fadae2f78e9c-1536x1023.jpeg 1536w, https:\/\/www.oaxaca.gob.mx\/comunicacion\/wp-content\/uploads\/sites\/28\/2024\/08\/4da28dc2-c659-45b3-bef8-fadae2f78e9c.jpeg 1600w\" sizes=\"auto, (max-width: 1024px) 100vw, 1024px\" \/><\/div><\/div><div class=\"su-image-carousel-item\"><div class=\"su-image-carousel-item-content\"><img loading=\"lazy\" decoding=\"async\" width=\"1024\" height=\"682\" src=\"https:\/\/www.oaxaca.gob.mx\/comunicacion\/wp-content\/uploads\/sites\/28\/2024\/08\/32c5c8ad-69cb-41e3-9a78-952530def8ca-1024x682.jpeg\" class=\"\" alt=\"\" srcset=\"https:\/\/www.oaxaca.gob.mx\/comunicacion\/wp-content\/uploads\/sites\/28\/2024\/08\/32c5c8ad-69cb-41e3-9a78-952530def8ca-1024x682.jpeg 1024w, https:\/\/www.oaxaca.gob.mx\/comunicacion\/wp-content\/uploads\/sites\/28\/2024\/08\/32c5c8ad-69cb-41e3-9a78-952530def8ca-300x200.jpeg 300w, https:\/\/www.oaxaca.gob.mx\/comunicacion\/wp-content\/uploads\/sites\/28\/2024\/08\/32c5c8ad-69cb-41e3-9a78-952530def8ca-768x512.jpeg 768w, https:\/\/www.oaxaca.gob.mx\/comunicacion\/wp-content\/uploads\/sites\/28\/2024\/08\/32c5c8ad-69cb-41e3-9a78-952530def8ca-1536x1023.jpeg 1536w, https:\/\/www.oaxaca.gob.mx\/comunicacion\/wp-content\/uploads\/sites\/28\/2024\/08\/32c5c8ad-69cb-41e3-9a78-952530def8ca.jpeg 1600w\" sizes=\"auto, (max-width: 1024px) 100vw, 1024px\" \/><\/div><\/div><div class=\"su-image-carousel-item\"><div class=\"su-image-carousel-item-content\"><img loading=\"lazy\" decoding=\"async\" width=\"1024\" height=\"682\" src=\"https:\/\/www.oaxaca.gob.mx\/comunicacion\/wp-content\/uploads\/sites\/28\/2024\/08\/76cd9687-1817-40d8-b005-1308cc3d7723-1024x682.jpeg\" class=\"\" alt=\"\" srcset=\"https:\/\/www.oaxaca.gob.mx\/comunicacion\/wp-content\/uploads\/sites\/28\/2024\/08\/76cd9687-1817-40d8-b005-1308cc3d7723-1024x682.jpeg 1024w, https:\/\/www.oaxaca.gob.mx\/comunicacion\/wp-content\/uploads\/sites\/28\/2024\/08\/76cd9687-1817-40d8-b005-1308cc3d7723-300x200.jpeg 300w, https:\/\/www.oaxaca.gob.mx\/comunicacion\/wp-content\/uploads\/sites\/28\/2024\/08\/76cd9687-1817-40d8-b005-1308cc3d7723-768x512.jpeg 768w, https:\/\/www.oaxaca.gob.mx\/comunicacion\/wp-content\/uploads\/sites\/28\/2024\/08\/76cd9687-1817-40d8-b005-1308cc3d7723-1536x1023.jpeg 1536w, https:\/\/www.oaxaca.gob.mx\/comunicacion\/wp-content\/uploads\/sites\/28\/2024\/08\/76cd9687-1817-40d8-b005-1308cc3d7723.jpeg 1600w\" sizes=\"auto, (max-width: 1024px) 100vw, 1024px\" \/><\/div><\/div><div class=\"su-image-carousel-item\"><div class=\"su-image-carousel-item-content\"><img loading=\"lazy\" decoding=\"async\" width=\"1024\" height=\"682\" src=\"https:\/\/www.oaxaca.gob.mx\/comunicacion\/wp-content\/uploads\/sites\/28\/2024\/08\/853afc2c-2cb6-4bb4-a62c-9ce559a1c544-1024x682.jpeg\" class=\"\" alt=\"\" srcset=\"https:\/\/www.oaxaca.gob.mx\/comunicacion\/wp-content\/uploads\/sites\/28\/2024\/08\/853afc2c-2cb6-4bb4-a62c-9ce559a1c544-1024x682.jpeg 1024w, https:\/\/www.oaxaca.gob.mx\/comunicacion\/wp-content\/uploads\/sites\/28\/2024\/08\/853afc2c-2cb6-4bb4-a62c-9ce559a1c544-300x200.jpeg 300w, https:\/\/www.oaxaca.gob.mx\/comunicacion\/wp-content\/uploads\/sites\/28\/2024\/08\/853afc2c-2cb6-4bb4-a62c-9ce559a1c544-768x512.jpeg 768w, https:\/\/www.oaxaca.gob.mx\/comunicacion\/wp-content\/uploads\/sites\/28\/2024\/08\/853afc2c-2cb6-4bb4-a62c-9ce559a1c544-1536x1023.jpeg 1536w, https:\/\/www.oaxaca.gob.mx\/comunicacion\/wp-content\/uploads\/sites\/28\/2024\/08\/853afc2c-2cb6-4bb4-a62c-9ce559a1c544.jpeg 1600w\" sizes=\"auto, (max-width: 1024px) 100vw, 1024px\" \/><\/div><\/div><div class=\"su-image-carousel-item\"><div class=\"su-image-carousel-item-content\"><img loading=\"lazy\" decoding=\"async\" width=\"1024\" height=\"682\" src=\"https:\/\/www.oaxaca.gob.mx\/comunicacion\/wp-content\/uploads\/sites\/28\/2024\/08\/ded38f1e-342c-4445-bdf8-fe932d4e4e36-1024x682.jpeg\" class=\"\" alt=\"\" srcset=\"https:\/\/www.oaxaca.gob.mx\/comunicacion\/wp-content\/uploads\/sites\/28\/2024\/08\/ded38f1e-342c-4445-bdf8-fe932d4e4e36-1024x682.jpeg 1024w, https:\/\/www.oaxaca.gob.mx\/comunicacion\/wp-content\/uploads\/sites\/28\/2024\/08\/ded38f1e-342c-4445-bdf8-fe932d4e4e36-300x200.jpeg 300w, https:\/\/www.oaxaca.gob.mx\/comunicacion\/wp-content\/uploads\/sites\/28\/2024\/08\/ded38f1e-342c-4445-bdf8-fe932d4e4e36-768x512.jpeg 768w, https:\/\/www.oaxaca.gob.mx\/comunicacion\/wp-content\/uploads\/sites\/28\/2024\/08\/ded38f1e-342c-4445-bdf8-fe932d4e4e36-1536x1023.jpeg 1536w, https:\/\/www.oaxaca.gob.mx\/comunicacion\/wp-content\/uploads\/sites\/28\/2024\/08\/ded38f1e-342c-4445-bdf8-fe932d4e4e36.jpeg 1600w\" sizes=\"auto, (max-width: 1024px) 100vw, 1024px\" \/><\/div><\/div><\/div><script id=\"su_image_carousel_69ed9d6eaddb0_script\">if(window.SUImageCarousel){setTimeout(function() {window.SUImageCarousel.initGallery(document.getElementById(\"su_image_carousel_69ed9d6eaddb0\"))}, 0);}var su_image_carousel_69ed9d6eaddb0_script=document.getElementById(\"su_image_carousel_69ed9d6eaddb0_script\");if(su_image_carousel_69ed9d6eaddb0_script){su_image_carousel_69ed9d6eaddb0_script.parentNode.removeChild(su_image_carousel_69ed9d6eaddb0_script);}<\/script><\/div>\n","protected":false},"excerpt":{"rendered":"<p>Oaxaca de Ju\u00e1rez, Oax. 26 de agosto de 2024. Concluy\u00f3 la d\u00e9cimo s\u00e9ptima edici\u00f3n de los Juegos Nacionales Populares este 25 de agosto, con la participaci\u00f3n de m\u00e1s de 3 mil deportistas de entre los 10 y 25 a\u00f1os, provenientes de 29 estados de la Rep\u00fablica Mexicana que compitieron en las disciplinas de artes marciales, [&hellip;]<\/p>\n","protected":false},"author":29,"featured_media":132366,"comment_status":"open","ping_status":"open","sticky":false,"template":"","format":"standard","meta":{"episode_type":"","audio_file":"","podmotor_file_id":"","podmotor_episode_id":"","cover_image":"","cover_image_id":"","duration":"","filesize":"","filesize_raw":"","date_recorded":"","explicit":"","block":"","itunes_episode_number":"","itunes_title":"","itunes_season_number":"","itunes_episode_type":"","footnotes":""},"categories":[8],"tags":[2338,126,2337],"class_list":["post-132363","post","type-post","status-publish","format-standard","has-post-thumbnail","hentry","category-noticias","tag-complejo-deportivo-hermanos-flores-magon","tag-conade","tag-juegos-nacionales-populares"],"acf":[],"publishpress_future_action":{"enabled":false,"date":"2026-05-02 23:06:54","action":"change-status","newStatus":"draft","terms":[],"taxonomy":"category","extraData":[]},"publishpress_future_workflow_manual_trigger":{"enabledWorkflows":[]},"_links":{"self":[{"href":"https:\/\/www.oaxaca.gob.mx\/comunicacion\/wp-json\/wp\/v2\/posts\/132363","targetHints":{"allow":["GET"]}}],"collection":[{"href":"https:\/\/www.oaxaca.gob.mx\/comunicacion\/wp-json\/wp\/v2\/posts"}],"about":[{"href":"https:\/\/www.oaxaca.gob.mx\/comunicacion\/wp-json\/wp\/v2\/types\/post"}],"author":[{"embeddable":true,"href":"https:\/\/www.oaxaca.gob.mx\/comunicacion\/wp-json\/wp\/v2\/users\/29"}],"replies":[{"embeddable":true,"href":"https:\/\/www.oaxaca.gob.mx\/comunicacion\/wp-json\/wp\/v2\/comments?post=132363"}],"version-history":[{"count":1,"href":"https:\/\/www.oaxaca.gob.mx\/comunicacion\/wp-json\/wp\/v2\/posts\/132363\/revisions"}],"predecessor-version":[{"id":132370,"href":"https:\/\/www.oaxaca.gob.mx\/comunicacion\/wp-json\/wp\/v2\/posts\/132363\/revisions\/132370"}],"wp:featuredmedia":[{"embeddable":true,"href":"https:\/\/www.oaxaca.gob.mx\/comunicacion\/wp-json\/wp\/v2\/media\/132366"}],"wp:attachment":[{"href":"https:\/\/www.oaxaca.gob.mx\/comunicacion\/wp-json\/wp\/v2\/media?parent=132363"}],"wp:term":[{"taxonomy":"category","embeddable":true,"href":"https:\/\/www.oaxaca.gob.mx\/comunicacion\/wp-json\/wp\/v2\/categories?post=132363"},{"taxonomy":"post_tag","embeddable":true,"href":"https:\/\/www.oaxaca.gob.mx\/comunicacion\/wp-json\/wp\/v2\/tags?post=132363"}],"curies":[{"name":"wp","href":"https:\/\/api.w.org\/{rel}","templated":true}]}}