{"id":130321,"date":"2024-07-29T22:01:25","date_gmt":"2024-07-30T04:01:25","guid":{"rendered":"https:\/\/www.oaxaca.gob.mx\/comunicacion\/?p=130321"},"modified":"2024-07-30T01:15:00","modified_gmt":"2024-07-30T07:15:00","slug":"brilla-esencia-originaria-de-oaxaca-espectacular-cierre-de-la-guelaguetza-2024","status":"publish","type":"post","link":"https:\/\/www.oaxaca.gob.mx\/comunicacion\/brilla-esencia-originaria-de-oaxaca-espectacular-cierre-de-la-guelaguetza-2024\/","title":{"rendered":"Brilla esencia originaria de Oaxaca, \u00a1espectacular cierre de la Guelaguetza 2024!"},"content":{"rendered":"<div class=\"su-heading su-heading-style-default su-heading-align-center\" id=\"\" style=\"font-size:13px;margin-bottom:20px\"><div class=\"su-heading-inner\">Con pirotecnia multicolor, m\u00fasica y entusiasmo, culmina la fiesta que hermana a los pueblos originarios y afromexicano, y que comparten con miles de visitantes<\/div><\/div>\n<div class=\"su-heading su-heading-style-default su-heading-align-center\" id=\"\" style=\"font-size:13px;margin-bottom:20px\"><div class=\"su-heading-inner\">El Cerro del Fort\u00edn vibr\u00f3 ante la algarab\u00eda de las 16 delegaciones que exclamaron \u201c\u00a1Nos vemos en el 2025!\u201d<\/div><\/div>\n<p><strong>Oaxaca de Ju\u00e1rez, Oax. 29 de julio de 2024.-<\/strong> La fiesta \u00e9tnica m\u00e1s importante de Latinoam\u00e9rica y orgullo del pueblo oaxaque\u00f1o culmin\u00f3 con un espect\u00e1culo pirot\u00e9cnico que enmarc\u00f3 la cultura, folclor, m\u00fasica, danza y alegr\u00eda que expresan la esencia de una identidad \u00fanica a nivel mundial como es la Guelaguetza.<\/p>\n<p>El pueblo de Oaxaca y visitantes se dieron cita en la emisi\u00f3n vespertina del Segundo Lunes del Cerro y disfrutaron de la generosidad de las 16 delegaciones que participaron con sus tradiciones y pr\u00e1cticas que reflejan la vida de sus localidades.<\/p>\n<p>Esta \u00faltima presentaci\u00f3n inici\u00f3 con la entonaci\u00f3n de pie del emblem\u00e1tico \u201cDios nunca muere\u201d de Macedonio Alcal\u00e1, en seguida la participaci\u00f3n de la representante de la Diosa Cent\u00e9otl 2024, Juana Hern\u00e1ndez L\u00f3pez, acompa\u00f1ada de sus hermanas de las ocho regiones de la entidad, expres\u00f3 la alegr\u00eda que representa esta celebraci\u00f3n llena de color.<\/p>\n<p>El Gobernador Salom\u00f3n Jara Cruz y la Presidenta Honoraria del Sistema DIF Oaxaca, Irma Bola\u00f1os Quijano presenciaron esta cuarta emisi\u00f3n 2024, junto con el secretario de Turismo del Gobierno de M\u00e9xico, Miguel Torruco Marqu\u00e9s; la senadora Citlalli Hern\u00e1ndez y la titular del Sistema Nacional DIF, Nuria Fern\u00e1ndez Espresate.<\/p>\n<p>Con el aplauso del p\u00fablico, Santiago Jocotepec present\u00f3 La compa\u00f1era del chinanteco, baile que expresa las labores cotidianas de la mujer dentro de su vida hogare\u00f1a, la limpieza del ma\u00edz con manos y pies en el r\u00edo, para convertirlo posteriormente en nixtamal y luego en tortillas que caracterizan a esta poblaci\u00f3n; San Pedro Tapanatepec present\u00f3 Lavada y planchada de ropa de San Pedro Ap\u00f3stol y San Juan Copala con las danzas La calandria, La noche buena y El colibr\u00ed.<\/p>\n<p>La alegr\u00eda y picard\u00eda de mujeres y hombres de Santa Mar\u00eda Huatulco se hicieron presentes, portando ellas sus coloridas faldas y ellos, camisas y pantaloncillo de manta; San Miguel El Grande tambi\u00e9n cautiv\u00f3 con viko tanda\u00b4a -fiestas de casamiento- con ritual de boda mixteca y sones que muestran la alegr\u00eda de su pueblo.<\/p>\n<p>San Francisco Ixhuat\u00e1n mostr\u00f3 la entrega de mayordom\u00eda en honor a la virgen de la Candelaria; Huajuapan de Le\u00f3n con el inigualable e insuperable Jarabe Mixteco, que arranc\u00f3 el aplauso del Auditorio y la entonaci\u00f3n de la Canci\u00f3n Mixteca, que la lluvia acompa\u00f1\u00f3 en esta algarab\u00eda.<\/p>\n<p>En su participaci\u00f3n San Juan Bautista Coixtlahuaca present\u00f3 Comparsa Azteca, danza que se lleva a cabo durante las fiestas patrias; Juchit\u00e1n de Zaragoza present\u00f3 su devoci\u00f3n a la Santa Cruz que muestra la fe de sus habitantes y cuyas mujeres portan con garbo sus coloridos trajes; Santa Mar\u00eda Teopoxco con El rito del matrimonio y xochipitzahuatl \u00abflor menudita\u00bb; San Bartolo Coyotepec con la reconocida Danza de La Pluma que caracteriza a hombres con saltos y vueltas que portaban penachos emplumados.<\/p>\n<p>San Pedro Ixcatl\u00e1n present\u00f3 na pu-ta chichi y la borrachita, sones mazatecos con una antig\u00fcedad de aproximadamente 260 a\u00f1os; Santa Catarina Juquila vibr\u00f3 el auditorio con chilenas, sones y juegos llenos de colorido, ritmo, m\u00fasica y versos de picard\u00eda.<\/p>\n<p>La belleza y habilidad de las mujeres de San Juan Bautista Tuxtepec se hizo patente en Flor de Pi\u00f1a, danza que puso de pie al p\u00fablico y provoc\u00f3 el aplauso prolongado y algarab\u00eda de espectadores; San Pedro Pochutla con sones de esta tierra que muestran la alegr\u00eda y festividad e integrantes bailan con picard\u00eda y sensualidad la m\u00fasica que los representa.<\/p>\n<p>El cierre de esta cuarta emisi\u00f3n 2024 estuvo a cargo de las Chinas Oaxaque\u00f1as de Genoveva Medina, que con gritos de \u00a1Viva Oaxaca!, \u00a1Viva la Guelaguetza! Las marmotas, faroles y monos de calenda bailaron al son del Jarabe del Valle mientras ellas sorteaban sus faldas de colores vibrantes para anunciar al p\u00fablico \u201cnos vemos en el 2025\u201d.<\/p>\n<p>El Mandatario estatal acompa\u00f1\u00f3 a las delegaciones que juntas bailaron en el centro de la Rotonda de la Azucena y presenciaron los fuegos pirot\u00e9cnicos que exclamaron la riqueza de esta tierra Coraz\u00f3n Cultural de M\u00e9xico.<\/p>\n<p>Tambi\u00e9n presenciaron esta fiesta la titular del Consejo Nacional para Prevenir la Discriminaci\u00f3n (Conapred), Claudia Olivia Morales Reza y representantes del gobierno federal, estatal y municipios.<\/p>\n<p style=\"text-align: center\"><strong>-0-<\/strong><\/p>\n<div class=\"su-image-carousel  su-image-carousel-has-spacing su-image-carousel-crop su-image-carousel-crop-21-9 su-image-carousel-has-outline su-image-carousel-adaptive su-image-carousel-slides-style-photo su-image-carousel-controls-style-dark su-image-carousel-align-center\" style=\"\" data-flickity-options='{\"groupCells\":true,\"cellSelector\":\".su-image-carousel-item\",\"adaptiveHeight\":false,\"cellAlign\":\"left\",\"prevNextButtons\":true,\"pageDots\":true,\"autoPlay\":5000,\"imagesLoaded\":true,\"contain\":true,\"selectedAttraction\":0.025,\"friction\":0.28}' id=\"su_image_carousel_69f0e341784f2\"><div class=\"su-image-carousel-item\"><div class=\"su-image-carousel-item-content\"><img loading=\"lazy\" decoding=\"async\" width=\"740\" height=\"493\" src=\"https:\/\/www.oaxaca.gob.mx\/comunicacion\/wp-content\/uploads\/sites\/28\/2024\/07\/29JUL24-GUELAGUETZA-VESPERTINA2.jpeg\" class=\"\" alt=\"\" srcset=\"https:\/\/www.oaxaca.gob.mx\/comunicacion\/wp-content\/uploads\/sites\/28\/2024\/07\/29JUL24-GUELAGUETZA-VESPERTINA2.jpeg 740w, https:\/\/www.oaxaca.gob.mx\/comunicacion\/wp-content\/uploads\/sites\/28\/2024\/07\/29JUL24-GUELAGUETZA-VESPERTINA2-300x200.jpeg 300w\" sizes=\"auto, (max-width: 740px) 100vw, 740px\" \/><\/div><\/div><div class=\"su-image-carousel-item\"><div class=\"su-image-carousel-item-content\"><img loading=\"lazy\" decoding=\"async\" width=\"740\" height=\"493\" src=\"https:\/\/www.oaxaca.gob.mx\/comunicacion\/wp-content\/uploads\/sites\/28\/2024\/07\/29JUL24-GUELAGUETZA-VESPERTINA3.jpeg\" class=\"\" alt=\"\" srcset=\"https:\/\/www.oaxaca.gob.mx\/comunicacion\/wp-content\/uploads\/sites\/28\/2024\/07\/29JUL24-GUELAGUETZA-VESPERTINA3.jpeg 740w, https:\/\/www.oaxaca.gob.mx\/comunicacion\/wp-content\/uploads\/sites\/28\/2024\/07\/29JUL24-GUELAGUETZA-VESPERTINA3-300x200.jpeg 300w\" sizes=\"auto, (max-width: 740px) 100vw, 740px\" \/><\/div><\/div><div class=\"su-image-carousel-item\"><div class=\"su-image-carousel-item-content\"><img loading=\"lazy\" decoding=\"async\" width=\"740\" height=\"493\" src=\"https:\/\/www.oaxaca.gob.mx\/comunicacion\/wp-content\/uploads\/sites\/28\/2024\/07\/29JUL24-GUELAGUETZA-VESPERTINA5.jpeg\" class=\"\" alt=\"\" srcset=\"https:\/\/www.oaxaca.gob.mx\/comunicacion\/wp-content\/uploads\/sites\/28\/2024\/07\/29JUL24-GUELAGUETZA-VESPERTINA5.jpeg 740w, https:\/\/www.oaxaca.gob.mx\/comunicacion\/wp-content\/uploads\/sites\/28\/2024\/07\/29JUL24-GUELAGUETZA-VESPERTINA5-300x200.jpeg 300w\" sizes=\"auto, (max-width: 740px) 100vw, 740px\" \/><\/div><\/div><div class=\"su-image-carousel-item\"><div class=\"su-image-carousel-item-content\"><img loading=\"lazy\" decoding=\"async\" width=\"740\" height=\"493\" src=\"https:\/\/www.oaxaca.gob.mx\/comunicacion\/wp-content\/uploads\/sites\/28\/2024\/07\/29JUL24-GUELAGUETZA-VESPERTINA7.jpeg\" class=\"\" alt=\"\" srcset=\"https:\/\/www.oaxaca.gob.mx\/comunicacion\/wp-content\/uploads\/sites\/28\/2024\/07\/29JUL24-GUELAGUETZA-VESPERTINA7.jpeg 740w, https:\/\/www.oaxaca.gob.mx\/comunicacion\/wp-content\/uploads\/sites\/28\/2024\/07\/29JUL24-GUELAGUETZA-VESPERTINA7-300x200.jpeg 300w\" sizes=\"auto, (max-width: 740px) 100vw, 740px\" \/><\/div><\/div><div class=\"su-image-carousel-item\"><div class=\"su-image-carousel-item-content\"><img loading=\"lazy\" decoding=\"async\" width=\"740\" height=\"493\" src=\"https:\/\/www.oaxaca.gob.mx\/comunicacion\/wp-content\/uploads\/sites\/28\/2024\/07\/29JUL24-GUELAGUETZA-VESPERTINA8.jpeg\" class=\"\" alt=\"\" srcset=\"https:\/\/www.oaxaca.gob.mx\/comunicacion\/wp-content\/uploads\/sites\/28\/2024\/07\/29JUL24-GUELAGUETZA-VESPERTINA8.jpeg 740w, https:\/\/www.oaxaca.gob.mx\/comunicacion\/wp-content\/uploads\/sites\/28\/2024\/07\/29JUL24-GUELAGUETZA-VESPERTINA8-300x200.jpeg 300w\" sizes=\"auto, (max-width: 740px) 100vw, 740px\" \/><\/div><\/div><div class=\"su-image-carousel-item\"><div class=\"su-image-carousel-item-content\"><img loading=\"lazy\" decoding=\"async\" width=\"740\" height=\"493\" src=\"https:\/\/www.oaxaca.gob.mx\/comunicacion\/wp-content\/uploads\/sites\/28\/2024\/07\/29JUL24-GUELAGUETZA-VESPERTINA9.jpeg\" class=\"\" alt=\"\" srcset=\"https:\/\/www.oaxaca.gob.mx\/comunicacion\/wp-content\/uploads\/sites\/28\/2024\/07\/29JUL24-GUELAGUETZA-VESPERTINA9.jpeg 740w, https:\/\/www.oaxaca.gob.mx\/comunicacion\/wp-content\/uploads\/sites\/28\/2024\/07\/29JUL24-GUELAGUETZA-VESPERTINA9-300x200.jpeg 300w\" sizes=\"auto, (max-width: 740px) 100vw, 740px\" \/><\/div><\/div><div class=\"su-image-carousel-item\"><div class=\"su-image-carousel-item-content\"><img loading=\"lazy\" decoding=\"async\" width=\"740\" height=\"493\" src=\"https:\/\/www.oaxaca.gob.mx\/comunicacion\/wp-content\/uploads\/sites\/28\/2024\/07\/29JUL24-GUELAGUETZA-VESPERTINA10.jpeg\" class=\"\" alt=\"\" srcset=\"https:\/\/www.oaxaca.gob.mx\/comunicacion\/wp-content\/uploads\/sites\/28\/2024\/07\/29JUL24-GUELAGUETZA-VESPERTINA10.jpeg 740w, https:\/\/www.oaxaca.gob.mx\/comunicacion\/wp-content\/uploads\/sites\/28\/2024\/07\/29JUL24-GUELAGUETZA-VESPERTINA10-300x200.jpeg 300w\" sizes=\"auto, (max-width: 740px) 100vw, 740px\" \/><\/div><\/div><div class=\"su-image-carousel-item\"><div class=\"su-image-carousel-item-content\"><img loading=\"lazy\" decoding=\"async\" width=\"740\" height=\"493\" src=\"https:\/\/www.oaxaca.gob.mx\/comunicacion\/wp-content\/uploads\/sites\/28\/2024\/07\/29JUL24-GUELAGUETZA-VESPERTINA11.jpeg\" class=\"\" alt=\"\" srcset=\"https:\/\/www.oaxaca.gob.mx\/comunicacion\/wp-content\/uploads\/sites\/28\/2024\/07\/29JUL24-GUELAGUETZA-VESPERTINA11.jpeg 740w, https:\/\/www.oaxaca.gob.mx\/comunicacion\/wp-content\/uploads\/sites\/28\/2024\/07\/29JUL24-GUELAGUETZA-VESPERTINA11-300x200.jpeg 300w\" sizes=\"auto, (max-width: 740px) 100vw, 740px\" \/><\/div><\/div><div class=\"su-image-carousel-item\"><div class=\"su-image-carousel-item-content\"><img loading=\"lazy\" decoding=\"async\" width=\"740\" height=\"493\" src=\"https:\/\/www.oaxaca.gob.mx\/comunicacion\/wp-content\/uploads\/sites\/28\/2024\/07\/29JUL24-GUELAGUETZA-VESPERTINA12.jpeg\" class=\"\" alt=\"\" srcset=\"https:\/\/www.oaxaca.gob.mx\/comunicacion\/wp-content\/uploads\/sites\/28\/2024\/07\/29JUL24-GUELAGUETZA-VESPERTINA12.jpeg 740w, https:\/\/www.oaxaca.gob.mx\/comunicacion\/wp-content\/uploads\/sites\/28\/2024\/07\/29JUL24-GUELAGUETZA-VESPERTINA12-300x200.jpeg 300w\" sizes=\"auto, (max-width: 740px) 100vw, 740px\" \/><\/div><\/div><div class=\"su-image-carousel-item\"><div class=\"su-image-carousel-item-content\"><img loading=\"lazy\" decoding=\"async\" width=\"740\" height=\"493\" src=\"https:\/\/www.oaxaca.gob.mx\/comunicacion\/wp-content\/uploads\/sites\/28\/2024\/07\/29JUL24-GUELAGUETZA-VESPERTINA13.jpeg\" class=\"\" alt=\"\" srcset=\"https:\/\/www.oaxaca.gob.mx\/comunicacion\/wp-content\/uploads\/sites\/28\/2024\/07\/29JUL24-GUELAGUETZA-VESPERTINA13.jpeg 740w, https:\/\/www.oaxaca.gob.mx\/comunicacion\/wp-content\/uploads\/sites\/28\/2024\/07\/29JUL24-GUELAGUETZA-VESPERTINA13-300x200.jpeg 300w\" sizes=\"auto, (max-width: 740px) 100vw, 740px\" \/><\/div><\/div><div class=\"su-image-carousel-item\"><div class=\"su-image-carousel-item-content\"><img loading=\"lazy\" decoding=\"async\" width=\"740\" height=\"493\" src=\"https:\/\/www.oaxaca.gob.mx\/comunicacion\/wp-content\/uploads\/sites\/28\/2024\/07\/29JUL24-GUELAGUETZA-VESPERTINA14.jpeg\" class=\"\" alt=\"\" srcset=\"https:\/\/www.oaxaca.gob.mx\/comunicacion\/wp-content\/uploads\/sites\/28\/2024\/07\/29JUL24-GUELAGUETZA-VESPERTINA14.jpeg 740w, https:\/\/www.oaxaca.gob.mx\/comunicacion\/wp-content\/uploads\/sites\/28\/2024\/07\/29JUL24-GUELAGUETZA-VESPERTINA14-300x200.jpeg 300w\" sizes=\"auto, (max-width: 740px) 100vw, 740px\" \/><\/div><\/div><div class=\"su-image-carousel-item\"><div class=\"su-image-carousel-item-content\"><img loading=\"lazy\" decoding=\"async\" width=\"740\" height=\"494\" src=\"https:\/\/www.oaxaca.gob.mx\/comunicacion\/wp-content\/uploads\/sites\/28\/2024\/07\/29JUL24-GUELAGUETZA-VESPERTINA15.jpeg\" class=\"\" alt=\"\" srcset=\"https:\/\/www.oaxaca.gob.mx\/comunicacion\/wp-content\/uploads\/sites\/28\/2024\/07\/29JUL24-GUELAGUETZA-VESPERTINA15.jpeg 740w, https:\/\/www.oaxaca.gob.mx\/comunicacion\/wp-content\/uploads\/sites\/28\/2024\/07\/29JUL24-GUELAGUETZA-VESPERTINA15-300x200.jpeg 300w\" sizes=\"auto, (max-width: 740px) 100vw, 740px\" \/><\/div><\/div><\/div><script id=\"su_image_carousel_69f0e341784f2_script\">if(window.SUImageCarousel){setTimeout(function() {window.SUImageCarousel.initGallery(document.getElementById(\"su_image_carousel_69f0e341784f2\"))}, 0);}var su_image_carousel_69f0e341784f2_script=document.getElementById(\"su_image_carousel_69f0e341784f2_script\");if(su_image_carousel_69f0e341784f2_script){su_image_carousel_69f0e341784f2_script.parentNode.removeChild(su_image_carousel_69f0e341784f2_script);}<\/script>\n","protected":false},"excerpt":{"rendered":"<p>Oaxaca de Ju\u00e1rez, Oax. 29 de julio de 2024.- La fiesta \u00e9tnica m\u00e1s importante de Latinoam\u00e9rica y orgullo del pueblo oaxaque\u00f1o culmin\u00f3 con un espect\u00e1culo pirot\u00e9cnico que enmarc\u00f3 la cultura, folclor, m\u00fasica, danza y alegr\u00eda que expresan la esencia de una identidad \u00fanica a nivel mundial como es la Guelaguetza. El pueblo de Oaxaca y [&hellip;]<\/p>\n","protected":false},"author":29,"featured_media":0,"comment_status":"open","ping_status":"open","sticky":false,"template":"","format":"standard","meta":{"episode_type":"","audio_file":"","podmotor_file_id":"","podmotor_episode_id":"","cover_image":"","cover_image_id":"","duration":"","filesize":"","filesize_raw":"","date_recorded":"","explicit":"","block":"","itunes_episode_number":"","itunes_title":"","itunes_season_number":"","itunes_episode_type":"","footnotes":""},"categories":[7],"tags":[1118,2318],"class_list":["post-130321","post","type-post","status-publish","format-standard","hentry","category-slide","tag-gobernador-salomon-jara-cruz","tag-segundo-lunes-del-cerro"],"acf":[],"publishpress_future_action":{"enabled":false,"date":"2026-05-05 10:41:37","action":"change-status","newStatus":"draft","terms":[],"taxonomy":"category","extraData":[]},"publishpress_future_workflow_manual_trigger":{"enabledWorkflows":[]},"_links":{"self":[{"href":"https:\/\/www.oaxaca.gob.mx\/comunicacion\/wp-json\/wp\/v2\/posts\/130321","targetHints":{"allow":["GET"]}}],"collection":[{"href":"https:\/\/www.oaxaca.gob.mx\/comunicacion\/wp-json\/wp\/v2\/posts"}],"about":[{"href":"https:\/\/www.oaxaca.gob.mx\/comunicacion\/wp-json\/wp\/v2\/types\/post"}],"author":[{"embeddable":true,"href":"https:\/\/www.oaxaca.gob.mx\/comunicacion\/wp-json\/wp\/v2\/users\/29"}],"replies":[{"embeddable":true,"href":"https:\/\/www.oaxaca.gob.mx\/comunicacion\/wp-json\/wp\/v2\/comments?post=130321"}],"version-history":[{"count":1,"href":"https:\/\/www.oaxaca.gob.mx\/comunicacion\/wp-json\/wp\/v2\/posts\/130321\/revisions"}],"predecessor-version":[{"id":130334,"href":"https:\/\/www.oaxaca.gob.mx\/comunicacion\/wp-json\/wp\/v2\/posts\/130321\/revisions\/130334"}],"wp:attachment":[{"href":"https:\/\/www.oaxaca.gob.mx\/comunicacion\/wp-json\/wp\/v2\/media?parent=130321"}],"wp:term":[{"taxonomy":"category","embeddable":true,"href":"https:\/\/www.oaxaca.gob.mx\/comunicacion\/wp-json\/wp\/v2\/categories?post=130321"},{"taxonomy":"post_tag","embeddable":true,"href":"https:\/\/www.oaxaca.gob.mx\/comunicacion\/wp-json\/wp\/v2\/tags?post=130321"}],"curies":[{"name":"wp","href":"https:\/\/api.w.org\/{rel}","templated":true}]}}