{"id":128666,"date":"2024-07-09T21:15:30","date_gmt":"2024-07-10T03:15:30","guid":{"rendered":"https:\/\/www.oaxaca.gob.mx\/comunicacion\/?p=128666"},"modified":"2024-07-09T21:15:30","modified_gmt":"2024-07-10T03:15:30","slug":"no-se-registran-oaxaquenos-fallecidos-en-accidente-de-autobus-sobre-la-carretera-puebla-atlixco","status":"publish","type":"post","link":"https:\/\/www.oaxaca.gob.mx\/comunicacion\/no-se-registran-oaxaquenos-fallecidos-en-accidente-de-autobus-sobre-la-carretera-puebla-atlixco\/","title":{"rendered":"No se registran oaxaque\u00f1os fallecidos en accidente de autob\u00fas sobre la carretera Puebla \u2013 Atlixco"},"content":{"rendered":"<p>La Secretar\u00eda de Gobierno (Sego) informa que con relaci\u00f3n a la volcadura de un autob\u00fas sobre la carretera federal Puebla &#8211; Atlixco, a la altura del puente de Los Molinos, no se registra ninguna persona oaxaque\u00f1a fallecida.<\/p>\n<p>Al tener conocimiento de esta situaci\u00f3n, la dependencia entabl\u00f3 comunicaci\u00f3n con Protecci\u00f3n Civil del Estado de Puebla quienes atienden el accidente y refieren que son 35 personas confirmadas, entre ellos 7 menores, quienes viajaban a bordo de esta unidad proveniente de Baja California con destino a Oaxaca.<\/p>\n<p>Asimismo, las personas heridas radicados en las localidades de San Quintin y Mexicali, fueron trasladadas al Hospital Gonzalo R\u00edo Arronte y se habilit\u00f3 un albergue en el Ayuntamiento de Atlixco para atender a las personas que no requirieron traslado hospitalario<\/p>\n<p>Cabe precisar que las personas ocupantes de este transporte no son beneficiarios del programa de movilidad laboral interno del Servicio Nacional del Empleo en Oaxaca (SNEO)<\/p>\n<p style=\"text-align: center\">-0-<\/p>\n<div class=\"su-image-carousel  su-image-carousel-has-spacing su-image-carousel-crop su-image-carousel-crop-21-9 su-image-carousel-has-outline su-image-carousel-adaptive su-image-carousel-slides-style-photo su-image-carousel-controls-style-dark su-image-carousel-align-center\" style=\"\" data-flickity-options='{\"groupCells\":true,\"cellSelector\":\".su-image-carousel-item\",\"adaptiveHeight\":false,\"cellAlign\":\"left\",\"prevNextButtons\":true,\"pageDots\":true,\"autoPlay\":5000,\"imagesLoaded\":true,\"contain\":true,\"selectedAttraction\":0.025,\"friction\":0.28}' id=\"su_image_carousel_69f48725a4a45\"><div class=\"su-image-carousel-item\"><div class=\"su-image-carousel-item-content\"><img loading=\"lazy\" decoding=\"async\" width=\"720\" height=\"720\" src=\"https:\/\/www.oaxaca.gob.mx\/comunicacion\/wp-content\/uploads\/sites\/28\/2024\/07\/sego-logo.jpeg\" class=\"\" alt=\"\" srcset=\"https:\/\/www.oaxaca.gob.mx\/comunicacion\/wp-content\/uploads\/sites\/28\/2024\/07\/sego-logo.jpeg 720w, https:\/\/www.oaxaca.gob.mx\/comunicacion\/wp-content\/uploads\/sites\/28\/2024\/07\/sego-logo-300x300.jpeg 300w, https:\/\/www.oaxaca.gob.mx\/comunicacion\/wp-content\/uploads\/sites\/28\/2024\/07\/sego-logo-150x150.jpeg 150w\" sizes=\"auto, (max-width: 720px) 100vw, 720px\" \/><\/div><\/div><\/div><script id=\"su_image_carousel_69f48725a4a45_script\">if(window.SUImageCarousel){setTimeout(function() {window.SUImageCarousel.initGallery(document.getElementById(\"su_image_carousel_69f48725a4a45\"))}, 0);}var su_image_carousel_69f48725a4a45_script=document.getElementById(\"su_image_carousel_69f48725a4a45_script\");if(su_image_carousel_69f48725a4a45_script){su_image_carousel_69f48725a4a45_script.parentNode.removeChild(su_image_carousel_69f48725a4a45_script);}<\/script>\n","protected":false},"excerpt":{"rendered":"<p>La Secretar\u00eda de Gobierno (Sego) informa que con relaci\u00f3n a la volcadura de un autob\u00fas sobre la carretera federal Puebla &#8211; Atlixco, a la altura del puente de Los Molinos, no se registra ninguna persona oaxaque\u00f1a fallecida. Al tener conocimiento de esta situaci\u00f3n, la dependencia entabl\u00f3 comunicaci\u00f3n con Protecci\u00f3n Civil del Estado de Puebla quienes [&hellip;]<\/p>\n","protected":false},"author":29,"featured_media":128667,"comment_status":"open","ping_status":"open","sticky":false,"template":"","format":"standard","meta":{"episode_type":"","audio_file":"","podmotor_file_id":"","podmotor_episode_id":"","cover_image":"","cover_image_id":"","duration":"","filesize":"","filesize_raw":"","date_recorded":"","explicit":"","block":"","itunes_episode_number":"","itunes_title":"","itunes_season_number":"","itunes_episode_type":"","footnotes":""},"categories":[8],"tags":[583],"class_list":["post-128666","post","type-post","status-publish","format-standard","has-post-thumbnail","hentry","category-noticias","tag-sego"],"acf":[],"publishpress_future_action":{"enabled":false,"date":"2026-05-08 04:57:41","action":"change-status","newStatus":"draft","terms":[],"taxonomy":"category","extraData":[]},"publishpress_future_workflow_manual_trigger":{"enabledWorkflows":[]},"_links":{"self":[{"href":"https:\/\/www.oaxaca.gob.mx\/comunicacion\/wp-json\/wp\/v2\/posts\/128666","targetHints":{"allow":["GET"]}}],"collection":[{"href":"https:\/\/www.oaxaca.gob.mx\/comunicacion\/wp-json\/wp\/v2\/posts"}],"about":[{"href":"https:\/\/www.oaxaca.gob.mx\/comunicacion\/wp-json\/wp\/v2\/types\/post"}],"author":[{"embeddable":true,"href":"https:\/\/www.oaxaca.gob.mx\/comunicacion\/wp-json\/wp\/v2\/users\/29"}],"replies":[{"embeddable":true,"href":"https:\/\/www.oaxaca.gob.mx\/comunicacion\/wp-json\/wp\/v2\/comments?post=128666"}],"version-history":[{"count":1,"href":"https:\/\/www.oaxaca.gob.mx\/comunicacion\/wp-json\/wp\/v2\/posts\/128666\/revisions"}],"predecessor-version":[{"id":128668,"href":"https:\/\/www.oaxaca.gob.mx\/comunicacion\/wp-json\/wp\/v2\/posts\/128666\/revisions\/128668"}],"wp:featuredmedia":[{"embeddable":true,"href":"https:\/\/www.oaxaca.gob.mx\/comunicacion\/wp-json\/wp\/v2\/media\/128667"}],"wp:attachment":[{"href":"https:\/\/www.oaxaca.gob.mx\/comunicacion\/wp-json\/wp\/v2\/media?parent=128666"}],"wp:term":[{"taxonomy":"category","embeddable":true,"href":"https:\/\/www.oaxaca.gob.mx\/comunicacion\/wp-json\/wp\/v2\/categories?post=128666"},{"taxonomy":"post_tag","embeddable":true,"href":"https:\/\/www.oaxaca.gob.mx\/comunicacion\/wp-json\/wp\/v2\/tags?post=128666"}],"curies":[{"name":"wp","href":"https:\/\/api.w.org\/{rel}","templated":true}]}}