{"id":123292,"date":"2024-04-18T08:28:43","date_gmt":"2024-04-18T14:28:43","guid":{"rendered":"https:\/\/www.oaxaca.gob.mx\/comunicacion\/?p=123292"},"modified":"2024-04-18T09:38:43","modified_gmt":"2024-04-18T15:38:43","slug":"circulacion-anticiclonica-mantiene-ola-de-calor-para-este-jueves-en-oaxaca","status":"publish","type":"post","link":"https:\/\/www.oaxaca.gob.mx\/comunicacion\/circulacion-anticiclonica-mantiene-ola-de-calor-para-este-jueves-en-oaxaca\/","title":{"rendered":"Circulaci\u00f3n anticicl\u00f3nica mantiene ola de calor para este jueves en Oaxaca"},"content":{"rendered":"<p><strong>Oaxaca de Ju\u00e1rez, Oax. 18 de abril de 2024.-<\/strong>\u00a0La Coordinaci\u00f3n Estatal de Protecci\u00f3n Civil y Gesti\u00f3n de Riesgos (CEPCyGR) informa que la circulaci\u00f3n anticicl\u00f3nica seguir\u00e1 con influencia directa sobre el estado de Oaxaca, manteniendo la ola de calor, que favorece un ambiente caluroso a muy caluroso.<\/p>\n<p>Lo anterior, de acuerdo con la Comisi\u00f3n Nacional del Agua (Conagua) que se\u00f1ala que la probabilidad de lluvias continuar\u00e1 baja, pero pueden ocurrir algunas \u00e1reas de tormentas aisladas despu\u00e9s del m\u00e1ximo calentamiento diurno. Los vientos dominantes se mantendr\u00e1n del sur y sureste.<\/p>\n<p>Se pronostican puntos de calor extremos en la Cuenca del Papaloapan, Sierra de Flores Mag\u00f3n, Istmo y algunos municipios de la Mixteca y Sierra Sur, adem\u00e1s de alta radiaci\u00f3n solar con periodos de bochorno en la Costa.<\/p>\n<p>Las temperaturas para este jueves son las siguientes:<\/p>\n<ul>\n<li>Valles Centrales, m\u00ednima de 17 y m\u00e1xima de 36\/38 grados.<\/li>\n<li>Istmo de Tehuantepec, m\u00ednima de 24 y m\u00e1xima de 37\/41 grados.<\/li>\n<li>Cuenca del Papaloapan, m\u00ednima de 23 y m\u00e1xima de 42\/45 grados.<\/li>\n<li>Costa, m\u00ednima de 24 y m\u00e1xima de 36\/38 grados.<\/li>\n<li>Mixteca, m\u00ednima de 16 y m\u00e1xima de 36\/40 grados.<\/li>\n<li>Sierra de Flores Mag\u00f3n, m\u00ednima de 21 y m\u00e1xima de 38\/42 grados.<\/li>\n<li>Sierra de Ju\u00e1rez, m\u00ednima de 15 y m\u00e1xima de 34\/38 grados.<\/li>\n<li>Sierra Sur, m\u00ednima de 16 y m\u00e1xima de 35\/40 grados.<\/li>\n<\/ul>\n<p>Se recomienda a la poblaci\u00f3n evitar la quema al aire libre y seguir las recomendaciones para prevenir los golpes de calor.<\/p>\n<p>De la misma forma, se exhorta atender las recomendaciones de Protecci\u00f3n Civil, Capitan\u00edas de Puerto as\u00ed como brigadas de la Comisi\u00f3n Estatal Forestal (Coesfo) y la Comisi\u00f3n Nacional Forestal (Conafor), adem\u00e1s de mantenerse informada a trav\u00e9s de los medios y redes sociales oficiales: Facebook @CEPCYGRGobOax y en X @CEPCyGR_GobOax.<\/p>\n<p style=\"text-align: center\"><strong>-0-<\/strong><\/p>\n<div class=\"su-image-carousel  su-image-carousel-has-spacing su-image-carousel-crop su-image-carousel-crop-16-10 su-image-carousel-has-outline su-image-carousel-adaptive su-image-carousel-slides-style-photo su-image-carousel-controls-style-dark su-image-carousel-align-center\" style=\"\" data-flickity-options='{\"groupCells\":true,\"cellSelector\":\".su-image-carousel-item\",\"adaptiveHeight\":false,\"cellAlign\":\"left\",\"prevNextButtons\":true,\"pageDots\":true,\"autoPlay\":5000,\"imagesLoaded\":true,\"contain\":true,\"selectedAttraction\":0.025,\"friction\":0.28}' id=\"su_image_carousel_69f0e76c0e49d\"><div class=\"su-image-carousel-item\"><div class=\"su-image-carousel-item-content\"><img loading=\"lazy\" decoding=\"async\" width=\"900\" height=\"675\" src=\"https:\/\/www.oaxaca.gob.mx\/comunicacion\/wp-content\/uploads\/sites\/28\/2024\/04\/PRONOSTICO-16.jpeg\" class=\"\" alt=\"\" srcset=\"https:\/\/www.oaxaca.gob.mx\/comunicacion\/wp-content\/uploads\/sites\/28\/2024\/04\/PRONOSTICO-16.jpeg 900w, https:\/\/www.oaxaca.gob.mx\/comunicacion\/wp-content\/uploads\/sites\/28\/2024\/04\/PRONOSTICO-16-300x225.jpeg 300w, https:\/\/www.oaxaca.gob.mx\/comunicacion\/wp-content\/uploads\/sites\/28\/2024\/04\/PRONOSTICO-16-768x576.jpeg 768w\" sizes=\"auto, (max-width: 900px) 100vw, 900px\" \/><\/div><\/div><\/div><script id=\"su_image_carousel_69f0e76c0e49d_script\">if(window.SUImageCarousel){setTimeout(function() {window.SUImageCarousel.initGallery(document.getElementById(\"su_image_carousel_69f0e76c0e49d\"))}, 0);}var su_image_carousel_69f0e76c0e49d_script=document.getElementById(\"su_image_carousel_69f0e76c0e49d_script\");if(su_image_carousel_69f0e76c0e49d_script){su_image_carousel_69f0e76c0e49d_script.parentNode.removeChild(su_image_carousel_69f0e76c0e49d_script);}<\/script>\n","protected":false},"excerpt":{"rendered":"<p>Oaxaca de Ju\u00e1rez, Oax. 18 de abril de 2024.-\u00a0La Coordinaci\u00f3n Estatal de Protecci\u00f3n Civil y Gesti\u00f3n de Riesgos (CEPCyGR) informa que la circulaci\u00f3n anticicl\u00f3nica seguir\u00e1 con influencia directa sobre el estado de Oaxaca, manteniendo la ola de calor, que favorece un ambiente caluroso a muy caluroso. Lo anterior, de acuerdo con la Comisi\u00f3n Nacional del [&hellip;]<\/p>\n","protected":false},"author":29,"featured_media":123294,"comment_status":"open","ping_status":"open","sticky":false,"template":"","format":"standard","meta":{"episode_type":"","audio_file":"","podmotor_file_id":"","podmotor_episode_id":"","cover_image":"","cover_image_id":"","duration":"","filesize":"","filesize_raw":"","date_recorded":"","explicit":"","block":"","itunes_episode_number":"","itunes_title":"","itunes_season_number":"","itunes_episode_type":"","footnotes":""},"categories":[8],"tags":[744],"class_list":["post-123292","post","type-post","status-publish","format-standard","has-post-thumbnail","hentry","category-noticias","tag-cepcygr"],"acf":[],"publishpress_future_action":{"enabled":false,"date":"2026-05-05 10:59:24","action":"change-status","newStatus":"draft","terms":[],"taxonomy":"category","extraData":[]},"publishpress_future_workflow_manual_trigger":{"enabledWorkflows":[]},"_links":{"self":[{"href":"https:\/\/www.oaxaca.gob.mx\/comunicacion\/wp-json\/wp\/v2\/posts\/123292","targetHints":{"allow":["GET"]}}],"collection":[{"href":"https:\/\/www.oaxaca.gob.mx\/comunicacion\/wp-json\/wp\/v2\/posts"}],"about":[{"href":"https:\/\/www.oaxaca.gob.mx\/comunicacion\/wp-json\/wp\/v2\/types\/post"}],"author":[{"embeddable":true,"href":"https:\/\/www.oaxaca.gob.mx\/comunicacion\/wp-json\/wp\/v2\/users\/29"}],"replies":[{"embeddable":true,"href":"https:\/\/www.oaxaca.gob.mx\/comunicacion\/wp-json\/wp\/v2\/comments?post=123292"}],"version-history":[{"count":1,"href":"https:\/\/www.oaxaca.gob.mx\/comunicacion\/wp-json\/wp\/v2\/posts\/123292\/revisions"}],"predecessor-version":[{"id":123295,"href":"https:\/\/www.oaxaca.gob.mx\/comunicacion\/wp-json\/wp\/v2\/posts\/123292\/revisions\/123295"}],"wp:featuredmedia":[{"embeddable":true,"href":"https:\/\/www.oaxaca.gob.mx\/comunicacion\/wp-json\/wp\/v2\/media\/123294"}],"wp:attachment":[{"href":"https:\/\/www.oaxaca.gob.mx\/comunicacion\/wp-json\/wp\/v2\/media?parent=123292"}],"wp:term":[{"taxonomy":"category","embeddable":true,"href":"https:\/\/www.oaxaca.gob.mx\/comunicacion\/wp-json\/wp\/v2\/categories?post=123292"},{"taxonomy":"post_tag","embeddable":true,"href":"https:\/\/www.oaxaca.gob.mx\/comunicacion\/wp-json\/wp\/v2\/tags?post=123292"}],"curies":[{"name":"wp","href":"https:\/\/api.w.org\/{rel}","templated":true}]}}