{"id":11875,"date":"2017-07-01T11:01:25","date_gmt":"2017-07-01T17:01:25","guid":{"rendered":"https:\/\/www.oaxaca.gob.mx\/comunicacion\/?p=11875"},"modified":"2017-07-01T11:01:25","modified_gmt":"2017-07-01T17:01:25","slug":"celebran-79-aniversario-de-la-creacion-del-distrito-mixe","status":"publish","type":"post","link":"https:\/\/www.oaxaca.gob.mx\/comunicacion\/celebran-79-aniversario-de-la-creacion-del-distrito-mixe\/","title":{"rendered":"Celebran 79 Aniversario de la creaci\u00f3n del Distrito Mixe"},"content":{"rendered":"<p>\t\t\t\t<strong>Santiago Zacatepec Mixe, Oax. 1 de julio de 2017.<\/strong> Este s\u00e1bado se celebr\u00f3 el 79 Aniversario de la creaci\u00f3n del Distrito Judicial territorial de los Mixes, durante un acto que encabez\u00f3 la Secretar\u00eda de Asuntos Ind\u00edgenas (SAI), habitantes y autoridades municipales de esta zona de la entidad.<\/p>\n<p>Con la representaci\u00f3n del Gobernador del Estado, Alejandro Murat Hinojosa, el Subsecretario de Derechos Ind\u00edgenas de la SAI, Adelfo Cruz V\u00e1squez, exhort\u00f3 a los habitantes mixes a preservar su identidad, cultura y lengua originaria, toda vez que son valores fundamentales que hacen fuerte a la comunidad ante otras formas ajenas de vida.<\/p>\n<p>El funcionario invit\u00f3 a las autoridades municipales y habitantes a sentirse \u00a0orgullosos de nuestra cultura que hemos heredado de los antepasados, convoc\u00e1ndolos a seguir fomentando la unidad y hermandad que los distingue.<\/p>\n<p>La celebraci\u00f3n se realiz\u00f3 con la presencia de autoridades municipales procedentes de diferentes poblaciones de ese distrito. En su oportunidad, la presidenta municipal de Santiago Zacatepec, Austreberta Ram\u00edrez L\u00f3pez, se\u00f1al\u00f3 que este hecho es un motivo especial\u00a0 para reafirmar\u00a0 los lazos de hermandad y solidaridad que existe entre los pueblos y habitantes mixes, con el fin de seguir progresando y a la vez, afrontando con unidad y fortaleza cualquier adversidad que se presente en el camino.<\/p>\n<p>\u201cHoy m\u00e1s que nunca, debemos caminar con pasos firmes y decididos para sembrar\u00a0 buenas semillas y cosechar despu\u00e9s buenos frutos en beneficio de nuestros hijos y nietos\u201d, expres\u00f3.<\/p>\n<p>Durante el acto se ley\u00f3 la rese\u00f1a hist\u00f3rica sobre la fundaci\u00f3n del Distrito Mixe en 1938, destacando la participaci\u00f3n de Luis Rodr\u00edguez Jacob, quien logr\u00f3 la integraci\u00f3n de la etnia mixe, luego de que los pueblos de la zona estaban dispersos y depend\u00edan de otras cabeceras distritales. Asimismo, remembraron el apoyo del entonces Gobernador\u00a0 Constantino Chapital, de los diputados locales y la mediaci\u00f3n del Presidente de la Rep\u00fablica, General L\u00e1zaro C\u00e1rdenas del R\u00edo, para que se lograra finalmente la integraci\u00f3n de los mixes.<\/p>\n<p>A este programa asistieron autoridades de San Juan Juquila, Santo Domingo Tepuxtepec, San Miguel Quetzaltepec, Asunci\u00f3n Cacalotepec, Totontepec Villa de Morelos, Santa Mar\u00eda Matamoros, Santa Mar\u00eda Huitepec, San Juan Metaltepec, Santa Mar\u00eda Puxmetac\u00e1n, \u00a0San Isidro Huayapan, entre otras. El acto social cont\u00f3 con la participaci\u00f3n de la banda de m\u00fasica regional, danzas regionales, as\u00ed como una exposici\u00f3n de fotograf\u00edas hist\u00f3ricas de la regi\u00f3n y del pueblo de Zacatepec.\t\t<\/p>\n","protected":false},"excerpt":{"rendered":"<p>Santiago Zacatepec Mixe, Oax. 1 de julio de 2017. Este s\u00e1bado se celebr\u00f3 el 79 Aniversario de la creaci\u00f3n del Distrito Judicial territorial de los Mixes, durante un acto que encabez\u00f3 la Secretar\u00eda de Asuntos Ind\u00edgenas (SAI), habitantes y autoridades municipales de esta zona de la entidad. Con la representaci\u00f3n del Gobernador del Estado, Alejandro [&hellip;]<\/p>\n","protected":false},"author":1,"featured_media":0,"comment_status":"open","ping_status":"open","sticky":false,"template":"","format":"standard","meta":{"episode_type":"","audio_file":"","podmotor_file_id":"","podmotor_episode_id":"","cover_image":"","cover_image_id":"","duration":"","filesize":"","filesize_raw":"","date_recorded":"","explicit":"","block":"","itunes_episode_number":"","itunes_title":"","itunes_season_number":"","itunes_episode_type":"","footnotes":""},"categories":[8],"tags":[357],"class_list":["post-11875","post","type-post","status-publish","format-standard","hentry","category-noticias","tag-sai"],"acf":[],"publishpress_future_action":{"enabled":false,"date":"2026-05-07 11:13:34","action":"change-status","newStatus":"draft","terms":[],"taxonomy":"category","extraData":[]},"publishpress_future_workflow_manual_trigger":{"enabledWorkflows":[]},"_links":{"self":[{"href":"https:\/\/www.oaxaca.gob.mx\/comunicacion\/wp-json\/wp\/v2\/posts\/11875","targetHints":{"allow":["GET"]}}],"collection":[{"href":"https:\/\/www.oaxaca.gob.mx\/comunicacion\/wp-json\/wp\/v2\/posts"}],"about":[{"href":"https:\/\/www.oaxaca.gob.mx\/comunicacion\/wp-json\/wp\/v2\/types\/post"}],"author":[{"embeddable":true,"href":"https:\/\/www.oaxaca.gob.mx\/comunicacion\/wp-json\/wp\/v2\/users\/1"}],"replies":[{"embeddable":true,"href":"https:\/\/www.oaxaca.gob.mx\/comunicacion\/wp-json\/wp\/v2\/comments?post=11875"}],"version-history":[{"count":0,"href":"https:\/\/www.oaxaca.gob.mx\/comunicacion\/wp-json\/wp\/v2\/posts\/11875\/revisions"}],"wp:attachment":[{"href":"https:\/\/www.oaxaca.gob.mx\/comunicacion\/wp-json\/wp\/v2\/media?parent=11875"}],"wp:term":[{"taxonomy":"category","embeddable":true,"href":"https:\/\/www.oaxaca.gob.mx\/comunicacion\/wp-json\/wp\/v2\/categories?post=11875"},{"taxonomy":"post_tag","embeddable":true,"href":"https:\/\/www.oaxaca.gob.mx\/comunicacion\/wp-json\/wp\/v2\/tags?post=11875"}],"curies":[{"name":"wp","href":"https:\/\/api.w.org\/{rel}","templated":true}]}}