{"id":116750,"date":"2023-12-28T14:26:49","date_gmt":"2023-12-28T20:26:49","guid":{"rendered":"https:\/\/www.oaxaca.gob.mx\/comunicacion\/?p=116750"},"modified":"2023-12-28T15:04:04","modified_gmt":"2023-12-28T21:04:04","slug":"invitan-a-disfrutar-de-un-viaje-estelar-en-el-planetario-nundehui-y-conocer-su-historia","status":"publish","type":"post","link":"https:\/\/www.oaxaca.gob.mx\/comunicacion\/invitan-a-disfrutar-de-un-viaje-estelar-en-el-planetario-nundehui-y-conocer-su-historia\/","title":{"rendered":"Invitan a disfrutar de un viaje estelar en el Planetario Nundehui y conocer su historia"},"content":{"rendered":"<div class=\"su-image-carousel  su-image-carousel-has-spacing su-image-carousel-crop su-image-carousel-crop-21-9 su-image-carousel-has-outline su-image-carousel-adaptive su-image-carousel-slides-style-photo su-image-carousel-controls-style-dark su-image-carousel-align-center\" style=\"\" data-flickity-options='{\"groupCells\":true,\"cellSelector\":\".su-image-carousel-item\",\"adaptiveHeight\":false,\"cellAlign\":\"left\",\"prevNextButtons\":true,\"pageDots\":true,\"autoPlay\":5000,\"imagesLoaded\":true,\"contain\":true,\"selectedAttraction\":0.025,\"friction\":0.28}' id=\"su_image_carousel_69f39135286cf\"><div class=\"su-image-carousel-item\"><div class=\"su-image-carousel-item-content\"><img loading=\"lazy\" decoding=\"async\" width=\"1024\" height=\"682\" src=\"https:\/\/www.oaxaca.gob.mx\/comunicacion\/wp-content\/uploads\/sites\/28\/2023\/12\/PLANETARIO-NUNDEHUI-1-1024x682.jpg\" class=\"\" alt=\"\" srcset=\"https:\/\/www.oaxaca.gob.mx\/comunicacion\/wp-content\/uploads\/sites\/28\/2023\/12\/PLANETARIO-NUNDEHUI-1-1024x682.jpg 1024w, https:\/\/www.oaxaca.gob.mx\/comunicacion\/wp-content\/uploads\/sites\/28\/2023\/12\/PLANETARIO-NUNDEHUI-1-300x200.jpg 300w, https:\/\/www.oaxaca.gob.mx\/comunicacion\/wp-content\/uploads\/sites\/28\/2023\/12\/PLANETARIO-NUNDEHUI-1-768x512.jpg 768w, https:\/\/www.oaxaca.gob.mx\/comunicacion\/wp-content\/uploads\/sites\/28\/2023\/12\/PLANETARIO-NUNDEHUI-1.jpg 1100w\" sizes=\"auto, (max-width: 1024px) 100vw, 1024px\" \/><\/div><\/div><\/div><script id=\"su_image_carousel_69f39135286cf_script\">if(window.SUImageCarousel){setTimeout(function() {window.SUImageCarousel.initGallery(document.getElementById(\"su_image_carousel_69f39135286cf\"))}, 0);}var su_image_carousel_69f39135286cf_script=document.getElementById(\"su_image_carousel_69f39135286cf_script\");if(su_image_carousel_69f39135286cf_script){su_image_carousel_69f39135286cf_script.parentNode.removeChild(su_image_carousel_69f39135286cf_script);}<\/script>\n<p><strong>\u00a0<\/strong><\/p>\n<div class=\"su-heading su-heading-style-default su-heading-align-center\" id=\"\" style=\"font-size:13px;margin-bottom:20px\"><div class=\"su-heading-inner\">En 1991 el telescopio modelo Celestron 14, que perteneci\u00f3 a Francisco Gabilondo Soler, fue donado al Planetario<\/div><\/div>\n<p>&nbsp;<\/p>\n<p><strong>\u00a0<\/strong><\/p>\n<div class=\"su-heading su-heading-style-default su-heading-align-center\" id=\"\" style=\"font-size:13px;margin-bottom:20px\"><div class=\"su-heading-inner\">En 1991 el telescopio modelo Celestron 14, que perteneci\u00f3 a Francisco Gabilondo Soler, fue donado al Planetario<\/div><\/div>\n<p><strong><em>\u00a0<\/em><\/strong><\/p>\n<div class=\"su-heading su-heading-style-default su-heading-align-center\" id=\"\" style=\"font-size:13px;margin-bottom:20px\"><div class=\"su-heading-inner\">Para disfrutar de una proyecci\u00f3n planetaria es necesario agendar de manera previa una cita y llamar al tel\u00e9fono 951 514 53 79 o enviar un WhatsApp al 951 565 51 24<\/div><\/div>\n<p><strong><em>\u00a0<\/em><\/strong><\/p>\n<p><strong>Tlalixtac de Cabrera, Oax. 28 de diciembre de 2023.-<\/strong>\u00a0El Planetario Nundehui que se encuentra en resguardo de la Secretar\u00eda de Administraci\u00f3n fue edificado en 1973 y funcion\u00f3 por primera vez el 17 de julio de 1976, con el objetivo de brindar a las y los oaxaque\u00f1os un espacio educativo e innovador en donde la ciencia y la tecnolog\u00eda son el punto de anclaje.<\/p>\n<p>En este sentido, el encargado de Despacho de la Secretar\u00eda de Administraci\u00f3n Noel Hern\u00e1ndez Rito indic\u00f3 que este planetario tiene una larga historia para contar, iniciando con su nombre Nundehui, palabra mixteca que significa mirando al cielo o de cara al cielo.<\/p>\n<p>Record\u00f3 que tras su inauguraci\u00f3n, la Ciudad de Palo Alto, California, don\u00f3 un proyector anal\u00f3gico que fue fabricado en 1950 con tecnolog\u00eda japonesa, el cual sigue funcionando y es manejado por el se\u00f1or Dar\u00edo Jaime Moreno, quien lleva m\u00e1s de 30 a\u00f1os oper\u00e1ndolo y d\u00e1ndole vida.<\/p>\n<p>Noel Hern\u00e1ndez asegur\u00f3 que en 1991 el telescopio modelo Celestron 14 que perteneci\u00f3 a Francisco Gabilondo Soler fue donado al planetario. Cri-Cri, como tambi\u00e9n se le conoc\u00eda a este espacio. \u201c\u00c9l ten\u00eda una gran fascinaci\u00f3n por la astronom\u00eda, incluso fue miembro distinguido de la Sociedad Astron\u00f3mica de M\u00e9xico\u201d, afirm\u00f3.<\/p>\n<p>Por su parte, el coordinador de Espacios P\u00fablicos Recreativos Habacuq Iv\u00e1n Sumano Alonso indic\u00f3 que el planetario cuenta con una sala de exhibici\u00f3n donde se proyecta una reproducci\u00f3n de la b\u00f3veda celeste con sus constelaciones, as\u00ed como fotograf\u00edas de diferentes galaxias, la superficie lunar y esquemas gl\u00edficos de los calendarios zapotecos y mixtecos; adem\u00e1s se puede observar cr\u00e1teres del Sol y algunos fen\u00f3menos c\u00f3smicos.<\/p>\n<p>El espacio cuenta tambi\u00e9n con una exhibici\u00f3n de cohetes espaciales, transbordadores y dem\u00e1s art\u00edculos sobre misiones espaciales que fueron hechos a escala y con materiales reciclados.<\/p>\n<p>Asimismo, el jefe del Departamento de Espacios P\u00fablicos Recreativos de la dependencia, Jes\u00fas Manuel Rivera G\u00f3par indic\u00f3 que en ocasiones especiales en la explanada del planetario se ofrecen talleres como: Aventuras con lecturas, Elaboraci\u00f3n de cajas para ver eclipses y Tamayo M\u00f3vil, en donde ni\u00f1as y ni\u00f1os disfrutan de la pintura, dibujo, cer\u00e1mica y grabado, entre muchas otras actividades, con la finalidad de nutrir y abonar a la ciencia y tecnolog\u00eda.<\/p>\n<p>El Planetario Nundehui ubicado en el Cerro del Fort\u00edn, abre sus puertas al p\u00fablico de lunes a viernes en un horario de 9:00 a 15:00 horas y cada funci\u00f3n planetaria o digital tiene una duraci\u00f3n aproximada de 40 minutos.<\/p>\n<p>Para asistir a disfrutar de esta gran experiencia es necesario agendar de manera previa una cita y llamar al tel\u00e9fono 951 514 53 79 o enviar un WhatsApp al 951 565 51 24.<\/p>\n<p style=\"text-align: center\"><strong>-0-<\/strong><\/p>\n<div class=\"su-image-carousel  su-image-carousel-has-spacing su-image-carousel-crop su-image-carousel-crop-16-10 su-image-carousel-has-outline su-image-carousel-adaptive su-image-carousel-slides-style-photo su-image-carousel-controls-style-dark su-image-carousel-align-center\" style=\"\" data-flickity-options='{\"groupCells\":true,\"cellSelector\":\".su-image-carousel-item\",\"adaptiveHeight\":false,\"cellAlign\":\"left\",\"prevNextButtons\":true,\"pageDots\":true,\"autoPlay\":5000,\"imagesLoaded\":true,\"contain\":true,\"selectedAttraction\":0.025,\"friction\":0.28}' id=\"su_image_carousel_69f3913528e90\"><div class=\"su-image-carousel-item\"><div class=\"su-image-carousel-item-content\"><img loading=\"lazy\" decoding=\"async\" width=\"1024\" height=\"580\" src=\"https:\/\/www.oaxaca.gob.mx\/comunicacion\/wp-content\/uploads\/sites\/28\/2023\/12\/PLANETARIO-NUNDEHUI-4-1024x580.jpeg\" class=\"\" alt=\"\" srcset=\"https:\/\/www.oaxaca.gob.mx\/comunicacion\/wp-content\/uploads\/sites\/28\/2023\/12\/PLANETARIO-NUNDEHUI-4-1024x580.jpeg 1024w, https:\/\/www.oaxaca.gob.mx\/comunicacion\/wp-content\/uploads\/sites\/28\/2023\/12\/PLANETARIO-NUNDEHUI-4-300x170.jpeg 300w, https:\/\/www.oaxaca.gob.mx\/comunicacion\/wp-content\/uploads\/sites\/28\/2023\/12\/PLANETARIO-NUNDEHUI-4-768x435.jpeg 768w, https:\/\/www.oaxaca.gob.mx\/comunicacion\/wp-content\/uploads\/sites\/28\/2023\/12\/PLANETARIO-NUNDEHUI-4.jpeg 1080w\" sizes=\"auto, (max-width: 1024px) 100vw, 1024px\" \/><\/div><\/div><div class=\"su-image-carousel-item\"><div class=\"su-image-carousel-item-content\"><img loading=\"lazy\" decoding=\"async\" width=\"662\" height=\"1024\" src=\"https:\/\/www.oaxaca.gob.mx\/comunicacion\/wp-content\/uploads\/sites\/28\/2023\/12\/PLANETARIO-NUNDEHUI-3-662x1024.jpeg\" class=\"\" alt=\"\" srcset=\"https:\/\/www.oaxaca.gob.mx\/comunicacion\/wp-content\/uploads\/sites\/28\/2023\/12\/PLANETARIO-NUNDEHUI-3-662x1024.jpeg 662w, https:\/\/www.oaxaca.gob.mx\/comunicacion\/wp-content\/uploads\/sites\/28\/2023\/12\/PLANETARIO-NUNDEHUI-3-194x300.jpeg 194w, https:\/\/www.oaxaca.gob.mx\/comunicacion\/wp-content\/uploads\/sites\/28\/2023\/12\/PLANETARIO-NUNDEHUI-3-768x1187.jpeg 768w, https:\/\/www.oaxaca.gob.mx\/comunicacion\/wp-content\/uploads\/sites\/28\/2023\/12\/PLANETARIO-NUNDEHUI-3-994x1536.jpeg 994w, https:\/\/www.oaxaca.gob.mx\/comunicacion\/wp-content\/uploads\/sites\/28\/2023\/12\/PLANETARIO-NUNDEHUI-3.jpeg 1035w\" sizes=\"auto, (max-width: 662px) 100vw, 662px\" \/><\/div><\/div><div class=\"su-image-carousel-item\"><div class=\"su-image-carousel-item-content\"><img loading=\"lazy\" decoding=\"async\" width=\"1024\" height=\"682\" src=\"https:\/\/www.oaxaca.gob.mx\/comunicacion\/wp-content\/uploads\/sites\/28\/2023\/12\/PLANETARIO-NUNDEHUI-2-1024x682.jpeg\" class=\"\" alt=\"\" srcset=\"https:\/\/www.oaxaca.gob.mx\/comunicacion\/wp-content\/uploads\/sites\/28\/2023\/12\/PLANETARIO-NUNDEHUI-2-1024x682.jpeg 1024w, https:\/\/www.oaxaca.gob.mx\/comunicacion\/wp-content\/uploads\/sites\/28\/2023\/12\/PLANETARIO-NUNDEHUI-2-300x200.jpeg 300w, https:\/\/www.oaxaca.gob.mx\/comunicacion\/wp-content\/uploads\/sites\/28\/2023\/12\/PLANETARIO-NUNDEHUI-2-768x512.jpeg 768w, https:\/\/www.oaxaca.gob.mx\/comunicacion\/wp-content\/uploads\/sites\/28\/2023\/12\/PLANETARIO-NUNDEHUI-2-1536x1023.jpeg 1536w, https:\/\/www.oaxaca.gob.mx\/comunicacion\/wp-content\/uploads\/sites\/28\/2023\/12\/PLANETARIO-NUNDEHUI-2.jpeg 1600w\" sizes=\"auto, (max-width: 1024px) 100vw, 1024px\" \/><\/div><\/div><div class=\"su-image-carousel-item\"><div class=\"su-image-carousel-item-content\"><img loading=\"lazy\" decoding=\"async\" width=\"1024\" height=\"682\" src=\"https:\/\/www.oaxaca.gob.mx\/comunicacion\/wp-content\/uploads\/sites\/28\/2023\/12\/PLANETARIO-NUNDEHUI-1-1024x682.jpg\" class=\"\" alt=\"\" srcset=\"https:\/\/www.oaxaca.gob.mx\/comunicacion\/wp-content\/uploads\/sites\/28\/2023\/12\/PLANETARIO-NUNDEHUI-1-1024x682.jpg 1024w, https:\/\/www.oaxaca.gob.mx\/comunicacion\/wp-content\/uploads\/sites\/28\/2023\/12\/PLANETARIO-NUNDEHUI-1-300x200.jpg 300w, https:\/\/www.oaxaca.gob.mx\/comunicacion\/wp-content\/uploads\/sites\/28\/2023\/12\/PLANETARIO-NUNDEHUI-1-768x512.jpg 768w, https:\/\/www.oaxaca.gob.mx\/comunicacion\/wp-content\/uploads\/sites\/28\/2023\/12\/PLANETARIO-NUNDEHUI-1.jpg 1100w\" sizes=\"auto, (max-width: 1024px) 100vw, 1024px\" \/><\/div><\/div><\/div><script id=\"su_image_carousel_69f3913528e90_script\">if(window.SUImageCarousel){setTimeout(function() {window.SUImageCarousel.initGallery(document.getElementById(\"su_image_carousel_69f3913528e90\"))}, 0);}var su_image_carousel_69f3913528e90_script=document.getElementById(\"su_image_carousel_69f3913528e90_script\");if(su_image_carousel_69f3913528e90_script){su_image_carousel_69f3913528e90_script.parentNode.removeChild(su_image_carousel_69f3913528e90_script);}<\/script>\n","protected":false},"excerpt":{"rendered":"<p>\u00a0 &nbsp; \u00a0 \u00a0 \u00a0 Tlalixtac de Cabrera, Oax. 28 de diciembre de 2023.-\u00a0El Planetario Nundehui que se encuentra en resguardo de la Secretar\u00eda de Administraci\u00f3n fue edificado en 1973 y funcion\u00f3 por primera vez el 17 de julio de 1976, con el objetivo de brindar a las y los oaxaque\u00f1os un espacio educativo e [&hellip;]<\/p>\n","protected":false},"author":29,"featured_media":116755,"comment_status":"open","ping_status":"open","sticky":false,"template":"","format":"standard","meta":{"episode_type":"","audio_file":"","podmotor_file_id":"","podmotor_episode_id":"","cover_image":"","cover_image_id":"","duration":"","filesize":"","filesize_raw":"","date_recorded":"","explicit":"","block":"","itunes_episode_number":"","itunes_title":"","itunes_season_number":"","itunes_episode_type":"","footnotes":""},"categories":[8],"tags":[124],"class_list":["post-116750","post","type-post","status-publish","format-standard","has-post-thumbnail","hentry","category-noticias","tag-comunicacion-social"],"acf":[],"publishpress_future_action":{"enabled":false,"date":"2026-05-07 11:28:21","action":"change-status","newStatus":"draft","terms":[],"taxonomy":"category","extraData":[]},"publishpress_future_workflow_manual_trigger":{"enabledWorkflows":[]},"_links":{"self":[{"href":"https:\/\/www.oaxaca.gob.mx\/comunicacion\/wp-json\/wp\/v2\/posts\/116750","targetHints":{"allow":["GET"]}}],"collection":[{"href":"https:\/\/www.oaxaca.gob.mx\/comunicacion\/wp-json\/wp\/v2\/posts"}],"about":[{"href":"https:\/\/www.oaxaca.gob.mx\/comunicacion\/wp-json\/wp\/v2\/types\/post"}],"author":[{"embeddable":true,"href":"https:\/\/www.oaxaca.gob.mx\/comunicacion\/wp-json\/wp\/v2\/users\/29"}],"replies":[{"embeddable":true,"href":"https:\/\/www.oaxaca.gob.mx\/comunicacion\/wp-json\/wp\/v2\/comments?post=116750"}],"version-history":[{"count":2,"href":"https:\/\/www.oaxaca.gob.mx\/comunicacion\/wp-json\/wp\/v2\/posts\/116750\/revisions"}],"predecessor-version":[{"id":116760,"href":"https:\/\/www.oaxaca.gob.mx\/comunicacion\/wp-json\/wp\/v2\/posts\/116750\/revisions\/116760"}],"wp:featuredmedia":[{"embeddable":true,"href":"https:\/\/www.oaxaca.gob.mx\/comunicacion\/wp-json\/wp\/v2\/media\/116755"}],"wp:attachment":[{"href":"https:\/\/www.oaxaca.gob.mx\/comunicacion\/wp-json\/wp\/v2\/media?parent=116750"}],"wp:term":[{"taxonomy":"category","embeddable":true,"href":"https:\/\/www.oaxaca.gob.mx\/comunicacion\/wp-json\/wp\/v2\/categories?post=116750"},{"taxonomy":"post_tag","embeddable":true,"href":"https:\/\/www.oaxaca.gob.mx\/comunicacion\/wp-json\/wp\/v2\/tags?post=116750"}],"curies":[{"name":"wp","href":"https:\/\/api.w.org\/{rel}","templated":true}]}}