{"id":116538,"date":"2023-12-22T21:25:23","date_gmt":"2023-12-23T03:25:23","guid":{"rendered":"https:\/\/www.oaxaca.gob.mx\/comunicacion\/?p=116538"},"modified":"2023-12-23T14:04:52","modified_gmt":"2023-12-23T20:04:52","slug":"celebra-gobierno-de-oaxaca-primer-desfile-de-noche-de-rabanos","status":"publish","type":"post","link":"https:\/\/www.oaxaca.gob.mx\/comunicacion\/celebra-gobierno-de-oaxaca-primer-desfile-de-noche-de-rabanos\/","title":{"rendered":"Celebra Gobierno de Oaxaca Primer Desfile de Noche de R\u00e1banos\u00a0"},"content":{"rendered":"<div><div class=\"su-image-carousel  su-image-carousel-has-spacing su-image-carousel-crop su-image-carousel-crop-2-1 su-image-carousel-has-outline su-image-carousel-adaptive su-image-carousel-slides-style-default su-image-carousel-controls-style-dark su-image-carousel-align-center\" style=\"\" data-flickity-options='{\"groupCells\":true,\"cellSelector\":\".su-image-carousel-item\",\"adaptiveHeight\":false,\"cellAlign\":\"left\",\"prevNextButtons\":true,\"pageDots\":true,\"autoPlay\":5000,\"imagesLoaded\":true,\"contain\":true,\"selectedAttraction\":0.025,\"friction\":0.28}' id=\"su_image_carousel_69ee50510817c\"><div class=\"su-image-carousel-item\"><div class=\"su-image-carousel-item-content\"><img loading=\"lazy\" decoding=\"async\" width=\"1024\" height=\"682\" src=\"https:\/\/www.oaxaca.gob.mx\/comunicacion\/wp-content\/uploads\/sites\/28\/2023\/12\/WhatsApp-Image-2023-12-22-at-9.25.35-PM-1024x682.jpeg\" class=\"\" alt=\"\" srcset=\"https:\/\/www.oaxaca.gob.mx\/comunicacion\/wp-content\/uploads\/sites\/28\/2023\/12\/WhatsApp-Image-2023-12-22-at-9.25.35-PM-1024x682.jpeg 1024w, https:\/\/www.oaxaca.gob.mx\/comunicacion\/wp-content\/uploads\/sites\/28\/2023\/12\/WhatsApp-Image-2023-12-22-at-9.25.35-PM-300x200.jpeg 300w, https:\/\/www.oaxaca.gob.mx\/comunicacion\/wp-content\/uploads\/sites\/28\/2023\/12\/WhatsApp-Image-2023-12-22-at-9.25.35-PM-768x512.jpeg 768w, https:\/\/www.oaxaca.gob.mx\/comunicacion\/wp-content\/uploads\/sites\/28\/2023\/12\/WhatsApp-Image-2023-12-22-at-9.25.35-PM-1536x1023.jpeg 1536w, https:\/\/www.oaxaca.gob.mx\/comunicacion\/wp-content\/uploads\/sites\/28\/2023\/12\/WhatsApp-Image-2023-12-22-at-9.25.35-PM.jpeg 1600w\" sizes=\"auto, (max-width: 1024px) 100vw, 1024px\" \/><\/div><\/div><\/div><script id=\"su_image_carousel_69ee50510817c_script\">if(window.SUImageCarousel){setTimeout(function() {window.SUImageCarousel.initGallery(document.getElementById(\"su_image_carousel_69ee50510817c\"))}, 0);}var su_image_carousel_69ee50510817c_script=document.getElementById(\"su_image_carousel_69ee50510817c_script\");if(su_image_carousel_69ee50510817c_script){su_image_carousel_69ee50510817c_script.parentNode.removeChild(su_image_carousel_69ee50510817c_script);}<\/script><\/div>\n<div><div class=\"su-heading su-heading-style-default su-heading-align-center\" id=\"\" style=\"font-size:13px;margin-bottom:20px\"><div class=\"su-heading-inner\">La actividad realizada por primera vez en la capital fue encabezada por la secretaria de Turismo Saymi Pineda Velasco, a fin de mantener viva esta tradici\u00f3n \u00fanica de las y los oaxaque\u00f1os<\/div><\/div><\/div>\n<div><\/div>\n<div><strong>Oaxaca de Ju\u00e1rez, Oax. 22 de diciembre de 2023.-<\/strong> R\u00e1banos gigantes, marmotas, carros empujables, as\u00ed como peque\u00f1os tub\u00e9rculos, hojas de totomoxtle y flor inmortal acompa\u00f1aron los carros aleg\u00f3ricos que en conjunto llenaron de color las calles de Oaxaca con el Primer Desfile de Noche de R\u00e1banos que el Gobierno del Estado realiz\u00f3 en el marco de las fiestas decembrinas.<\/div>\n<div><\/div>\n<div>Desde la Fuente de las Ocho Regiones a la Plaza de la Danza, diversas personas compartieron su creatividad, destreza e ingenio al crear disfraces originales a fin de mantener viva esta tradici\u00f3n \u00fanica de las y los oaxaque\u00f1os.<\/div>\n<div><\/div>\n<div>Este desfile realizado por primera vez en la capital del estado fue encabezado por la secretaria de Turismo, Saymi Pineda Velasco, quien se\u00f1al\u00f3 que para el Gobierno que encabeza Salom\u00f3n Jara Cruz, esta festividad tiene el objetivo de compartir la visi\u00f3n de una de las tradiciones m\u00e1s importantes del estado, la cual ha sido reconocida a nivel internacional por la imaginaci\u00f3n empleada de las personas hortelanas y artesanas que se dedican a esta labor.<\/div>\n<div><\/div>\n<div><div class=\"su-quote su-quote-style-default\"><div class=\"su-quote-inner su-u-clearfix su-u-trim\">Con estas actividades, la administraci\u00f3n actual promueve y salvaguarda las fiestas, costumbres, m\u00fasica y colores que forman parte esencial de la identidad de los pueblos y comunidades oaxaque\u00f1as, afirm\u00f3. \u00a0<\/div><\/div><\/div>\n<div><\/div>\n<div>Tambi\u00e9n participaron m\u00e1s de 80 dependencias de la administraci\u00f3n estatal agrupadas por sector, que caracterizaron sus carros aleg\u00f3ricos con tem\u00e1ticas como historia de noche de r\u00e1banos, figuras hechas con flor inmortal y escenarios tradicionales oaxaque\u00f1os de hoja de totomoxtle.<\/div>\n<div><\/div>\n<div>A este recorrido tambi\u00e9n se sumaron cientos de personas locales, nacionales y extranjeras que apreciaron desde las calles y balcones cada una de las obras presentadas que acompa\u00f1adas de m\u00fasica y luces recorrieron la Verde Antequera.<\/div>\n<div><\/div>\n<div>Al t\u00e9rmino del desfile, la Secretar\u00eda de Turismo de Oaxaca realiz\u00f3 la premiaci\u00f3n de los tres primeros lugares de los concursos de Carros aleg\u00f3ricos y Mejor vestuario relativos a la tradicional Noche de R\u00e1banos 2023.<\/div>\n<div><\/div>\n<div style=\"text-align: center\"><strong>-0-<\/strong><\/div>\n<div><div class=\"su-image-carousel  su-image-carousel-has-spacing su-image-carousel-crop su-image-carousel-crop-16-10 su-image-carousel-has-outline su-image-carousel-adaptive su-image-carousel-slides-style-default su-image-carousel-controls-style-dark su-image-carousel-align-center\" style=\"\" data-flickity-options='{\"groupCells\":true,\"cellSelector\":\".su-image-carousel-item\",\"adaptiveHeight\":false,\"cellAlign\":\"left\",\"prevNextButtons\":true,\"pageDots\":true,\"autoPlay\":5000,\"imagesLoaded\":true,\"contain\":true,\"selectedAttraction\":0.025,\"friction\":0.28}' id=\"su_image_carousel_69ee505108b89\"><div class=\"su-image-carousel-item\"><div class=\"su-image-carousel-item-content\"><img loading=\"lazy\" decoding=\"async\" width=\"1024\" height=\"682\" src=\"https:\/\/www.oaxaca.gob.mx\/comunicacion\/wp-content\/uploads\/sites\/28\/2023\/12\/WhatsApp-Image-2023-12-22-at-9.25.24-PM-1-1024x682.jpeg\" class=\"\" alt=\"\" srcset=\"https:\/\/www.oaxaca.gob.mx\/comunicacion\/wp-content\/uploads\/sites\/28\/2023\/12\/WhatsApp-Image-2023-12-22-at-9.25.24-PM-1-1024x682.jpeg 1024w, https:\/\/www.oaxaca.gob.mx\/comunicacion\/wp-content\/uploads\/sites\/28\/2023\/12\/WhatsApp-Image-2023-12-22-at-9.25.24-PM-1-300x200.jpeg 300w, https:\/\/www.oaxaca.gob.mx\/comunicacion\/wp-content\/uploads\/sites\/28\/2023\/12\/WhatsApp-Image-2023-12-22-at-9.25.24-PM-1-768x512.jpeg 768w, https:\/\/www.oaxaca.gob.mx\/comunicacion\/wp-content\/uploads\/sites\/28\/2023\/12\/WhatsApp-Image-2023-12-22-at-9.25.24-PM-1-1536x1023.jpeg 1536w, https:\/\/www.oaxaca.gob.mx\/comunicacion\/wp-content\/uploads\/sites\/28\/2023\/12\/WhatsApp-Image-2023-12-22-at-9.25.24-PM-1.jpeg 1600w\" sizes=\"auto, (max-width: 1024px) 100vw, 1024px\" \/><\/div><\/div><div class=\"su-image-carousel-item\"><div class=\"su-image-carousel-item-content\"><img loading=\"lazy\" decoding=\"async\" width=\"1024\" height=\"819\" src=\"https:\/\/www.oaxaca.gob.mx\/comunicacion\/wp-content\/uploads\/sites\/28\/2023\/12\/WhatsApp-Image-2023-12-22-at-9.25.24-PM-2-1024x819.jpeg\" class=\"\" alt=\"\" srcset=\"https:\/\/www.oaxaca.gob.mx\/comunicacion\/wp-content\/uploads\/sites\/28\/2023\/12\/WhatsApp-Image-2023-12-22-at-9.25.24-PM-2-1024x819.jpeg 1024w, https:\/\/www.oaxaca.gob.mx\/comunicacion\/wp-content\/uploads\/sites\/28\/2023\/12\/WhatsApp-Image-2023-12-22-at-9.25.24-PM-2-300x240.jpeg 300w, https:\/\/www.oaxaca.gob.mx\/comunicacion\/wp-content\/uploads\/sites\/28\/2023\/12\/WhatsApp-Image-2023-12-22-at-9.25.24-PM-2-768x614.jpeg 768w, https:\/\/www.oaxaca.gob.mx\/comunicacion\/wp-content\/uploads\/sites\/28\/2023\/12\/WhatsApp-Image-2023-12-22-at-9.25.24-PM-2-1536x1228.jpeg 1536w, https:\/\/www.oaxaca.gob.mx\/comunicacion\/wp-content\/uploads\/sites\/28\/2023\/12\/WhatsApp-Image-2023-12-22-at-9.25.24-PM-2.jpeg 1600w\" sizes=\"auto, (max-width: 1024px) 100vw, 1024px\" \/><\/div><\/div><div class=\"su-image-carousel-item\"><div class=\"su-image-carousel-item-content\"><img loading=\"lazy\" decoding=\"async\" width=\"1024\" height=\"576\" src=\"https:\/\/www.oaxaca.gob.mx\/comunicacion\/wp-content\/uploads\/sites\/28\/2023\/12\/WhatsApp-Image-2023-12-22-at-9.25.24-PM-1024x576.jpeg\" class=\"\" alt=\"\" srcset=\"https:\/\/www.oaxaca.gob.mx\/comunicacion\/wp-content\/uploads\/sites\/28\/2023\/12\/WhatsApp-Image-2023-12-22-at-9.25.24-PM-1024x576.jpeg 1024w, https:\/\/www.oaxaca.gob.mx\/comunicacion\/wp-content\/uploads\/sites\/28\/2023\/12\/WhatsApp-Image-2023-12-22-at-9.25.24-PM-300x169.jpeg 300w, https:\/\/www.oaxaca.gob.mx\/comunicacion\/wp-content\/uploads\/sites\/28\/2023\/12\/WhatsApp-Image-2023-12-22-at-9.25.24-PM-768x432.jpeg 768w, https:\/\/www.oaxaca.gob.mx\/comunicacion\/wp-content\/uploads\/sites\/28\/2023\/12\/WhatsApp-Image-2023-12-22-at-9.25.24-PM-1536x864.jpeg 1536w, https:\/\/www.oaxaca.gob.mx\/comunicacion\/wp-content\/uploads\/sites\/28\/2023\/12\/WhatsApp-Image-2023-12-22-at-9.25.24-PM.jpeg 1600w\" sizes=\"auto, (max-width: 1024px) 100vw, 1024px\" \/><\/div><\/div><div class=\"su-image-carousel-item\"><div class=\"su-image-carousel-item-content\"><img loading=\"lazy\" decoding=\"async\" width=\"1024\" height=\"682\" src=\"https:\/\/www.oaxaca.gob.mx\/comunicacion\/wp-content\/uploads\/sites\/28\/2023\/12\/WhatsApp-Image-2023-12-22-at-9.25.25-PM-1024x682.jpeg\" class=\"\" alt=\"\" srcset=\"https:\/\/www.oaxaca.gob.mx\/comunicacion\/wp-content\/uploads\/sites\/28\/2023\/12\/WhatsApp-Image-2023-12-22-at-9.25.25-PM-1024x682.jpeg 1024w, https:\/\/www.oaxaca.gob.mx\/comunicacion\/wp-content\/uploads\/sites\/28\/2023\/12\/WhatsApp-Image-2023-12-22-at-9.25.25-PM-300x200.jpeg 300w, https:\/\/www.oaxaca.gob.mx\/comunicacion\/wp-content\/uploads\/sites\/28\/2023\/12\/WhatsApp-Image-2023-12-22-at-9.25.25-PM-768x512.jpeg 768w, https:\/\/www.oaxaca.gob.mx\/comunicacion\/wp-content\/uploads\/sites\/28\/2023\/12\/WhatsApp-Image-2023-12-22-at-9.25.25-PM-1536x1023.jpeg 1536w, https:\/\/www.oaxaca.gob.mx\/comunicacion\/wp-content\/uploads\/sites\/28\/2023\/12\/WhatsApp-Image-2023-12-22-at-9.25.25-PM.jpeg 1600w\" sizes=\"auto, (max-width: 1024px) 100vw, 1024px\" \/><\/div><\/div><div class=\"su-image-carousel-item\"><div class=\"su-image-carousel-item-content\"><img loading=\"lazy\" decoding=\"async\" width=\"1024\" height=\"682\" src=\"https:\/\/www.oaxaca.gob.mx\/comunicacion\/wp-content\/uploads\/sites\/28\/2023\/12\/WhatsApp-Image-2023-12-22-at-9.25.35-PM-1-1024x682.jpeg\" class=\"\" alt=\"\" srcset=\"https:\/\/www.oaxaca.gob.mx\/comunicacion\/wp-content\/uploads\/sites\/28\/2023\/12\/WhatsApp-Image-2023-12-22-at-9.25.35-PM-1-1024x682.jpeg 1024w, https:\/\/www.oaxaca.gob.mx\/comunicacion\/wp-content\/uploads\/sites\/28\/2023\/12\/WhatsApp-Image-2023-12-22-at-9.25.35-PM-1-300x200.jpeg 300w, https:\/\/www.oaxaca.gob.mx\/comunicacion\/wp-content\/uploads\/sites\/28\/2023\/12\/WhatsApp-Image-2023-12-22-at-9.25.35-PM-1-768x512.jpeg 768w, https:\/\/www.oaxaca.gob.mx\/comunicacion\/wp-content\/uploads\/sites\/28\/2023\/12\/WhatsApp-Image-2023-12-22-at-9.25.35-PM-1-1536x1023.jpeg 1536w, https:\/\/www.oaxaca.gob.mx\/comunicacion\/wp-content\/uploads\/sites\/28\/2023\/12\/WhatsApp-Image-2023-12-22-at-9.25.35-PM-1.jpeg 1600w\" sizes=\"auto, (max-width: 1024px) 100vw, 1024px\" \/><\/div><\/div><div class=\"su-image-carousel-item\"><div class=\"su-image-carousel-item-content\"><img loading=\"lazy\" decoding=\"async\" width=\"1024\" height=\"682\" src=\"https:\/\/www.oaxaca.gob.mx\/comunicacion\/wp-content\/uploads\/sites\/28\/2023\/12\/WhatsApp-Image-2023-12-22-at-9.25.35-PM-2-1024x682.jpeg\" class=\"\" alt=\"\" srcset=\"https:\/\/www.oaxaca.gob.mx\/comunicacion\/wp-content\/uploads\/sites\/28\/2023\/12\/WhatsApp-Image-2023-12-22-at-9.25.35-PM-2-1024x682.jpeg 1024w, https:\/\/www.oaxaca.gob.mx\/comunicacion\/wp-content\/uploads\/sites\/28\/2023\/12\/WhatsApp-Image-2023-12-22-at-9.25.35-PM-2-300x200.jpeg 300w, https:\/\/www.oaxaca.gob.mx\/comunicacion\/wp-content\/uploads\/sites\/28\/2023\/12\/WhatsApp-Image-2023-12-22-at-9.25.35-PM-2-768x512.jpeg 768w, https:\/\/www.oaxaca.gob.mx\/comunicacion\/wp-content\/uploads\/sites\/28\/2023\/12\/WhatsApp-Image-2023-12-22-at-9.25.35-PM-2-1536x1023.jpeg 1536w, https:\/\/www.oaxaca.gob.mx\/comunicacion\/wp-content\/uploads\/sites\/28\/2023\/12\/WhatsApp-Image-2023-12-22-at-9.25.35-PM-2.jpeg 1600w\" sizes=\"auto, (max-width: 1024px) 100vw, 1024px\" \/><\/div><\/div><div class=\"su-image-carousel-item\"><div class=\"su-image-carousel-item-content\"><img loading=\"lazy\" decoding=\"async\" width=\"1024\" height=\"682\" src=\"https:\/\/www.oaxaca.gob.mx\/comunicacion\/wp-content\/uploads\/sites\/28\/2023\/12\/WhatsApp-Image-2023-12-22-at-9.25.35-PM-1024x682.jpeg\" class=\"\" alt=\"\" srcset=\"https:\/\/www.oaxaca.gob.mx\/comunicacion\/wp-content\/uploads\/sites\/28\/2023\/12\/WhatsApp-Image-2023-12-22-at-9.25.35-PM-1024x682.jpeg 1024w, https:\/\/www.oaxaca.gob.mx\/comunicacion\/wp-content\/uploads\/sites\/28\/2023\/12\/WhatsApp-Image-2023-12-22-at-9.25.35-PM-300x200.jpeg 300w, https:\/\/www.oaxaca.gob.mx\/comunicacion\/wp-content\/uploads\/sites\/28\/2023\/12\/WhatsApp-Image-2023-12-22-at-9.25.35-PM-768x512.jpeg 768w, https:\/\/www.oaxaca.gob.mx\/comunicacion\/wp-content\/uploads\/sites\/28\/2023\/12\/WhatsApp-Image-2023-12-22-at-9.25.35-PM-1536x1023.jpeg 1536w, https:\/\/www.oaxaca.gob.mx\/comunicacion\/wp-content\/uploads\/sites\/28\/2023\/12\/WhatsApp-Image-2023-12-22-at-9.25.35-PM.jpeg 1600w\" sizes=\"auto, (max-width: 1024px) 100vw, 1024px\" \/><\/div><\/div><div class=\"su-image-carousel-item\"><div class=\"su-image-carousel-item-content\"><img loading=\"lazy\" decoding=\"async\" width=\"682\" height=\"1024\" src=\"https:\/\/www.oaxaca.gob.mx\/comunicacion\/wp-content\/uploads\/sites\/28\/2023\/12\/WhatsApp-Image-2023-12-22-at-9.25.36-PM-682x1024.jpeg\" class=\"\" alt=\"\" srcset=\"https:\/\/www.oaxaca.gob.mx\/comunicacion\/wp-content\/uploads\/sites\/28\/2023\/12\/WhatsApp-Image-2023-12-22-at-9.25.36-PM-682x1024.jpeg 682w, https:\/\/www.oaxaca.gob.mx\/comunicacion\/wp-content\/uploads\/sites\/28\/2023\/12\/WhatsApp-Image-2023-12-22-at-9.25.36-PM-200x300.jpeg 200w, https:\/\/www.oaxaca.gob.mx\/comunicacion\/wp-content\/uploads\/sites\/28\/2023\/12\/WhatsApp-Image-2023-12-22-at-9.25.36-PM-768x1153.jpeg 768w, https:\/\/www.oaxaca.gob.mx\/comunicacion\/wp-content\/uploads\/sites\/28\/2023\/12\/WhatsApp-Image-2023-12-22-at-9.25.36-PM-1023x1536.jpeg 1023w, https:\/\/www.oaxaca.gob.mx\/comunicacion\/wp-content\/uploads\/sites\/28\/2023\/12\/WhatsApp-Image-2023-12-22-at-9.25.36-PM.jpeg 1066w\" sizes=\"auto, (max-width: 682px) 100vw, 682px\" \/><\/div><\/div><\/div><script id=\"su_image_carousel_69ee505108b89_script\">if(window.SUImageCarousel){setTimeout(function() {window.SUImageCarousel.initGallery(document.getElementById(\"su_image_carousel_69ee505108b89\"))}, 0);}var su_image_carousel_69ee505108b89_script=document.getElementById(\"su_image_carousel_69ee505108b89_script\");if(su_image_carousel_69ee505108b89_script){su_image_carousel_69ee505108b89_script.parentNode.removeChild(su_image_carousel_69ee505108b89_script);}<\/script><\/div>\n<div><\/div>\n","protected":false},"excerpt":{"rendered":"<p>Oaxaca de Ju\u00e1rez, Oax. 22 de diciembre de 2023.- R\u00e1banos gigantes, marmotas, carros empujables, as\u00ed como peque\u00f1os tub\u00e9rculos, hojas de totomoxtle y flor inmortal acompa\u00f1aron los carros aleg\u00f3ricos que en conjunto llenaron de color las calles de Oaxaca con el Primer Desfile de Noche de R\u00e1banos que el Gobierno del Estado realiz\u00f3 en el marco [&hellip;]<\/p>\n","protected":false},"author":29,"featured_media":116541,"comment_status":"open","ping_status":"open","sticky":false,"template":"","format":"standard","meta":{"episode_type":"","audio_file":"","podmotor_file_id":"","podmotor_episode_id":"","cover_image":"","cover_image_id":"","duration":"","filesize":"","filesize_raw":"","date_recorded":"","explicit":"","block":"","itunes_episode_number":"","itunes_title":"","itunes_season_number":"","itunes_episode_type":"","footnotes":""},"categories":[6,7,8],"tags":[],"class_list":["post-116538","post","type-post","status-publish","format-standard","has-post-thumbnail","hentry","category-destacado","category-slide","category-noticias"],"acf":[],"publishpress_future_action":{"enabled":false,"date":"2026-05-03 11:50:09","action":"change-status","newStatus":"draft","terms":[],"taxonomy":"category","extraData":[]},"publishpress_future_workflow_manual_trigger":{"enabledWorkflows":[]},"_links":{"self":[{"href":"https:\/\/www.oaxaca.gob.mx\/comunicacion\/wp-json\/wp\/v2\/posts\/116538","targetHints":{"allow":["GET"]}}],"collection":[{"href":"https:\/\/www.oaxaca.gob.mx\/comunicacion\/wp-json\/wp\/v2\/posts"}],"about":[{"href":"https:\/\/www.oaxaca.gob.mx\/comunicacion\/wp-json\/wp\/v2\/types\/post"}],"author":[{"embeddable":true,"href":"https:\/\/www.oaxaca.gob.mx\/comunicacion\/wp-json\/wp\/v2\/users\/29"}],"replies":[{"embeddable":true,"href":"https:\/\/www.oaxaca.gob.mx\/comunicacion\/wp-json\/wp\/v2\/comments?post=116538"}],"version-history":[{"count":1,"href":"https:\/\/www.oaxaca.gob.mx\/comunicacion\/wp-json\/wp\/v2\/posts\/116538\/revisions"}],"predecessor-version":[{"id":116548,"href":"https:\/\/www.oaxaca.gob.mx\/comunicacion\/wp-json\/wp\/v2\/posts\/116538\/revisions\/116548"}],"wp:featuredmedia":[{"embeddable":true,"href":"https:\/\/www.oaxaca.gob.mx\/comunicacion\/wp-json\/wp\/v2\/media\/116541"}],"wp:attachment":[{"href":"https:\/\/www.oaxaca.gob.mx\/comunicacion\/wp-json\/wp\/v2\/media?parent=116538"}],"wp:term":[{"taxonomy":"category","embeddable":true,"href":"https:\/\/www.oaxaca.gob.mx\/comunicacion\/wp-json\/wp\/v2\/categories?post=116538"},{"taxonomy":"post_tag","embeddable":true,"href":"https:\/\/www.oaxaca.gob.mx\/comunicacion\/wp-json\/wp\/v2\/tags?post=116538"}],"curies":[{"name":"wp","href":"https:\/\/api.w.org\/{rel}","templated":true}]}}