{"id":108170,"date":"2023-09-01T10:26:20","date_gmt":"2023-09-01T16:26:20","guid":{"rendered":"https:\/\/www.oaxaca.gob.mx\/comunicacion\/?p=108170"},"modified":"2023-09-01T10:37:39","modified_gmt":"2023-09-01T16:37:39","slug":"proyectos-estrategicos-y-carreteras-traeran-desarrollo-a-oaxaca-afirma-gobernador-salomon-jara-cruz","status":"publish","type":"post","link":"https:\/\/www.oaxaca.gob.mx\/comunicacion\/proyectos-estrategicos-y-carreteras-traeran-desarrollo-a-oaxaca-afirma-gobernador-salomon-jara-cruz\/","title":{"rendered":"Proyectos estrat\u00e9gicos y carreteras traer\u00e1n desarrollo a Oaxaca, afirma Gobernador Salom\u00f3n Jara Cruz"},"content":{"rendered":"<div class=\"su-image-carousel  su-image-carousel-has-spacing su-image-carousel-crop su-image-carousel-crop-21-9 su-image-carousel-has-outline su-image-carousel-adaptive su-image-carousel-slides-style-default su-image-carousel-controls-style-dark su-image-carousel-align-none\" style=\"\" data-flickity-options='{\"groupCells\":true,\"cellSelector\":\".su-image-carousel-item\",\"adaptiveHeight\":false,\"cellAlign\":\"left\",\"prevNextButtons\":true,\"pageDots\":true,\"autoPlay\":5000,\"imagesLoaded\":true,\"contain\":true,\"selectedAttraction\":0.025,\"friction\":0.28}' id=\"su_image_carousel_69ee553ff1734\"><div class=\"su-image-carousel-item\"><div class=\"su-image-carousel-item-content\"><img loading=\"lazy\" decoding=\"async\" width=\"1024\" height=\"682\" src=\"https:\/\/www.oaxaca.gob.mx\/comunicacion\/wp-content\/uploads\/sites\/28\/2023\/09\/JUEVES-DE-GOZONA-4.jpeg\" class=\"\" alt=\"\" srcset=\"https:\/\/www.oaxaca.gob.mx\/comunicacion\/wp-content\/uploads\/sites\/28\/2023\/09\/JUEVES-DE-GOZONA-4.jpeg 1024w, https:\/\/www.oaxaca.gob.mx\/comunicacion\/wp-content\/uploads\/sites\/28\/2023\/09\/JUEVES-DE-GOZONA-4-300x200.jpeg 300w, https:\/\/www.oaxaca.gob.mx\/comunicacion\/wp-content\/uploads\/sites\/28\/2023\/09\/JUEVES-DE-GOZONA-4-768x512.jpeg 768w\" sizes=\"auto, (max-width: 1024px) 100vw, 1024px\" \/><span><\/span><\/div><\/div><\/div><script id=\"su_image_carousel_69ee553ff1734_script\">if(window.SUImageCarousel){setTimeout(function() {window.SUImageCarousel.initGallery(document.getElementById(\"su_image_carousel_69ee553ff1734\"))}, 0);}var su_image_carousel_69ee553ff1734_script=document.getElementById(\"su_image_carousel_69ee553ff1734_script\");if(su_image_carousel_69ee553ff1734_script){su_image_carousel_69ee553ff1734_script.parentNode.removeChild(su_image_carousel_69ee553ff1734_script);}<\/script>\n<div class=\"su-heading su-heading-style-default su-heading-align-center\" id=\"\" style=\"font-size:13px;margin-bottom:20px\"><div class=\"su-heading-inner\">Con la puesta en marcha del Corredor Interoce\u00e1nico y la supercarretera a la Costa, la entidad se prepara para recibir inversiones y ser un polo tur\u00edstico a nivel internacional<\/div><\/div>\n<p>Oaxaca de Ju\u00e1rez, Oax. 1 de septiembre de 2023.- Gracias a la culminaci\u00f3n y puesta en marcha de proyectos estrat\u00e9gicos como el Corredor Interoce\u00e1nico y la supercarretera a la Costa, la entidad se prepara para recibir inversiones nacionales e internacionales, y consolidar su vocaci\u00f3n tur\u00edstica que estar\u00e1 a niveles de los mejores destinos del mundo, asegur\u00f3 el Gobernador del Estado Salom\u00f3n Jara Cruz.<\/p>\n<p>En el programa de televisi\u00f3n semanal Jueves de Gozona que se transmite por la se\u00f1al de la Corporaci\u00f3n Oaxaque\u00f1a de Radio y Televisi\u00f3n (Cortv) el Mandatario Estatal asegur\u00f3 que para responder a las necesidades del crecimiento de zonas como Puerto Escondido, se trabaja en la ampliaci\u00f3n del aeropuerto que se ubica en dicho destino de playa, el cual contempla una inversi\u00f3n de 2 mil millones de pesos.<\/p>\n<p>\u201cVamos a tener muchas necesidades y nos tenemos que preparar para la llegada de turismo e inversiones a esta zona\u201d, destac\u00f3 Jara Cruz.<\/p>\n<p>En el bloque de programa donde dialog\u00f3 con periodistas, el Mandatario Oaxaque\u00f1o dijo que el Corredor Interoce\u00e1nico ser\u00e1 uno de los proyectos m\u00e1s importantes del pa\u00eds al conectar de Salina Cruz a Coatzacoalcos, ruta de donde se podr\u00e1 trasladar mercanc\u00eda al este de Estados Unidos.<\/p>\n<p>Detall\u00f3 que ser\u00e1 una oportunidad de inversi\u00f3n donde habr\u00e1 10 polos de desarrollo Bienestar en dicho Corredor, por lo que ya se trabaja en posicionarlo ante el empresariado que podr\u00eda arribar a la entidad.<\/p>\n<p>Referente al espacio denominado Punta Colorada en Puerto Escondido, el cual ha sido el mot\u00edn de una disputa por diferentes actores, el Gobernador Salom\u00f3n Jara<strong>\u00a0<\/strong>dej\u00f3 claro que ese pol\u00edgono es propiedad del Gobierno Estatal y ser\u00e1 una decisi\u00f3n conjunta con el pueblo para determinar qu\u00e9 proyecto se ejecutar\u00e1 en ese lugar.<\/p>\n<p>\u201cVamos a platicar con todos los sectores sociales, econ\u00f3micos y pol\u00edticos, y tomaremos en cuenta al pueblo; hay propuestas para realizar proyectos en esa zona\u201d, manifest\u00f3.<\/p>\n<p><strong>Oaxaca, prioridad del Presidente Andr\u00e9s Manuel L\u00f3pez Obrador<\/strong><\/p>\n<p>Durante esta charla el Gobernador Salom\u00f3n Jara destac\u00f3 la visita del Presidente de M\u00e9xico Andr\u00e9s Manuel L\u00f3pez Obrador, quien estuvo en d\u00edas pasados en Santiago Pinotepa Nacional, donde inform\u00f3 sobre los programas de desarrollo social, en los que se han invertido 35 mil millones de pesos.<\/p>\n<p>Dijo que parte de los beneficios de los Programas Bienestar se ven reflejados en la pensi\u00f3n otorgada a personas adultas mayores, quienes al inicio del gobierno del Presidente recib\u00edan mil 160 pesos y ahora son beneficiadas con 4 mil 800 pesos bimestrales y \u201cen enero recibir\u00e1n un poco m\u00e1s de 6 mil pesos\u201d, asegur\u00f3.<\/p>\n<p>Como parte de esta visita tambi\u00e9n estuvieron en Huatulco, donde se realiz\u00f3 la evaluaci\u00f3n del Plan de Apoyo a Personas Afectadas por el Hurac\u00e1n Agatha, luego de que en mayo de 2022, 31 municipios sufrieron los estragos de este fen\u00f3meno meteorol\u00f3gico, por lo que se implement\u00f3 un nuevo modelo de entrega de recursos que ascendi\u00f3 a mil 190 millones de pesos, para atender la devastaci\u00f3n en esa zona.<\/p>\n<p>De igual forma, dijo, aprovecharon la visita para recorrer los avances de las obras de la supercarretera de Barranca Larga-Ventanilla.<\/p>\n<p>Finalmente, Jara Cruz habl\u00f3 sobre el apoyo a las juventudes de Oaxaca, referente a una convocatoria para otorgar cr\u00e9ditos a este sector poblacional a trav\u00e9s de la Secretar\u00eda de Bienestar, Tequio e Inclusi\u00f3n.<\/p>\n<p>\u201cLa juventud son caldo de cultivo para la delincuencia, tenemos que responder sus necesidades, como lo ha hecho el Gobierno de M\u00e9xico con el programa J\u00f3venes Construyendo el Futuro\u201d, expres\u00f3.<\/p>\n<p>Por ello dijo, \u201cse les tiene que dar la oportunidad para emprender un negocio o proyectos productivos con apoyos de microcr\u00e9ditos\u201d, concluy\u00f3.<\/p>\n<p style=\"text-align: center\"><strong>-0-<\/strong><\/p>\n<div class=\"su-image-carousel  su-image-carousel-has-spacing su-image-carousel-crop su-image-carousel-crop-16-10 su-image-carousel-has-outline su-image-carousel-adaptive su-image-carousel-slides-style-default su-image-carousel-controls-style-dark su-image-carousel-align-none\" style=\"\" data-flickity-options='{\"groupCells\":true,\"cellSelector\":\".su-image-carousel-item\",\"adaptiveHeight\":false,\"cellAlign\":\"left\",\"prevNextButtons\":true,\"pageDots\":true,\"autoPlay\":5000,\"imagesLoaded\":true,\"contain\":true,\"selectedAttraction\":0.025,\"friction\":0.28}' id=\"su_image_carousel_69ee553ff1f91\"><div class=\"su-image-carousel-item\"><div class=\"su-image-carousel-item-content\"><img loading=\"lazy\" decoding=\"async\" width=\"1024\" height=\"682\" src=\"https:\/\/www.oaxaca.gob.mx\/comunicacion\/wp-content\/uploads\/sites\/28\/2023\/09\/JUEVES-DE-GOZONA-6.jpeg\" class=\"\" alt=\"\" srcset=\"https:\/\/www.oaxaca.gob.mx\/comunicacion\/wp-content\/uploads\/sites\/28\/2023\/09\/JUEVES-DE-GOZONA-6.jpeg 1024w, https:\/\/www.oaxaca.gob.mx\/comunicacion\/wp-content\/uploads\/sites\/28\/2023\/09\/JUEVES-DE-GOZONA-6-300x200.jpeg 300w, https:\/\/www.oaxaca.gob.mx\/comunicacion\/wp-content\/uploads\/sites\/28\/2023\/09\/JUEVES-DE-GOZONA-6-768x512.jpeg 768w\" sizes=\"auto, (max-width: 1024px) 100vw, 1024px\" \/><span><\/span><\/div><\/div><div class=\"su-image-carousel-item\"><div class=\"su-image-carousel-item-content\"><img loading=\"lazy\" decoding=\"async\" width=\"970\" height=\"646\" src=\"https:\/\/www.oaxaca.gob.mx\/comunicacion\/wp-content\/uploads\/sites\/28\/2023\/09\/JUEVES-DE-GOZONA-1.jpg\" class=\"\" alt=\"\" srcset=\"https:\/\/www.oaxaca.gob.mx\/comunicacion\/wp-content\/uploads\/sites\/28\/2023\/09\/JUEVES-DE-GOZONA-1.jpg 970w, https:\/\/www.oaxaca.gob.mx\/comunicacion\/wp-content\/uploads\/sites\/28\/2023\/09\/JUEVES-DE-GOZONA-1-300x200.jpg 300w, https:\/\/www.oaxaca.gob.mx\/comunicacion\/wp-content\/uploads\/sites\/28\/2023\/09\/JUEVES-DE-GOZONA-1-768x511.jpg 768w\" sizes=\"auto, (max-width: 970px) 100vw, 970px\" \/><span><\/span><\/div><\/div><div class=\"su-image-carousel-item\"><div class=\"su-image-carousel-item-content\"><img loading=\"lazy\" decoding=\"async\" width=\"970\" height=\"646\" src=\"https:\/\/www.oaxaca.gob.mx\/comunicacion\/wp-content\/uploads\/sites\/28\/2023\/09\/JUEVES-DE-GOZONA-2.jpg\" class=\"\" alt=\"\" srcset=\"https:\/\/www.oaxaca.gob.mx\/comunicacion\/wp-content\/uploads\/sites\/28\/2023\/09\/JUEVES-DE-GOZONA-2.jpg 970w, https:\/\/www.oaxaca.gob.mx\/comunicacion\/wp-content\/uploads\/sites\/28\/2023\/09\/JUEVES-DE-GOZONA-2-300x200.jpg 300w, https:\/\/www.oaxaca.gob.mx\/comunicacion\/wp-content\/uploads\/sites\/28\/2023\/09\/JUEVES-DE-GOZONA-2-768x511.jpg 768w\" sizes=\"auto, (max-width: 970px) 100vw, 970px\" \/><span><\/span><\/div><\/div><div class=\"su-image-carousel-item\"><div class=\"su-image-carousel-item-content\"><img loading=\"lazy\" decoding=\"async\" width=\"1024\" height=\"682\" src=\"https:\/\/www.oaxaca.gob.mx\/comunicacion\/wp-content\/uploads\/sites\/28\/2023\/09\/JUEVES-DE-GOZONA-3-1024x682.jpeg\" class=\"\" alt=\"\" srcset=\"https:\/\/www.oaxaca.gob.mx\/comunicacion\/wp-content\/uploads\/sites\/28\/2023\/09\/JUEVES-DE-GOZONA-3-1024x682.jpeg 1024w, https:\/\/www.oaxaca.gob.mx\/comunicacion\/wp-content\/uploads\/sites\/28\/2023\/09\/JUEVES-DE-GOZONA-3-300x200.jpeg 300w, https:\/\/www.oaxaca.gob.mx\/comunicacion\/wp-content\/uploads\/sites\/28\/2023\/09\/JUEVES-DE-GOZONA-3-768x512.jpeg 768w, https:\/\/www.oaxaca.gob.mx\/comunicacion\/wp-content\/uploads\/sites\/28\/2023\/09\/JUEVES-DE-GOZONA-3-1536x1023.jpeg 1536w, https:\/\/www.oaxaca.gob.mx\/comunicacion\/wp-content\/uploads\/sites\/28\/2023\/09\/JUEVES-DE-GOZONA-3.jpeg 1600w\" sizes=\"auto, (max-width: 1024px) 100vw, 1024px\" \/><span><\/span><\/div><\/div><div class=\"su-image-carousel-item\"><div class=\"su-image-carousel-item-content\"><img loading=\"lazy\" decoding=\"async\" width=\"1024\" height=\"682\" src=\"https:\/\/www.oaxaca.gob.mx\/comunicacion\/wp-content\/uploads\/sites\/28\/2023\/09\/JUEVES-DE-GOZONA-4.jpeg\" class=\"\" alt=\"\" srcset=\"https:\/\/www.oaxaca.gob.mx\/comunicacion\/wp-content\/uploads\/sites\/28\/2023\/09\/JUEVES-DE-GOZONA-4.jpeg 1024w, https:\/\/www.oaxaca.gob.mx\/comunicacion\/wp-content\/uploads\/sites\/28\/2023\/09\/JUEVES-DE-GOZONA-4-300x200.jpeg 300w, https:\/\/www.oaxaca.gob.mx\/comunicacion\/wp-content\/uploads\/sites\/28\/2023\/09\/JUEVES-DE-GOZONA-4-768x512.jpeg 768w\" sizes=\"auto, (max-width: 1024px) 100vw, 1024px\" \/><span><\/span><\/div><\/div><div class=\"su-image-carousel-item\"><div class=\"su-image-carousel-item-content\"><img loading=\"lazy\" decoding=\"async\" width=\"1024\" height=\"682\" src=\"https:\/\/www.oaxaca.gob.mx\/comunicacion\/wp-content\/uploads\/sites\/28\/2023\/09\/JUEVES-DE-GOZONA-7.jpeg\" class=\"\" alt=\"\" srcset=\"https:\/\/www.oaxaca.gob.mx\/comunicacion\/wp-content\/uploads\/sites\/28\/2023\/09\/JUEVES-DE-GOZONA-7.jpeg 1024w, https:\/\/www.oaxaca.gob.mx\/comunicacion\/wp-content\/uploads\/sites\/28\/2023\/09\/JUEVES-DE-GOZONA-7-300x200.jpeg 300w, https:\/\/www.oaxaca.gob.mx\/comunicacion\/wp-content\/uploads\/sites\/28\/2023\/09\/JUEVES-DE-GOZONA-7-768x512.jpeg 768w\" sizes=\"auto, (max-width: 1024px) 100vw, 1024px\" \/><span><\/span><\/div><\/div><div class=\"su-image-carousel-item\"><div class=\"su-image-carousel-item-content\"><img loading=\"lazy\" decoding=\"async\" width=\"1024\" height=\"682\" src=\"https:\/\/www.oaxaca.gob.mx\/comunicacion\/wp-content\/uploads\/sites\/28\/2023\/09\/JUEVES-DE-GOZONA-5.jpeg\" class=\"\" alt=\"\" srcset=\"https:\/\/www.oaxaca.gob.mx\/comunicacion\/wp-content\/uploads\/sites\/28\/2023\/09\/JUEVES-DE-GOZONA-5.jpeg 1024w, https:\/\/www.oaxaca.gob.mx\/comunicacion\/wp-content\/uploads\/sites\/28\/2023\/09\/JUEVES-DE-GOZONA-5-300x200.jpeg 300w, https:\/\/www.oaxaca.gob.mx\/comunicacion\/wp-content\/uploads\/sites\/28\/2023\/09\/JUEVES-DE-GOZONA-5-768x512.jpeg 768w\" sizes=\"auto, (max-width: 1024px) 100vw, 1024px\" \/><span><\/span><\/div><\/div><\/div><script id=\"su_image_carousel_69ee553ff1f91_script\">if(window.SUImageCarousel){setTimeout(function() {window.SUImageCarousel.initGallery(document.getElementById(\"su_image_carousel_69ee553ff1f91\"))}, 0);}var su_image_carousel_69ee553ff1f91_script=document.getElementById(\"su_image_carousel_69ee553ff1f91_script\");if(su_image_carousel_69ee553ff1f91_script){su_image_carousel_69ee553ff1f91_script.parentNode.removeChild(su_image_carousel_69ee553ff1f91_script);}<\/script>\n","protected":false},"excerpt":{"rendered":"<p>Oaxaca de Ju\u00e1rez, Oax. 1 de septiembre de 2023.- Gracias a la culminaci\u00f3n y puesta en marcha de proyectos estrat\u00e9gicos como el Corredor Interoce\u00e1nico y la supercarretera a la Costa, la entidad se prepara para recibir inversiones nacionales e internacionales, y consolidar su vocaci\u00f3n tur\u00edstica que estar\u00e1 a niveles de los mejores destinos del mundo, [&hellip;]<\/p>\n","protected":false},"author":29,"featured_media":108178,"comment_status":"open","ping_status":"open","sticky":false,"template":"","format":"standard","meta":{"episode_type":"","audio_file":"","podmotor_file_id":"","podmotor_episode_id":"","cover_image":"","cover_image_id":"","duration":"","filesize":"","filesize_raw":"","date_recorded":"","explicit":"","block":"","itunes_episode_number":"","itunes_title":"","itunes_season_number":"","itunes_episode_type":"","footnotes":""},"categories":[7],"tags":[1118],"class_list":["post-108170","post","type-post","status-publish","format-standard","has-post-thumbnail","hentry","category-slide","tag-gobernador-salomon-jara-cruz"],"acf":[],"publishpress_future_action":{"enabled":false,"date":"2026-05-03 12:11:11","action":"change-status","newStatus":"draft","terms":[],"taxonomy":"category","extraData":[]},"publishpress_future_workflow_manual_trigger":{"enabledWorkflows":[]},"_links":{"self":[{"href":"https:\/\/www.oaxaca.gob.mx\/comunicacion\/wp-json\/wp\/v2\/posts\/108170","targetHints":{"allow":["GET"]}}],"collection":[{"href":"https:\/\/www.oaxaca.gob.mx\/comunicacion\/wp-json\/wp\/v2\/posts"}],"about":[{"href":"https:\/\/www.oaxaca.gob.mx\/comunicacion\/wp-json\/wp\/v2\/types\/post"}],"author":[{"embeddable":true,"href":"https:\/\/www.oaxaca.gob.mx\/comunicacion\/wp-json\/wp\/v2\/users\/29"}],"replies":[{"embeddable":true,"href":"https:\/\/www.oaxaca.gob.mx\/comunicacion\/wp-json\/wp\/v2\/comments?post=108170"}],"version-history":[{"count":2,"href":"https:\/\/www.oaxaca.gob.mx\/comunicacion\/wp-json\/wp\/v2\/posts\/108170\/revisions"}],"predecessor-version":[{"id":108180,"href":"https:\/\/www.oaxaca.gob.mx\/comunicacion\/wp-json\/wp\/v2\/posts\/108170\/revisions\/108180"}],"wp:featuredmedia":[{"embeddable":true,"href":"https:\/\/www.oaxaca.gob.mx\/comunicacion\/wp-json\/wp\/v2\/media\/108178"}],"wp:attachment":[{"href":"https:\/\/www.oaxaca.gob.mx\/comunicacion\/wp-json\/wp\/v2\/media?parent=108170"}],"wp:term":[{"taxonomy":"category","embeddable":true,"href":"https:\/\/www.oaxaca.gob.mx\/comunicacion\/wp-json\/wp\/v2\/categories?post=108170"},{"taxonomy":"post_tag","embeddable":true,"href":"https:\/\/www.oaxaca.gob.mx\/comunicacion\/wp-json\/wp\/v2\/tags?post=108170"}],"curies":[{"name":"wp","href":"https:\/\/api.w.org\/{rel}","templated":true}]}}