{"id":4694,"date":"2024-11-29T15:58:48","date_gmt":"2024-11-29T21:58:48","guid":{"rendered":"https:\/\/www.oaxaca.gob.mx\/coesfo\/?p=4694"},"modified":"2024-11-29T16:12:47","modified_gmt":"2024-11-29T22:12:47","slug":"recibimos-en-oaxaca-la-visita-de-olimpia-coral-melo-feminista-e-impulsora-de-la-ley-olimpia","status":"publish","type":"post","link":"https:\/\/www.oaxaca.gob.mx\/coesfo\/recibimos-en-oaxaca-la-visita-de-olimpia-coral-melo-feminista-e-impulsora-de-la-ley-olimpia\/","title":{"rendered":"RECIBIMOS EN OAXACA LA VISITA DE OLIMPIA CORAL MELO, FEMINISTA E IMPULSORA DE LA LEY OLIMPIA"},"content":{"rendered":"<h6>27 de noviembre del 2024<\/h6>\n<p>&nbsp;<\/p>\n<h4>Por invitaci\u00f3n de la <strong><span class=\"html-span xdj266r x11i5rnm xat24cr x1mh8g0r xexx8yu x4uap5 x18d9i69 xkhd6sd x1hl2dhg x16tdsg8 x1vvkbs\"><span class=\"xt0psk2\">Secretar\u00eda de las Mujeres<\/span><\/span><\/strong>, y acompa\u00f1ando a nuestra compa\u00f1era <span class=\"html-span xdj266r x11i5rnm xat24cr x1mh8g0r xexx8yu x4uap5 x18d9i69 xkhd6sd x1hl2dhg x16tdsg8 x1vvkbs\"><span class=\"xt0psk2\">Anah\u00ed Sarmiento P\u00e9rez<\/span><\/span>, asistimos a la ponencia \u201cLo virtual es real, violencia digital y seguridad en internet\u201d.<\/h4>\n<div class=\"x11i5rnm xat24cr x1mh8g0r x1vvkbs xtlvy1s x126k92a\">\n<h4 dir=\"auto\">Desde la direcci\u00f3n general de la <strong><span class=\"html-span xdj266r x11i5rnm xat24cr x1mh8g0r xexx8yu x4uap5 x18d9i69 xkhd6sd x1hl2dhg x16tdsg8 x1vvkbs\"><span class=\"xt0psk2\">Comisi\u00f3n Estatal Forestal<\/span><\/span><\/strong> refrendamos el compromiso de la <em><span class=\"html-span xdj266r x11i5rnm xat24cr x1mh8g0r xexx8yu x4uap5 x18d9i69 xkhd6sd x1hl2dhg x16tdsg8 x1vvkbs\">Primavera Oaxaque\u00f1a<\/span><\/em> por impulsar acciones que mejore la convivencia entre todas y todos, teniendo como eje el contribuir a la creaci\u00f3n de un entorno respetuoso.<\/h4>\n<hr \/>\n\r\n<div class=\"gdgallery-gallery-container\" id=\"gdgallery-container-26\" data-id=\"26\">\r\n    \r\n<div id=\"gdgallery_container_26\" style=\"display:none;\" data-view=\"tiles\">\r\n\t        <a href=\"\">\r\n            <img decoding=\"async\" alt=\"\"\r\n                 data-type=\"image\"\r\n                 src=\"https:\/\/www.oaxaca.gob.mx\/coesfo\/wp-content\/uploads\/sites\/44\/2024\/11\/27-11-24-02-1.jpg\"\r\n                 data-image=\"https:\/\/www.oaxaca.gob.mx\/coesfo\/wp-content\/uploads\/sites\/44\/2024\/11\/27-11-24-02-1.jpg\"\r\n                 data-description=\"\"\r\n\t\t\t\t                 style=\"display:block\">\r\n        <\/a>\r\n\t        <a href=\"\">\r\n            <img decoding=\"async\" alt=\"\"\r\n                 data-type=\"image\"\r\n                 src=\"https:\/\/www.oaxaca.gob.mx\/coesfo\/wp-content\/uploads\/sites\/44\/2024\/11\/27-11-24-02-2.jpg\"\r\n                 data-image=\"https:\/\/www.oaxaca.gob.mx\/coesfo\/wp-content\/uploads\/sites\/44\/2024\/11\/27-11-24-02-2.jpg\"\r\n                 data-description=\"\"\r\n\t\t\t\t                 style=\"display:block\">\r\n        <\/a>\r\n\t        <a href=\"\">\r\n            <img decoding=\"async\" alt=\"\"\r\n                 data-type=\"image\"\r\n                 src=\"https:\/\/www.oaxaca.gob.mx\/coesfo\/wp-content\/uploads\/sites\/44\/2024\/11\/27-11-24-02-3.jpg\"\r\n                 data-image=\"https:\/\/www.oaxaca.gob.mx\/coesfo\/wp-content\/uploads\/sites\/44\/2024\/11\/27-11-24-02-3.jpg\"\r\n                 data-description=\"\"\r\n\t\t\t\t                 style=\"display:block\">\r\n        <\/a>\r\n\t        <a href=\"\">\r\n            <img decoding=\"async\" alt=\"\"\r\n                 data-type=\"image\"\r\n                 src=\"https:\/\/www.oaxaca.gob.mx\/coesfo\/wp-content\/uploads\/sites\/44\/2024\/11\/27-11-24-02-4.jpg\"\r\n                 data-image=\"https:\/\/www.oaxaca.gob.mx\/coesfo\/wp-content\/uploads\/sites\/44\/2024\/11\/27-11-24-02-4.jpg\"\r\n                 data-description=\"\"\r\n\t\t\t\t                 style=\"display:block\">\r\n        <\/a>\r\n\t        <a href=\"\">\r\n            <img decoding=\"async\" alt=\"\"\r\n                 data-type=\"image\"\r\n                 src=\"https:\/\/www.oaxaca.gob.mx\/coesfo\/wp-content\/uploads\/sites\/44\/2024\/11\/27-11-24-02-5.jpg\"\r\n                 data-image=\"https:\/\/www.oaxaca.gob.mx\/coesfo\/wp-content\/uploads\/sites\/44\/2024\/11\/27-11-24-02-5.jpg\"\r\n                 data-description=\"\"\r\n\t\t\t\t                 style=\"display:block\">\r\n        <\/a>\r\n\t        <a href=\"\">\r\n            <img decoding=\"async\" alt=\"\"\r\n                 data-type=\"image\"\r\n                 src=\"https:\/\/www.oaxaca.gob.mx\/coesfo\/wp-content\/uploads\/sites\/44\/2024\/11\/27-11-24-02-6.jpg\"\r\n                 data-image=\"https:\/\/www.oaxaca.gob.mx\/coesfo\/wp-content\/uploads\/sites\/44\/2024\/11\/27-11-24-02-6.jpg\"\r\n                 data-description=\"\"\r\n\t\t\t\t                 style=\"display:block\">\r\n        <\/a>\r\n\t<\/div>\r\n\r\n<script type=\"text\/javascript\">\r\n\r\n    (function() {\r\n        var runMyCode = function() {\r\n            jQuery(document).ready(function () {\r\n                var container = jQuery(\"#gdgallery_container_26\");\r\n                container.unitegallery({\"gallery_theme\":\"tiles\",\"tiles_space_between_cols\":10,\"tiles_col_width\":250,\"tiles_min_columns\":\"2\",\"tile_enable_textpanel\":true,\"tile_textpanel_always_on\":true,\"tile_textpanel_title_text_align\":\"center\",\"tile_textpanel_title_font_size\":\"16\",\"tile_textpanel_title_color\":\"#FFFFFF\",\"tile_textpanel_bg_color\":\"#f00\",\"tile_textpanel_bg_opacity\":0.7,\"tile_enable_border\":true,\"tile_border_width\":\"0\",\"tile_border_color\":\"#333333\",\"tile_border_radius\":\"0\",\"tile_enable_overlay\":true,\"tile_enable_image_effect\":true,\"tile_image_effect_type\":\"blur\",\"tile_image_effect_reverse\":true,\"tile_enable_shadow\":false,\"tile_as_link\":false,\"tile_enable_icons\":true,\"tile_show_link_icon\":true,\"tile_textpanel_appear_type\":\"slide\",\"tile_textpanel_position\":\"inside_bottom\",\"tile_link_newpage\":true,\"lightbox_type\":\"wide\",\"lightbox_arrows_offset\":0,\"lightbox_overlay_color\":\"#000000\",\"lightbox_overlay_opacity\":1,\"lightbox_top_panel_opacity\":1,\"lightbox_show_numbers\":true,\"lightbox_numbers_size\":\"15\",\"lightbox_numbers_color\":\"#FFFFFF\",\"lightbox_slider_image_border_width\":\"0\",\"lightbox_slider_image_border_color\":\"#FFFFFF\",\"lightbox_slider_image_border_radius\":0,\"lightbox_slider_image_shadow\":true,\"lightbox_slider_control_swipe\":true,\"lightbox_slider_control_zoom\":true,\"lightbox_slider_image_border\":true,\"lightbox_show_textpanel\":true,\"lightbox_textpanel_enable_title\":true,\"lightbox_textpanel_enable_description\":false,\"lightbox_textpanel_padding_top\":5,\"lightbox_textpanel_padding_bottom\":5,\"lightbox_textpanel_padding_right\":5,\"lightbox_textpanel_padding_left\":5,\"lightbox_textpanel_title_color\":\"#FFFFFF\",\"lightbox_textpanel_title_text_align\":\"center\",\"lightbox_textpanel_title_font_size\":\"16\",\"lightbox_textpanel_desc_color\":\"#FFFFFF\",\"lightbox_textpanel_desc_text_align\":\"center\",\"lightbox_textpanel_desc_font_size\":\"14\"});\r\n            });\r\n        };\r\n        var timer = function() {\r\n            if (window.jQuery) {runMyCode(window.jQuery);}\r\n            else {window.setTimeout(timer, 100);}\r\n        };\r\n        timer();\r\n    })();\r\n<\/script><style>\r\n#gdgallery-container-26 {\r\n    text-align: center}\r\n\r\n.gdgallery-pagination-26{\r\n    text-align: center !important;\r\n}\r\n\r\n.gdgallery-pagination-26 a{\r\n    font-size: 15px !important;\r\n    padding: 8px 13px !important;\r\n    margin: 3px !important;\r\n    border: 1px solid #333333 !important;\r\n    border-radius: 0px !important;\r\n    color: #333333 !important;\r\n    background-color: #FFFFFF !important;\r\n    font-family: monospace !important;\r\n}\r\n\r\n.gdgallery-pagination-26 a:hover, .gdgallery-pagination-26 a.gdgallery-pagination-icon-active{\r\n                  color: #FFFFFF !important;\r\n                  background-color: #333333 !important;\r\n                  border-color: #333333 !important;\r\n              }\r\n\r\n#gdgallery-container-26 .gdgallery_load_more_space{\r\n                      margin-top: 20px !important;\r\n                      text-align: center !important;\r\n                  }\r\n\r\n#gdgallery-container-26 .gdgallery_load_more_space button{\r\n                      padding: 8px 13px !important;\r\n                      font-size: 15px !important;\r\n                      background-color: #333333 !important;\r\n                      color: #FFFFFF !important;\r\n                      border:1px solid #333333 !important;\r\n                      border-radius: 0px !important;\r\n                      font-family: monospace !important;\r\n                  }\r\n#gdgallery-container-26 .gdgallery_load_more_space button:hover{\r\n                      background-color: #FFFFFF !important;\r\n                      color: #333333 !important;\r\n                      border-color: #333333 !important;\r\n                  }\r\n\r\n#gdgallery-container-26 .gdgallery_load_more_space button,\r\n#gdgallery-container-26 .gdgallery_load_more_space button:hover,\r\n#gdgallery-container-26 .gdgallery_load_more_space button:active,\r\n#gdgallery-container-26 .gdgallery_load_more_space button:focus{\r\n  outline: none !important;\r\n}\r\n\r\n#gdgallery-container-26 .gdgallery_loading li{\r\n                      border: 3px solid #333333 !important;\r\n                  }\r\n\r\n.ug-lightbox .ug-lightbox-top-panel-overlay{\r\n    background-color: #000000 !important;\r\n}\r\n\r\n#gdgallery_container_26{}\r\n<\/style>\r\n\r\n\r\n\r\n<\/div>\r\n\r\n\r\n\r\n\r\n\r\n\n<hr \/>\n<p>&nbsp;<\/p>\n<\/div>\n","protected":false},"excerpt":{"rendered":"<p>27 de noviembre del 2024 &nbsp; Por invitaci\u00f3n de la Secretar\u00eda de las Mujeres, y acompa\u00f1ando a nuestra compa\u00f1era Anah\u00ed Sarmiento P\u00e9rez, asistimos a la ponencia \u201cLo virtual es real, violencia digital y seguridad en internet\u201d. Desde la direcci\u00f3n general de la Comisi\u00f3n Estatal Forestal refrendamos el compromiso de la Primavera Oaxaque\u00f1a por impulsar acciones [&hellip;]<\/p>\n","protected":false},"author":53,"featured_media":0,"comment_status":"open","ping_status":"open","sticky":false,"template":"","format":"standard","meta":{"episode_type":"","audio_file":"","podmotor_file_id":"","podmotor_episode_id":"","cover_image":"","cover_image_id":"","duration":"","filesize":"","filesize_raw":"","date_recorded":"","explicit":"","block":"","itunes_episode_number":"","itunes_title":"","itunes_season_number":"","itunes_episode_type":"","footnotes":""},"categories":[1],"tags":[],"class_list":["post-4694","post","type-post","status-publish","format-standard","hentry","category-sin-categoria"],"acf":[],"publishpress_future_action":{"enabled":false,"date":"2026-05-03 04:28:55","action":"change-status","newStatus":"draft","terms":[],"taxonomy":"category","extraData":[]},"publishpress_future_workflow_manual_trigger":{"enabledWorkflows":[]},"_links":{"self":[{"href":"https:\/\/www.oaxaca.gob.mx\/coesfo\/wp-json\/wp\/v2\/posts\/4694","targetHints":{"allow":["GET"]}}],"collection":[{"href":"https:\/\/www.oaxaca.gob.mx\/coesfo\/wp-json\/wp\/v2\/posts"}],"about":[{"href":"https:\/\/www.oaxaca.gob.mx\/coesfo\/wp-json\/wp\/v2\/types\/post"}],"author":[{"embeddable":true,"href":"https:\/\/www.oaxaca.gob.mx\/coesfo\/wp-json\/wp\/v2\/users\/53"}],"replies":[{"embeddable":true,"href":"https:\/\/www.oaxaca.gob.mx\/coesfo\/wp-json\/wp\/v2\/comments?post=4694"}],"version-history":[{"count":1,"href":"https:\/\/www.oaxaca.gob.mx\/coesfo\/wp-json\/wp\/v2\/posts\/4694\/revisions"}],"predecessor-version":[{"id":4704,"href":"https:\/\/www.oaxaca.gob.mx\/coesfo\/wp-json\/wp\/v2\/posts\/4694\/revisions\/4704"}],"wp:attachment":[{"href":"https:\/\/www.oaxaca.gob.mx\/coesfo\/wp-json\/wp\/v2\/media?parent=4694"}],"wp:term":[{"taxonomy":"category","embeddable":true,"href":"https:\/\/www.oaxaca.gob.mx\/coesfo\/wp-json\/wp\/v2\/categories?post=4694"},{"taxonomy":"post_tag","embeddable":true,"href":"https:\/\/www.oaxaca.gob.mx\/coesfo\/wp-json\/wp\/v2\/tags?post=4694"}],"curies":[{"name":"wp","href":"https:\/\/api.w.org\/{rel}","templated":true}]}}