{"id":3908,"date":"2023-08-14T11:11:08","date_gmt":"2023-08-14T17:11:08","guid":{"rendered":"https:\/\/www.oaxaca.gob.mx\/civil\/?p=3908"},"modified":"2023-08-14T11:11:08","modified_gmt":"2023-08-14T17:11:08","slug":"se-capacitan-los-145-oficiales-del-registro-civil-con-el-registro-nacional-de-poblacion-de-identidad","status":"publish","type":"post","link":"https:\/\/www.oaxaca.gob.mx\/civil\/se-capacitan-los-145-oficiales-del-registro-civil-con-el-registro-nacional-de-poblacion-de-identidad\/","title":{"rendered":"Se capacitan los 145 oficiales del Registro Civil con el Registro Nacional de Poblaci\u00f3n de Identidad"},"content":{"rendered":"<p><img loading=\"lazy\" decoding=\"async\" class=\"alignnone size-medium wp-image-3918\" src=\"https:\/\/www.oaxaca.gob.mx\/civil\/wp-content\/uploads\/sites\/57\/2023\/08\/366727982_674951338001373_3479851652448344434_n-300x200.jpg\" alt=\"\" width=\"300\" height=\"200\" srcset=\"https:\/\/www.oaxaca.gob.mx\/civil\/wp-content\/uploads\/sites\/57\/2023\/08\/366727982_674951338001373_3479851652448344434_n-300x200.jpg 300w, https:\/\/www.oaxaca.gob.mx\/civil\/wp-content\/uploads\/sites\/57\/2023\/08\/366727982_674951338001373_3479851652448344434_n-1024x683.jpg 1024w, https:\/\/www.oaxaca.gob.mx\/civil\/wp-content\/uploads\/sites\/57\/2023\/08\/366727982_674951338001373_3479851652448344434_n-768x512.jpg 768w, https:\/\/www.oaxaca.gob.mx\/civil\/wp-content\/uploads\/sites\/57\/2023\/08\/366727982_674951338001373_3479851652448344434_n.jpg 1296w\" sizes=\"auto, (max-width: 300px) 100vw, 300px\" \/><\/p>\n<p>Los 145 oficiales del Registro Civil del Estado de Oaxaca se capacitaron durante cuatro d\u00edas con personal del Registro Nacional de Poblaci\u00f3n e Identidad (Renapo) para seguir profesionalizando su actividad registral en beneficio de las y los oaxaque\u00f1os.<\/p>\n<p>Los encargados de las oficial\u00edas en las 8 regiones del estado, tuvieron la oportunidad de reafirmar sus conocimientos sobre el servicio registral, nacimiento, reconocimiento, matrimonio, defunci\u00f3n, divorcio, adopci\u00f3n, sentencias e inserciones de extranjer\u00eda que brind\u00f3 la encargada de Capacitaci\u00f3n de Renapo con 41 a\u00f1os de trayectoria en la instituci\u00f3n, Guillermina Mar\u00eda Santiago Rodr\u00edguez.<\/p>\n<p><img loading=\"lazy\" decoding=\"async\" class=\"alignnone size-medium wp-image-3912\" src=\"https:\/\/www.oaxaca.gob.mx\/civil\/wp-content\/uploads\/sites\/57\/2023\/08\/366647168_674951638001343_9034307364029253906_n-300x200.jpg\" alt=\"\" width=\"300\" height=\"200\" srcset=\"https:\/\/www.oaxaca.gob.mx\/civil\/wp-content\/uploads\/sites\/57\/2023\/08\/366647168_674951638001343_9034307364029253906_n-300x200.jpg 300w, https:\/\/www.oaxaca.gob.mx\/civil\/wp-content\/uploads\/sites\/57\/2023\/08\/366647168_674951638001343_9034307364029253906_n-1024x683.jpg 1024w, https:\/\/www.oaxaca.gob.mx\/civil\/wp-content\/uploads\/sites\/57\/2023\/08\/366647168_674951638001343_9034307364029253906_n-768x512.jpg 768w, https:\/\/www.oaxaca.gob.mx\/civil\/wp-content\/uploads\/sites\/57\/2023\/08\/366647168_674951638001343_9034307364029253906_n.jpg 1296w\" sizes=\"auto, (max-width: 300px) 100vw, 300px\" \/> <img loading=\"lazy\" decoding=\"async\" class=\"alignnone size-medium wp-image-3913\" src=\"https:\/\/www.oaxaca.gob.mx\/civil\/wp-content\/uploads\/sites\/57\/2023\/08\/366706395_674951418001365_5938381069596204262_n-300x200.jpg\" alt=\"\" width=\"300\" height=\"200\" srcset=\"https:\/\/www.oaxaca.gob.mx\/civil\/wp-content\/uploads\/sites\/57\/2023\/08\/366706395_674951418001365_5938381069596204262_n-300x200.jpg 300w, https:\/\/www.oaxaca.gob.mx\/civil\/wp-content\/uploads\/sites\/57\/2023\/08\/366706395_674951418001365_5938381069596204262_n-1024x683.jpg 1024w, https:\/\/www.oaxaca.gob.mx\/civil\/wp-content\/uploads\/sites\/57\/2023\/08\/366706395_674951418001365_5938381069596204262_n-768x512.jpg 768w, https:\/\/www.oaxaca.gob.mx\/civil\/wp-content\/uploads\/sites\/57\/2023\/08\/366706395_674951418001365_5938381069596204262_n.jpg 1296w\" sizes=\"auto, (max-width: 300px) 100vw, 300px\" \/> <img loading=\"lazy\" decoding=\"async\" class=\"alignnone size-medium wp-image-3911\" src=\"https:\/\/www.oaxaca.gob.mx\/civil\/wp-content\/uploads\/sites\/57\/2023\/08\/366604435_674951624668011_6737191296986408215_n-300x200.jpg\" alt=\"\" width=\"300\" height=\"200\" srcset=\"https:\/\/www.oaxaca.gob.mx\/civil\/wp-content\/uploads\/sites\/57\/2023\/08\/366604435_674951624668011_6737191296986408215_n-300x200.jpg 300w, https:\/\/www.oaxaca.gob.mx\/civil\/wp-content\/uploads\/sites\/57\/2023\/08\/366604435_674951624668011_6737191296986408215_n-1024x683.jpg 1024w, https:\/\/www.oaxaca.gob.mx\/civil\/wp-content\/uploads\/sites\/57\/2023\/08\/366604435_674951624668011_6737191296986408215_n-768x512.jpg 768w, https:\/\/www.oaxaca.gob.mx\/civil\/wp-content\/uploads\/sites\/57\/2023\/08\/366604435_674951624668011_6737191296986408215_n.jpg 1296w\" sizes=\"auto, (max-width: 300px) 100vw, 300px\" \/><\/p>\n<p>La capacitaci\u00f3n se realiz\u00f3 gracias a las gestiones de la directora del organismo, Dulce Bel\u00e9n Uribe Mendoza, quien est\u00e1 interesada en que las comunidades y grupos vulnerables de Oaxaca tengan atenci\u00f3n prioritaria de calidad que garantice que la certeza jur\u00eddica llegue\u00a0 a todas y todos de forma transparente y expedita.<\/p>\n<p>&nbsp;<\/p>\n<p><img loading=\"lazy\" decoding=\"async\" class=\"alignnone size-medium wp-image-3910\" src=\"https:\/\/www.oaxaca.gob.mx\/civil\/wp-content\/uploads\/sites\/57\/2023\/08\/366553637_674951571334683_6938026727179027063_n-300x200.jpg\" alt=\"\" width=\"300\" height=\"200\" srcset=\"https:\/\/www.oaxaca.gob.mx\/civil\/wp-content\/uploads\/sites\/57\/2023\/08\/366553637_674951571334683_6938026727179027063_n-300x200.jpg 300w, https:\/\/www.oaxaca.gob.mx\/civil\/wp-content\/uploads\/sites\/57\/2023\/08\/366553637_674951571334683_6938026727179027063_n-1024x682.jpg 1024w, https:\/\/www.oaxaca.gob.mx\/civil\/wp-content\/uploads\/sites\/57\/2023\/08\/366553637_674951571334683_6938026727179027063_n-768x512.jpg 768w, https:\/\/www.oaxaca.gob.mx\/civil\/wp-content\/uploads\/sites\/57\/2023\/08\/366553637_674951571334683_6938026727179027063_n.jpg 1286w\" sizes=\"auto, (max-width: 300px) 100vw, 300px\" \/> <img loading=\"lazy\" decoding=\"async\" class=\"alignnone size-medium wp-image-3909\" src=\"https:\/\/www.oaxaca.gob.mx\/civil\/wp-content\/uploads\/sites\/57\/2023\/08\/366489974_674951664668007_1140860906650093266_n-300x200.jpg\" alt=\"\" width=\"300\" height=\"200\" srcset=\"https:\/\/www.oaxaca.gob.mx\/civil\/wp-content\/uploads\/sites\/57\/2023\/08\/366489974_674951664668007_1140860906650093266_n-300x200.jpg 300w, https:\/\/www.oaxaca.gob.mx\/civil\/wp-content\/uploads\/sites\/57\/2023\/08\/366489974_674951664668007_1140860906650093266_n-768x512.jpg 768w, https:\/\/www.oaxaca.gob.mx\/civil\/wp-content\/uploads\/sites\/57\/2023\/08\/366489974_674951664668007_1140860906650093266_n.jpg 1024w\" sizes=\"auto, (max-width: 300px) 100vw, 300px\" \/><\/p>\n<p>\u00abQueremos que la capacitaci\u00f3n sea permanente para estar acordes al proyecto que encabeza el Gobernador Salom\u00f3n Jara Cruz, que busca saldar la deuda hist\u00f3rica con los pueblos que por d\u00e9cadas permanecieron en el olvido y que alcancen los niveles de bienestar en todos los sectores, sobre todo en el de salud y educativo y el derecho a la identidad es el primer paso\u00bb, dijo la directora del Registro Civil.<\/p>\n<p>Dulce Bel\u00e9n Uribe Mendoza explic\u00f3 que como gobierno de territorio y no de escritorio, los oficiales del Registro Civil tambi\u00e9n salen a las comunidades con estrategias como la del Registro Civil \u00a1Cerca de ti! en la que durante los fines de semana los oficiales entregan actas actualizadas de forma gratuita y dan asesor\u00eda jur\u00eddica sin costo.<\/p>\n<p>\u201cEstamos recorriendo los pueblos y esa ser\u00e1 la caracter\u00edstica de este gobierno, de estar siempre en las comunidades y sus municipios para atender las necesidades, trabajamos con honestidad y transparencia\u00bb , finaliz\u00f3.<\/p>\n<p><img loading=\"lazy\" decoding=\"async\" class=\"alignnone size-medium wp-image-3917\" src=\"https:\/\/www.oaxaca.gob.mx\/civil\/wp-content\/uploads\/sites\/57\/2023\/08\/366727749_674951644668009_5079905508753759410_n-300x200.jpg\" alt=\"\" width=\"300\" height=\"200\" srcset=\"https:\/\/www.oaxaca.gob.mx\/civil\/wp-content\/uploads\/sites\/57\/2023\/08\/366727749_674951644668009_5079905508753759410_n-300x200.jpg 300w, https:\/\/www.oaxaca.gob.mx\/civil\/wp-content\/uploads\/sites\/57\/2023\/08\/366727749_674951644668009_5079905508753759410_n-1024x682.jpg 1024w, https:\/\/www.oaxaca.gob.mx\/civil\/wp-content\/uploads\/sites\/57\/2023\/08\/366727749_674951644668009_5079905508753759410_n-768x512.jpg 768w, https:\/\/www.oaxaca.gob.mx\/civil\/wp-content\/uploads\/sites\/57\/2023\/08\/366727749_674951644668009_5079905508753759410_n-1536x1023.jpg 1536w, https:\/\/www.oaxaca.gob.mx\/civil\/wp-content\/uploads\/sites\/57\/2023\/08\/366727749_674951644668009_5079905508753759410_n.jpg 1600w\" sizes=\"auto, (max-width: 300px) 100vw, 300px\" \/> <img loading=\"lazy\" decoding=\"async\" class=\"alignnone size-medium wp-image-3906\" src=\"https:\/\/www.oaxaca.gob.mx\/civil\/wp-content\/uploads\/sites\/57\/2023\/08\/WhatsApp-Image-2023-08-10-at-2.41.42-PM-1-300x200.jpeg\" alt=\"\" width=\"300\" height=\"200\" srcset=\"https:\/\/www.oaxaca.gob.mx\/civil\/wp-content\/uploads\/sites\/57\/2023\/08\/WhatsApp-Image-2023-08-10-at-2.41.42-PM-1-300x200.jpeg 300w, https:\/\/www.oaxaca.gob.mx\/civil\/wp-content\/uploads\/sites\/57\/2023\/08\/WhatsApp-Image-2023-08-10-at-2.41.42-PM-1-768x512.jpeg 768w, https:\/\/www.oaxaca.gob.mx\/civil\/wp-content\/uploads\/sites\/57\/2023\/08\/WhatsApp-Image-2023-08-10-at-2.41.42-PM-1.jpeg 1024w\" sizes=\"auto, (max-width: 300px) 100vw, 300px\" \/> <img loading=\"lazy\" decoding=\"async\" class=\"alignnone size-medium wp-image-3914\" src=\"https:\/\/www.oaxaca.gob.mx\/civil\/wp-content\/uploads\/sites\/57\/2023\/08\/366713291_674951591334681_996058896869781889_n-300x200.jpg\" alt=\"\" width=\"300\" height=\"200\" srcset=\"https:\/\/www.oaxaca.gob.mx\/civil\/wp-content\/uploads\/sites\/57\/2023\/08\/366713291_674951591334681_996058896869781889_n-300x200.jpg 300w, https:\/\/www.oaxaca.gob.mx\/civil\/wp-content\/uploads\/sites\/57\/2023\/08\/366713291_674951591334681_996058896869781889_n-1024x682.jpg 1024w, https:\/\/www.oaxaca.gob.mx\/civil\/wp-content\/uploads\/sites\/57\/2023\/08\/366713291_674951591334681_996058896869781889_n-768x512.jpg 768w, https:\/\/www.oaxaca.gob.mx\/civil\/wp-content\/uploads\/sites\/57\/2023\/08\/366713291_674951591334681_996058896869781889_n-1536x1023.jpg 1536w, https:\/\/www.oaxaca.gob.mx\/civil\/wp-content\/uploads\/sites\/57\/2023\/08\/366713291_674951591334681_996058896869781889_n.jpg 1600w\" sizes=\"auto, (max-width: 300px) 100vw, 300px\" \/> <img loading=\"lazy\" decoding=\"async\" class=\"alignnone size-medium wp-image-3915\" src=\"https:\/\/www.oaxaca.gob.mx\/civil\/wp-content\/uploads\/sites\/57\/2023\/08\/366719936_674951608001346_4302236907806175526_n-300x200.jpg\" alt=\"\" width=\"300\" height=\"200\" srcset=\"https:\/\/www.oaxaca.gob.mx\/civil\/wp-content\/uploads\/sites\/57\/2023\/08\/366719936_674951608001346_4302236907806175526_n-300x200.jpg 300w, https:\/\/www.oaxaca.gob.mx\/civil\/wp-content\/uploads\/sites\/57\/2023\/08\/366719936_674951608001346_4302236907806175526_n-1024x682.jpg 1024w, https:\/\/www.oaxaca.gob.mx\/civil\/wp-content\/uploads\/sites\/57\/2023\/08\/366719936_674951608001346_4302236907806175526_n-768x512.jpg 768w, https:\/\/www.oaxaca.gob.mx\/civil\/wp-content\/uploads\/sites\/57\/2023\/08\/366719936_674951608001346_4302236907806175526_n-1536x1023.jpg 1536w, https:\/\/www.oaxaca.gob.mx\/civil\/wp-content\/uploads\/sites\/57\/2023\/08\/366719936_674951608001346_4302236907806175526_n.jpg 1600w\" sizes=\"auto, (max-width: 300px) 100vw, 300px\" \/> <img loading=\"lazy\" decoding=\"async\" class=\"alignnone size-medium wp-image-3916\" src=\"https:\/\/www.oaxaca.gob.mx\/civil\/wp-content\/uploads\/sites\/57\/2023\/08\/366723819_674951618001345_3004096400628557300_n-300x200.jpg\" alt=\"\" width=\"300\" height=\"200\" srcset=\"https:\/\/www.oaxaca.gob.mx\/civil\/wp-content\/uploads\/sites\/57\/2023\/08\/366723819_674951618001345_3004096400628557300_n-300x200.jpg 300w, https:\/\/www.oaxaca.gob.mx\/civil\/wp-content\/uploads\/sites\/57\/2023\/08\/366723819_674951618001345_3004096400628557300_n-1024x683.jpg 1024w, https:\/\/www.oaxaca.gob.mx\/civil\/wp-content\/uploads\/sites\/57\/2023\/08\/366723819_674951618001345_3004096400628557300_n-768x512.jpg 768w, https:\/\/www.oaxaca.gob.mx\/civil\/wp-content\/uploads\/sites\/57\/2023\/08\/366723819_674951618001345_3004096400628557300_n.jpg 1296w\" sizes=\"auto, (max-width: 300px) 100vw, 300px\" \/><\/p>\n","protected":false},"excerpt":{"rendered":"<p>Los 145 oficiales del Registro Civil del Estado de Oaxaca se capacitaron durante cuatro d\u00edas con personal del Registro Nacional de Poblaci\u00f3n e Identidad (Renapo) para seguir profesionalizando su actividad registral en beneficio de las y los oaxaque\u00f1os. Los encargados de las oficial\u00edas en las 8 regiones del estado, tuvieron la oportunidad de reafirmar sus [&hellip;]<\/p>\n","protected":false},"author":65,"featured_media":3918,"comment_status":"open","ping_status":"open","sticky":false,"template":"","format":"standard","meta":{"episode_type":"","audio_file":"","podmotor_file_id":"","podmotor_episode_id":"","cover_image":"","cover_image_id":"","duration":"","filesize":"","filesize_raw":"","date_recorded":"","explicit":"","block":"","itunes_episode_number":"","itunes_title":"","itunes_season_number":"","itunes_episode_type":"","footnotes":""},"categories":[5],"tags":[],"class_list":["post-3908","post","type-post","status-publish","format-standard","has-post-thumbnail","hentry","category-slide"],"acf":[],"publishpress_future_action":{"enabled":false,"date":"2026-05-03 11:39:32","action":"change-status","newStatus":"draft","terms":[],"taxonomy":"category","extraData":[]},"publishpress_future_workflow_manual_trigger":{"enabledWorkflows":[]},"_links":{"self":[{"href":"https:\/\/www.oaxaca.gob.mx\/civil\/wp-json\/wp\/v2\/posts\/3908","targetHints":{"allow":["GET"]}}],"collection":[{"href":"https:\/\/www.oaxaca.gob.mx\/civil\/wp-json\/wp\/v2\/posts"}],"about":[{"href":"https:\/\/www.oaxaca.gob.mx\/civil\/wp-json\/wp\/v2\/types\/post"}],"author":[{"embeddable":true,"href":"https:\/\/www.oaxaca.gob.mx\/civil\/wp-json\/wp\/v2\/users\/65"}],"replies":[{"embeddable":true,"href":"https:\/\/www.oaxaca.gob.mx\/civil\/wp-json\/wp\/v2\/comments?post=3908"}],"version-history":[{"count":1,"href":"https:\/\/www.oaxaca.gob.mx\/civil\/wp-json\/wp\/v2\/posts\/3908\/revisions"}],"predecessor-version":[{"id":3920,"href":"https:\/\/www.oaxaca.gob.mx\/civil\/wp-json\/wp\/v2\/posts\/3908\/revisions\/3920"}],"wp:featuredmedia":[{"embeddable":true,"href":"https:\/\/www.oaxaca.gob.mx\/civil\/wp-json\/wp\/v2\/media\/3918"}],"wp:attachment":[{"href":"https:\/\/www.oaxaca.gob.mx\/civil\/wp-json\/wp\/v2\/media?parent=3908"}],"wp:term":[{"taxonomy":"category","embeddable":true,"href":"https:\/\/www.oaxaca.gob.mx\/civil\/wp-json\/wp\/v2\/categories?post=3908"},{"taxonomy":"post_tag","embeddable":true,"href":"https:\/\/www.oaxaca.gob.mx\/civil\/wp-json\/wp\/v2\/tags?post=3908"}],"curies":[{"name":"wp","href":"https:\/\/api.w.org\/{rel}","templated":true}]}}