{"id":1998,"date":"2026-04-15T19:32:48","date_gmt":"2026-04-15T17:32:48","guid":{"rendered":"https:\/\/www.oaxaca.gob.mx\/citybus\/?p=1998"},"modified":"2026-04-15T19:32:48","modified_gmt":"2026-04-15T17:32:48","slug":"garantizo-binnibus-traslado-de-mas-de-3-mil-personas-a-la-13a-feria-del-pan-y-la-talabarteria","status":"publish","type":"post","link":"https:\/\/www.oaxaca.gob.mx\/citybus\/garantizo-binnibus-traslado-de-mas-de-3-mil-personas-a-la-13a-feria-del-pan-y-la-talabarteria\/","title":{"rendered":"Garantiz\u00f3 Binnibus traslado de m\u00e1s de 3 mil personas a la 13\u00aa Feria del Pan y la Talabarter\u00eda"},"content":{"rendered":"<p><strong>Oaxaca de Ju\u00e1rez, Oax. 6 de abril de 2026.-<\/strong>\u00a0El Gobierno del Estado, a trav\u00e9s del Sistema de Transporte Colectivo Metropolitano BinniBus, brind\u00f3 un servicio especial gratuito con motivo de la 13\u00aa Feria del Pan y la Talabarter\u00eda en Santo Domingo Tomaltepec, logrando el traslado de 3 mil 239 personas.<\/p>\n<p>La ruta oper\u00f3 en un horario de 08:00 a 20:00 horas con 11 unidades en funci\u00f3n, las cuales partieron del Paseo Ju\u00e1rez El Llano, sobre la calle Pino Su\u00e1rez en la ciudad capital, sin paradas intermedias.<\/p>\n<p>La directora general del sistema, Karina G\u00f3mez Esteban destac\u00f3 la amplia participaci\u00f3n de la ciudadan\u00eda, as\u00ed como la importancia de acercar este tipo de servicios que permiten a las familias oaxaque\u00f1as disfrutar de las tradiciones y expresiones culturales del estado de manera accesible y segura.<\/p>\n<p>El BinniBus continuar\u00e1 implementando estrategias que fortalezcan la movilidad y promuevan la participaci\u00f3n en este tipo de actividades a trav\u00e9s de un transporte p\u00fablico incluyente, eficiente y cercano a la gente.<\/p>\n<p><img loading=\"lazy\" decoding=\"async\" class=\"aligncenter wp-image-1999 size-full\" src=\"https:\/\/www.oaxaca.gob.mx\/citybus\/wp-content\/uploads\/sites\/94\/2026\/04\/1-Garantiza-Binnibus-traslado-de-mas-de-3-mil-personas-a-la-13-feria-del-pan-y-talabarteria.jpg\" alt=\"\" width=\"693\" height=\"533\" srcset=\"https:\/\/www.oaxaca.gob.mx\/citybus\/wp-content\/uploads\/sites\/94\/2026\/04\/1-Garantiza-Binnibus-traslado-de-mas-de-3-mil-personas-a-la-13-feria-del-pan-y-talabarteria.jpg 693w, https:\/\/www.oaxaca.gob.mx\/citybus\/wp-content\/uploads\/sites\/94\/2026\/04\/1-Garantiza-Binnibus-traslado-de-mas-de-3-mil-personas-a-la-13-feria-del-pan-y-talabarteria-300x231.jpg 300w\" sizes=\"auto, (max-width: 693px) 100vw, 693px\" \/><\/p>\n","protected":false},"excerpt":{"rendered":"<p>Oaxaca de Ju\u00e1rez, Oax. 6 de abril de 2026.-\u00a0El Gobierno del Estado, a trav\u00e9s del Sistema de Transporte Colectivo Metropolitano BinniBus, brind\u00f3 un servicio especial gratuito con motivo de la 13\u00aa Feria del Pan y la Talabarter\u00eda en Santo Domingo Tomaltepec, logrando el traslado de 3 mil 239 personas. La ruta oper\u00f3 en un horario [&hellip;]<\/p>\n","protected":false},"author":115,"featured_media":1999,"comment_status":"open","ping_status":"open","sticky":false,"template":"","format":"standard","meta":{"episode_type":"","audio_file":"","podmotor_file_id":"","podmotor_episode_id":"","cover_image":"","cover_image_id":"","duration":"","filesize":"","filesize_raw":"","date_recorded":"","explicit":"","block":"","itunes_episode_number":"","itunes_title":"","itunes_season_number":"","itunes_episode_type":"","footnotes":""},"categories":[3,6],"tags":[],"class_list":["post-1998","post","type-post","status-publish","format-standard","has-post-thumbnail","hentry","category-slide","category-noticias"],"acf":[],"publishpress_future_action":{"enabled":false,"date":"2026-05-05 11:24:02","action":"change-status","newStatus":"draft","terms":[],"taxonomy":"category","extraData":[]},"publishpress_future_workflow_manual_trigger":{"enabledWorkflows":[]},"_links":{"self":[{"href":"https:\/\/www.oaxaca.gob.mx\/citybus\/wp-json\/wp\/v2\/posts\/1998","targetHints":{"allow":["GET"]}}],"collection":[{"href":"https:\/\/www.oaxaca.gob.mx\/citybus\/wp-json\/wp\/v2\/posts"}],"about":[{"href":"https:\/\/www.oaxaca.gob.mx\/citybus\/wp-json\/wp\/v2\/types\/post"}],"author":[{"embeddable":true,"href":"https:\/\/www.oaxaca.gob.mx\/citybus\/wp-json\/wp\/v2\/users\/115"}],"replies":[{"embeddable":true,"href":"https:\/\/www.oaxaca.gob.mx\/citybus\/wp-json\/wp\/v2\/comments?post=1998"}],"version-history":[{"count":1,"href":"https:\/\/www.oaxaca.gob.mx\/citybus\/wp-json\/wp\/v2\/posts\/1998\/revisions"}],"predecessor-version":[{"id":2000,"href":"https:\/\/www.oaxaca.gob.mx\/citybus\/wp-json\/wp\/v2\/posts\/1998\/revisions\/2000"}],"wp:featuredmedia":[{"embeddable":true,"href":"https:\/\/www.oaxaca.gob.mx\/citybus\/wp-json\/wp\/v2\/media\/1999"}],"wp:attachment":[{"href":"https:\/\/www.oaxaca.gob.mx\/citybus\/wp-json\/wp\/v2\/media?parent=1998"}],"wp:term":[{"taxonomy":"category","embeddable":true,"href":"https:\/\/www.oaxaca.gob.mx\/citybus\/wp-json\/wp\/v2\/categories?post=1998"},{"taxonomy":"post_tag","embeddable":true,"href":"https:\/\/www.oaxaca.gob.mx\/citybus\/wp-json\/wp\/v2\/tags?post=1998"}],"curies":[{"name":"wp","href":"https:\/\/api.w.org\/{rel}","templated":true}]}}