{"id":6692,"date":"2021-03-24T13:57:00","date_gmt":"2021-03-24T19:57:00","guid":{"rendered":"https:\/\/www.oaxaca.gob.mx\/cco\/?p=6692"},"modified":"2021-03-24T13:57:00","modified_gmt":"2021-03-24T19:57:00","slug":"destaca-revista-mundial-de-arte-contemporaneo-exposicion-de-la-casa-de-la-cultura-oaxaquena","status":"publish","type":"post","link":"https:\/\/www.oaxaca.gob.mx\/cco\/destaca-revista-mundial-de-arte-contemporaneo-exposicion-de-la-casa-de-la-cultura-oaxaquena\/","title":{"rendered":"Destaca revista mundial de arte contempor\u00e1neo exposici\u00f3n de la Casa de la Cultura Oaxaque\u00f1a"},"content":{"rendered":"<p>&nbsp;<\/p>\n<div style=\"text-align: center\"><img loading=\"lazy\" decoding=\"async\" class=\" wp-image-6696 aligncenter\" src=\"https:\/\/www.oaxaca.gob.mx\/cco\/wp-content\/uploads\/sites\/31\/2021\/03\/karma-300x200.jpeg\" alt=\"\" width=\"566\" height=\"377\" srcset=\"https:\/\/www.oaxaca.gob.mx\/cco\/wp-content\/uploads\/sites\/31\/2021\/03\/karma-300x200.jpeg 300w, https:\/\/www.oaxaca.gob.mx\/cco\/wp-content\/uploads\/sites\/31\/2021\/03\/karma-768x512.jpeg 768w, https:\/\/www.oaxaca.gob.mx\/cco\/wp-content\/uploads\/sites\/31\/2021\/03\/karma.jpeg 1000w\" sizes=\"auto, (max-width: 566px) 100vw, 566px\" \/><\/div>\n<p>&nbsp;<\/p>\n<p>Terremoto Magazine, publicaci\u00f3n dedicada al arte contempor\u00e1neo a nivel mundial, destac\u00f3 la exposici\u00f3n \u201cKarma Mestizo\u201d que se exhibe en la Galer\u00eda \u201cRufino Tamayo\u201d de la CCO.<\/p>\n<p><strong>Oaxaca de Ju\u00e1rez, Oax., 24 de marzo de 2021.<\/strong> Terremoto Magazine, una publicaci\u00f3n dedicada al arte contempor\u00e1neo a nivel mundial, destac\u00f3 en su edici\u00f3n reciente la exposici\u00f3n \u201cKarma Mestizo\u201d del artista oaxaque\u00f1o Jaime Ru\u00edz Mart\u00ednez que se exhibe en la Galer\u00eda \u201cRufino Tamayo\u201d de la Casa de la Cultura Oaxaque\u00f1a.<\/p>\n<p>La revista, que se destaca como una plataforma cultural dedicada al pensamiento cr\u00edtico alrededor del arte contempor\u00e1neo que sucede en el continente americano con un enfoque editorial, enfatiza en su reciente edici\u00f3n el texto curatorial de la exposici\u00f3n redactado por Renata Cervetto, quien form\u00f3 parte de la Curadur\u00eda de la 11\u00aa Bienal de Berl\u00edn de Arte Contempor\u00e1neo en el a\u00f1o 2020.<\/p>\n<p>La exhibici\u00f3n de Ru\u00edz Mart\u00ednez adquiere un sentido importante para la Casa de la Cultura Oaxaque\u00f1a, toda vez que la preparaci\u00f3n de cada una de las obras que la componen, fueron realizadas por el artista durante el confinamiento derivado de la contigencia sanitaria ocasionada por el virus SARS-CoV-2 (coronavirus).<\/p>\n<div style=\"text-align: center\">\n<img loading=\"lazy\" decoding=\"async\" class=\"wp-image-6694 aligncenter\" src=\"https:\/\/www.oaxaca.gob.mx\/cco\/wp-content\/uploads\/sites\/31\/2021\/03\/karma_terremoto-300x131.png\" alt=\"\" width=\"771\" height=\"337\" srcset=\"https:\/\/www.oaxaca.gob.mx\/cco\/wp-content\/uploads\/sites\/31\/2021\/03\/karma_terremoto-300x131.png 300w, https:\/\/www.oaxaca.gob.mx\/cco\/wp-content\/uploads\/sites\/31\/2021\/03\/karma_terremoto-1024x447.png 1024w, https:\/\/www.oaxaca.gob.mx\/cco\/wp-content\/uploads\/sites\/31\/2021\/03\/karma_terremoto-768x335.png 768w, https:\/\/www.oaxaca.gob.mx\/cco\/wp-content\/uploads\/sites\/31\/2021\/03\/karma_terremoto.png 1253w\" sizes=\"auto, (max-width: 771px) 100vw, 771px\" \/><\/div>\n<div><\/div>\n<p>\u201cKarma Mestizo\u201d, est\u00e1 conformada de catorce dibujos hechos a bol\u00edgrafo sobre papel Canson, seis pinturas y un tinaco, esta \u00faltima obra form\u00f3 parte del proyecto de investigaci\u00f3n \u201cLa deforma del agua\u201d, mismo que fue apoyado por el programa J\u00f3venes Creadores del Fondo Nacional para la Cultura y las Artes (FONCA), en el a\u00f1o 2019.<\/p>\n<p>Es importante descatar que la revista retome nuestra exposici\u00f3n, ya que la publicaci\u00f3n ha diversificado sus ramas de actividad, p\u00fablicos y canales de alcance, ya que actualmente, la publicaci\u00f3n cuenta con un programa expositivo (La Postal), una editorial independiente (Temblores Publicaciones), una Asociaci\u00f3n Civil sin fines de lucro\u2014Asociaci\u00f3n Panamericana de Apoyo a las Artes (APAA)\u2014, y funge como una agencia de proyectos interdisciplinarios ideando y gestionando residencias art\u00edsticas, ediciones de artista, programas p\u00fablicos, entre otras iniciativas que se extienden a lo largo de las Am\u00e9ricas.<\/p>\n<p>La Casa de la Cultura Oaxaque\u00f1a agradece y reconoce la importante labor de los medios de comunicaci\u00f3n en Oaxaca para difundir las actividades que la instituci\u00f3n ha realizado a lo largo de la pandemia, ya que esto nos permite llegar a un p\u00fablico m\u00e1s amplio y nos visibilizan frente a medios de comunicaci\u00f3n internacionales como Terromoto Magazine.<\/p>\n<p>La publicaci\u00f3n de la revista Terremoto podr\u00e1 ser consultada en el siguiente enlace: <a href=\"https:\/\/terremoto.mx\/online\/jaime-ruiz-martinez-presenta-karma-mestizo-en-la-casa-de-la-cultura-oaxaquena-mexico\/\">https:\/\/terremoto.mx\/online\/jaime-ruiz-martinez-presenta-karma-mestizo-en-la-casa-de-la-cultura-oaxaquena-mexico\/<\/a><\/p>\n<p>&nbsp;<\/p>\n<div style=\"text-align: center\">\n<img loading=\"lazy\" decoding=\"async\" class=\" wp-image-6702 aligncenter\" src=\"https:\/\/www.oaxaca.gob.mx\/cco\/wp-content\/uploads\/sites\/31\/2021\/03\/IMG_5501-300x225.jpg\" alt=\"\" width=\"564\" height=\"423\" srcset=\"https:\/\/www.oaxaca.gob.mx\/cco\/wp-content\/uploads\/sites\/31\/2021\/03\/IMG_5501-300x225.jpg 300w, https:\/\/www.oaxaca.gob.mx\/cco\/wp-content\/uploads\/sites\/31\/2021\/03\/IMG_5501-1024x768.jpg 1024w, https:\/\/www.oaxaca.gob.mx\/cco\/wp-content\/uploads\/sites\/31\/2021\/03\/IMG_5501-768x576.jpg 768w, https:\/\/www.oaxaca.gob.mx\/cco\/wp-content\/uploads\/sites\/31\/2021\/03\/IMG_5501.jpg 1500w\" sizes=\"auto, (max-width: 564px) 100vw, 564px\" \/>\n<\/div>\n","protected":false},"excerpt":{"rendered":"<p>&nbsp; &nbsp; Terremoto Magazine, publicaci\u00f3n dedicada al arte contempor\u00e1neo a nivel mundial, destac\u00f3 la exposici\u00f3n \u201cKarma Mestizo\u201d que se exhibe en la Galer\u00eda \u201cRufino Tamayo\u201d de la CCO. Oaxaca de Ju\u00e1rez, Oax., 24 de marzo de 2021. Terremoto Magazine, una publicaci\u00f3n dedicada al arte contempor\u00e1neo a nivel mundial, destac\u00f3 en su edici\u00f3n reciente la exposici\u00f3n [&hellip;]<\/p>\n","protected":false},"author":39,"featured_media":6696,"comment_status":"open","ping_status":"open","sticky":false,"template":"","format":"standard","meta":{"episode_type":"","audio_file":"","podmotor_file_id":"","podmotor_episode_id":"","cover_image":"","cover_image_id":"","duration":"","filesize":"","filesize_raw":"","date_recorded":"","explicit":"","block":"","itunes_episode_number":"","itunes_title":"","itunes_season_number":"","itunes_episode_type":"","footnotes":""},"categories":[5,18],"tags":[],"class_list":["post-6692","post","type-post","status-publish","format-standard","has-post-thumbnail","hentry","category-noticias","category-noticia"],"acf":[],"publishpress_future_action":{"enabled":false,"date":"2026-05-08 11:21:18","action":"change-status","newStatus":"draft","terms":[],"taxonomy":"category","extraData":[]},"publishpress_future_workflow_manual_trigger":{"enabledWorkflows":[]},"_links":{"self":[{"href":"https:\/\/www.oaxaca.gob.mx\/cco\/wp-json\/wp\/v2\/posts\/6692","targetHints":{"allow":["GET"]}}],"collection":[{"href":"https:\/\/www.oaxaca.gob.mx\/cco\/wp-json\/wp\/v2\/posts"}],"about":[{"href":"https:\/\/www.oaxaca.gob.mx\/cco\/wp-json\/wp\/v2\/types\/post"}],"author":[{"embeddable":true,"href":"https:\/\/www.oaxaca.gob.mx\/cco\/wp-json\/wp\/v2\/users\/39"}],"replies":[{"embeddable":true,"href":"https:\/\/www.oaxaca.gob.mx\/cco\/wp-json\/wp\/v2\/comments?post=6692"}],"version-history":[{"count":16,"href":"https:\/\/www.oaxaca.gob.mx\/cco\/wp-json\/wp\/v2\/posts\/6692\/revisions"}],"predecessor-version":[{"id":6969,"href":"https:\/\/www.oaxaca.gob.mx\/cco\/wp-json\/wp\/v2\/posts\/6692\/revisions\/6969"}],"wp:featuredmedia":[{"embeddable":true,"href":"https:\/\/www.oaxaca.gob.mx\/cco\/wp-json\/wp\/v2\/media\/6696"}],"wp:attachment":[{"href":"https:\/\/www.oaxaca.gob.mx\/cco\/wp-json\/wp\/v2\/media?parent=6692"}],"wp:term":[{"taxonomy":"category","embeddable":true,"href":"https:\/\/www.oaxaca.gob.mx\/cco\/wp-json\/wp\/v2\/categories?post=6692"},{"taxonomy":"post_tag","embeddable":true,"href":"https:\/\/www.oaxaca.gob.mx\/cco\/wp-json\/wp\/v2\/tags?post=6692"}],"curies":[{"name":"wp","href":"https:\/\/api.w.org\/{rel}","templated":true}]}}