{"id":8251,"date":"2019-11-28T13:05:44","date_gmt":"2019-11-28T19:05:44","guid":{"rendered":"https:\/\/www.oaxaca.gob.mx\/cao\/?p=8251"},"modified":"2019-11-28T13:25:41","modified_gmt":"2019-11-28T19:25:41","slug":"alas-para-el-cambio-sumate","status":"publish","type":"post","link":"https:\/\/www.oaxaca.gob.mx\/cao\/alas-para-el-cambio-sumate\/","title":{"rendered":"ALAS PARA EL CAMBIO, S\u00daMATE"},"content":{"rendered":"\r\n<div class=\"gdgallery-gallery-container\" id=\"gdgallery-container-43\" data-id=\"43\">\r\n    \r\n<div id=\"gdgallery_container_43\" style=\"display:none;\" data-view=\"carousel\">\r\n            <a href=\"\">\r\n            <img decoding=\"async\" alt=\"\"\r\n                 data-type=\"image\"\r\n                 src=\"https:\/\/www.oaxaca.gob.mx\/cao\/wp-content\/uploads\/sites\/5\/2019\/11\/01.png\"\r\n                 data-image=\"https:\/\/www.oaxaca.gob.mx\/cao\/wp-content\/uploads\/sites\/5\/2019\/11\/01.png\"\r\n                 data-description=\"\"\r\n                                 style=\"display:block\">\r\n        <\/a>\r\n            <a href=\"\">\r\n            <img decoding=\"async\" alt=\"\"\r\n                 data-type=\"image\"\r\n                 src=\"https:\/\/www.oaxaca.gob.mx\/cao\/wp-content\/uploads\/sites\/5\/2019\/11\/02.png\"\r\n                 data-image=\"https:\/\/www.oaxaca.gob.mx\/cao\/wp-content\/uploads\/sites\/5\/2019\/11\/02.png\"\r\n                 data-description=\"\"\r\n                                 style=\"display:block\">\r\n        <\/a>\r\n            <a href=\"\">\r\n            <img decoding=\"async\" alt=\"\"\r\n                 data-type=\"image\"\r\n                 src=\"https:\/\/www.oaxaca.gob.mx\/cao\/wp-content\/uploads\/sites\/5\/2019\/11\/03.png\"\r\n                 data-image=\"https:\/\/www.oaxaca.gob.mx\/cao\/wp-content\/uploads\/sites\/5\/2019\/11\/03.png\"\r\n                 data-description=\"\"\r\n                                 style=\"display:block\">\r\n        <\/a>\r\n            <a href=\"\">\r\n            <img decoding=\"async\" alt=\"\"\r\n                 data-type=\"image\"\r\n                 src=\"https:\/\/www.oaxaca.gob.mx\/cao\/wp-content\/uploads\/sites\/5\/2019\/11\/04.png\"\r\n                 data-image=\"https:\/\/www.oaxaca.gob.mx\/cao\/wp-content\/uploads\/sites\/5\/2019\/11\/04.png\"\r\n                 data-description=\"\"\r\n                                 style=\"display:block\">\r\n        <\/a>\r\n            <a href=\"\">\r\n            <img decoding=\"async\" alt=\"\"\r\n                 data-type=\"image\"\r\n                 src=\"https:\/\/www.oaxaca.gob.mx\/cao\/wp-content\/uploads\/sites\/5\/2019\/11\/05.png\"\r\n                 data-image=\"https:\/\/www.oaxaca.gob.mx\/cao\/wp-content\/uploads\/sites\/5\/2019\/11\/05.png\"\r\n                 data-description=\"\"\r\n                                 style=\"display:block\">\r\n        <\/a>\r\n            <a href=\"\">\r\n            <img decoding=\"async\" alt=\"\"\r\n                 data-type=\"image\"\r\n                 src=\"https:\/\/www.oaxaca.gob.mx\/cao\/wp-content\/uploads\/sites\/5\/2019\/11\/06.png\"\r\n                 data-image=\"https:\/\/www.oaxaca.gob.mx\/cao\/wp-content\/uploads\/sites\/5\/2019\/11\/06.png\"\r\n                 data-description=\"\"\r\n                                 style=\"display:block\">\r\n        <\/a>\r\n            <a href=\"\">\r\n            <img decoding=\"async\" alt=\"\"\r\n                 data-type=\"image\"\r\n                 src=\"https:\/\/www.oaxaca.gob.mx\/cao\/wp-content\/uploads\/sites\/5\/2019\/11\/07.png\"\r\n                 data-image=\"https:\/\/www.oaxaca.gob.mx\/cao\/wp-content\/uploads\/sites\/5\/2019\/11\/07.png\"\r\n                 data-description=\"\"\r\n                                 style=\"display:block\">\r\n        <\/a>\r\n            <a href=\"\">\r\n            <img decoding=\"async\" alt=\"\"\r\n                 data-type=\"image\"\r\n                 src=\"https:\/\/www.oaxaca.gob.mx\/cao\/wp-content\/uploads\/sites\/5\/2019\/11\/08.png\"\r\n                 data-image=\"https:\/\/www.oaxaca.gob.mx\/cao\/wp-content\/uploads\/sites\/5\/2019\/11\/08.png\"\r\n                 data-description=\"\"\r\n                                 style=\"display:block\">\r\n        <\/a>\r\n            <a href=\"\">\r\n            <img decoding=\"async\" alt=\"\"\r\n                 data-type=\"image\"\r\n                 src=\"https:\/\/www.oaxaca.gob.mx\/cao\/wp-content\/uploads\/sites\/5\/2019\/11\/09.png\"\r\n                 data-image=\"https:\/\/www.oaxaca.gob.mx\/cao\/wp-content\/uploads\/sites\/5\/2019\/11\/09.png\"\r\n                 data-description=\"\"\r\n                                 style=\"display:block\">\r\n        <\/a>\r\n            <a href=\"\">\r\n            <img decoding=\"async\" alt=\"\"\r\n                 data-type=\"image\"\r\n                 src=\"https:\/\/www.oaxaca.gob.mx\/cao\/wp-content\/uploads\/sites\/5\/2019\/11\/10.png\"\r\n                 data-image=\"https:\/\/www.oaxaca.gob.mx\/cao\/wp-content\/uploads\/sites\/5\/2019\/11\/10.png\"\r\n                 data-description=\"\"\r\n                                 style=\"display:block\">\r\n        <\/a>\r\n            <a href=\"\">\r\n            <img decoding=\"async\" alt=\"\"\r\n                 data-type=\"image\"\r\n                 src=\"https:\/\/www.oaxaca.gob.mx\/cao\/wp-content\/uploads\/sites\/5\/2019\/11\/11.png\"\r\n                 data-image=\"https:\/\/www.oaxaca.gob.mx\/cao\/wp-content\/uploads\/sites\/5\/2019\/11\/11.png\"\r\n                 data-description=\"\"\r\n                                 style=\"display:block\">\r\n        <\/a>\r\n            <a href=\"\">\r\n            <img decoding=\"async\" alt=\"\"\r\n                 data-type=\"image\"\r\n                 src=\"https:\/\/www.oaxaca.gob.mx\/cao\/wp-content\/uploads\/sites\/5\/2019\/11\/alas-p-el-cambio2FEDERAL.png\"\r\n                 data-image=\"https:\/\/www.oaxaca.gob.mx\/cao\/wp-content\/uploads\/sites\/5\/2019\/11\/alas-p-el-cambio2FEDERAL.png\"\r\n                 data-description=\"\"\r\n                                 style=\"display:block\">\r\n        <\/a>\r\n            <a href=\"\">\r\n            <img decoding=\"async\" alt=\"\"\r\n                 data-type=\"image\"\r\n                 src=\"https:\/\/www.oaxaca.gob.mx\/cao\/wp-content\/uploads\/sites\/5\/2019\/11\/alas-p-el-cambio3FEDERAL.png\"\r\n                 data-image=\"https:\/\/www.oaxaca.gob.mx\/cao\/wp-content\/uploads\/sites\/5\/2019\/11\/alas-p-el-cambio3FEDERAL.png\"\r\n                 data-description=\"\"\r\n                                 style=\"display:block\">\r\n        <\/a>\r\n            <a href=\"\">\r\n            <img decoding=\"async\" alt=\"\"\r\n                 data-type=\"image\"\r\n                 src=\"https:\/\/www.oaxaca.gob.mx\/cao\/wp-content\/uploads\/sites\/5\/2019\/11\/alas-p-el-cambio4FEDERAL.png\"\r\n                 data-image=\"https:\/\/www.oaxaca.gob.mx\/cao\/wp-content\/uploads\/sites\/5\/2019\/11\/alas-p-el-cambio4FEDERAL.png\"\r\n                 data-description=\"\"\r\n                                 style=\"display:block\">\r\n        <\/a>\r\n            <a href=\"\">\r\n            <img decoding=\"async\" alt=\"\"\r\n                 data-type=\"image\"\r\n                 src=\"https:\/\/www.oaxaca.gob.mx\/cao\/wp-content\/uploads\/sites\/5\/2019\/11\/alas-p-el-cambioFEDERAL.png\"\r\n                 data-image=\"https:\/\/www.oaxaca.gob.mx\/cao\/wp-content\/uploads\/sites\/5\/2019\/11\/alas-p-el-cambioFEDERAL.png\"\r\n                 data-description=\"\"\r\n                                 style=\"display:block\">\r\n        <\/a>\r\n    <\/div>\r\n\r\n<script type=\"text\/javascript\">\r\n\r\n    (function() {\r\n        var runMyCode = function() {\r\n            jQuery(document).ready(function () {\r\n                var container = jQuery(\"#gdgallery_container_43\");\r\n                container.unitegallery({\"gallery_theme\":\"carousel\",\"carousel_space_between_tiles\":10,\"tile_width\":200,\"tile_height\":\"200\",\"tile_enable_outline\":false,\"theme_carousel_align\":\"center\",\"carousel_navigation_numtiles\":1,\"carousel_scroll_duration\":500,\"carousel_autoplay\":true,\"carousel_autoplay_timeout\":\"3000\",\"carousel_autoplay_direction\":\"right\",\"carousel_autoplay_pause_onhover\":true,\"theme_enable_navigation\":true,\"theme_navigation_position\":\"bottom\",\"theme_navigation_align\":\"center\",\"theme_navigation_enable_play\":true,\"theme_space_between_arrows\":\"20\",\"tile_enable_textpanel\":true,\"tile_textpanel_always_on\":true,\"tile_textpanel_title_text_align\":\"center\",\"tile_textpanel_title_font_size\":\"16\",\"tile_textpanel_title_color\":\"#FFFFFF\",\"tile_textpanel_bg_color\":\"#333333\",\"tile_textpanel_bg_opacity\":0.7,\"tile_enable_border\":true,\"tile_border_width\":\"0\",\"tile_border_color\":\"#333333\",\"tile_border_radius\":\"0\",\"tile_enable_overlay\":true,\"tile_enable_image_effect\":true,\"tile_image_effect_type\":\"blur\",\"tile_image_effect_reverse\":true,\"tile_enable_shadow\":false,\"tile_as_link\":false,\"tile_enable_icons\":true,\"tile_show_link_icon\":true,\"tile_textpanel_appear_type\":\"slide\",\"tile_textpanel_position\":\"inside_bottom\",\"tile_link_newpage\":true,\"lightbox_type\":\"wide\",\"lightbox_arrows_offset\":0,\"lightbox_overlay_color\":\"#000000\",\"lightbox_overlay_opacity\":1,\"lightbox_top_panel_opacity\":1,\"lightbox_show_numbers\":true,\"lightbox_numbers_size\":\"15\",\"lightbox_numbers_color\":\"#FFFFFF\",\"lightbox_slider_image_border_width\":\"0\",\"lightbox_slider_image_border_color\":\"#FFFFFF\",\"lightbox_slider_image_border_radius\":0,\"lightbox_slider_image_shadow\":true,\"lightbox_slider_control_swipe\":true,\"lightbox_slider_control_zoom\":true,\"lightbox_slider_image_border\":true,\"lightbox_show_textpanel\":true,\"lightbox_textpanel_enable_title\":true,\"lightbox_textpanel_enable_description\":false,\"lightbox_textpanel_padding_top\":5,\"lightbox_textpanel_padding_bottom\":5,\"lightbox_textpanel_padding_right\":5,\"lightbox_textpanel_padding_left\":5,\"lightbox_textpanel_title_color\":\"#FFFFFF\",\"lightbox_textpanel_title_text_align\":\"center\",\"lightbox_textpanel_title_font_size\":\"16\",\"lightbox_textpanel_desc_color\":\"#FFFFFF\",\"lightbox_textpanel_desc_text_align\":\"center\",\"lightbox_textpanel_desc_font_size\":\"14\"});\r\n            });\r\n        };\r\n        var timer = function() {\r\n            if (window.jQuery) {runMyCode(window.jQuery);}\r\n            else {window.setTimeout(timer, 100);}\r\n        };\r\n        timer();\r\n    })();\r\n\r\n\r\n<\/script><style>\r\n#gdgallery-container-43 a.ug-thumb-wrapper{\r\n    box-shadow: none !important;\r\n}\r\n\r\n.ug-lightbox .ug-lightbox-top-panel-overlay{\r\n    background-color: #000000 !important;\r\n}\r\n\r\n#gdgallery_container_43{}<\/style>\r\n<\/div>\r\n\r\n\r\n\r\n\r\n\r\n\n<\/p>\n<p><span style=\"font-weight: bold\">Reyes Mantec\u00f3n, Oax. 28 de Noviembre del 2019.-<\/span>&nbsp;-. Caminos y Aeropistas de Oaxaca se une a la estrategia nacional \u201cAlas para el cambio\u201d, puesta en marcha por el Instituto Nacional de Desarrollo Social (INDESOL), cuyo objetivo es movilizar a la ciudadan\u00eda para tomar conciencia del problema de la violencia contra las mujeres y tomar acciones que contribuyan a eliminarla.<\/p>\n<p style=\"text-align: justify\">\u201cAlas para el cambio\u201d se inspira en el Plan Nacional de Desarrollo que indica como principio rector del gobierno federal la igualdad efectiva y de derechos; as\u00ed como en la Agenda 2030, objetivo 5: Lograr la igualdad de g\u00e9nero y empoderar a mujeres y ni\u00f1as, en la meta 5.2: Eliminar todas las formas de violencia contra mujeres y ni\u00f1as en los \u00e1mbitos p\u00fablico y privado y en el objetivo 17: Fortalecer alianzas para lograr los objetivos sostenibles.<\/p>\n<p style=\"text-align: justify\">Esta campa\u00f1a propone sumar esfuerzos, a fin de prevenir hechos de violencia de g\u00e9nero en las familias, escuelas, centros de trabajo, espacios p\u00fablicos y en general en las comunidades. De igual manera, invita a dejar de ser indiferentes, a superar la apat\u00eda y desinter\u00e9s ante situaciones que pueden derivar en mal trato, discriminaci\u00f3n, agresiones y violencias hacia las mujeres y las ni\u00f1as.<\/p>\n<p style=\"text-align: justify\">Alas para el cambio representa una alianza entre mujeres y hombres, para construir una cultura de paz, sociedades pac\u00edficas y familias que promueven el crecimiento de sus miembros.<\/p>\n<p style=\"text-align: justify\"><span style=\"font-weight: bold\">Te invitamos a conocer el contenido y a sumarte a este movimiento.<\/span><\/p>\n\r\n<div class=\"gdgallery-gallery-container\" id=\"gdgallery-container-44\" data-id=\"44\">\r\n    \r\n<div id=\"gdgallery_container_44\" style=\"display:none;\" data-view=\"justified\">\r\n            <a href=\"\" target=\"\">\r\n            <img decoding=\"async\" alt=\"ALAS PARA EL CAMBIO\"\r\n                 data-type=\"youtube\"\r\n                 src=\"https:\/\/img.youtube.com\/vi\/uQp_NM0mvcw\/0.jpg\"\r\n                 data-image=\"https:\/\/img.youtube.com\/vi\/uQp_NM0mvcw\/0.jpg\"\r\n                 data-description=\"\"\r\n                data-videoid = 'uQp_NM0mvcw'                 style=\"display:block\">\r\n        <\/a>\r\n    <\/div>\r\n\r\n\r\n\r\n<script type=\"text\/javascript\">\r\n\r\n\r\n    (function() {\r\n        var runMyCode = function() {\r\n            jQuery(document).ready(function () {\r\n                var container = jQuery(\"#gdgallery_container_44\");\r\n                container.unitegallery({\"gallery_theme\":\"justified\",\"tiles_type\":\"justified\",\"tiles_justified_space_between\":10,\"tile_enable_textpanel\":true,\"tile_textpanel_always_on\":true,\"tile_textpanel_title_text_align\":\"center\",\"tile_textpanel_title_font_size\":\"16\",\"tile_textpanel_title_color\":\"#FFFFFF\",\"tile_textpanel_bg_color\":\"#333333\",\"tile_textpanel_bg_opacity\":0.7,\"tile_enable_border\":true,\"tile_border_width\":\"0\",\"tile_border_color\":\"#333333\",\"tile_border_radius\":\"0\",\"tile_enable_overlay\":true,\"tile_enable_image_effect\":true,\"tile_image_effect_type\":\"blur\",\"tile_image_effect_reverse\":true,\"tile_enable_shadow\":false,\"tile_as_link\":false,\"tile_enable_icons\":true,\"tile_show_link_icon\":true,\"tile_textpanel_appear_type\":\"slide\",\"tile_textpanel_position\":\"inside_bottom\",\"tile_link_newpage\":true,\"lightbox_type\":\"wide\",\"lightbox_arrows_offset\":0,\"lightbox_overlay_color\":\"#000000\",\"lightbox_overlay_opacity\":1,\"lightbox_top_panel_opacity\":1,\"lightbox_show_numbers\":true,\"lightbox_numbers_size\":\"15\",\"lightbox_numbers_color\":\"#FFFFFF\",\"lightbox_slider_image_border_width\":\"0\",\"lightbox_slider_image_border_color\":\"#FFFFFF\",\"lightbox_slider_image_border_radius\":0,\"lightbox_slider_image_shadow\":true,\"lightbox_slider_control_swipe\":true,\"lightbox_slider_control_zoom\":true,\"lightbox_slider_image_border\":true,\"lightbox_show_textpanel\":true,\"lightbox_textpanel_enable_title\":true,\"lightbox_textpanel_enable_description\":false,\"lightbox_textpanel_padding_top\":5,\"lightbox_textpanel_padding_bottom\":5,\"lightbox_textpanel_padding_right\":5,\"lightbox_textpanel_padding_left\":5,\"lightbox_textpanel_title_color\":\"#FFFFFF\",\"lightbox_textpanel_title_text_align\":\"center\",\"lightbox_textpanel_title_font_size\":\"16\",\"lightbox_textpanel_desc_color\":\"#FFFFFF\",\"lightbox_textpanel_desc_text_align\":\"center\",\"lightbox_textpanel_desc_font_size\":\"14\"});\r\n            });\r\n        };\r\n        var timer = function() {\r\n            if (window.jQuery) {runMyCode(window.jQuery);}\r\n            else {window.setTimeout(timer, 100);}\r\n        };\r\n        timer();\r\n    })();\r\n<\/script><style>\r\n#gdgallery-container-44 {\r\n   text-align: center}\r\n\r\n.gdgallery-pagination-44{\r\ntext-align: center !important;\r\n}\r\n\r\n.gdgallery-pagination-44 a{\r\n    font-size: 15px !important;\r\n    padding: 8px 13px !important;\r\n    margin: 3px !important;\r\n    border: 1px solid #333333 !important;\r\n    border-radius: 0px !important;\r\n    color: #333333 !important;\r\n    background-color: #FFFFFF !important;\r\n    font-family: monospace !important;\r\n}\r\n\r\n.gdgallery-pagination-44 a:hover, .gdgallery-pagination-44 a.gdgallery-pagination-icon-active{\r\n    color: #FFFFFF !important;\r\n    background-color: #333333 !important;\r\n    border-color: #333333 !important;\r\n}\r\n\r\n#gdgallery-container-44 .gdgallery_load_more_space{\r\n    margin-top: 20px !important;\r\n    text-align: center !important;\r\n}\r\n\r\n#gdgallery-container-44 .gdgallery_load_more_space button{\r\n                      padding: 8px 13px !important;\r\n    font-size: 15px !important;\r\n    background-color: #333333 !important;\r\n    color: #FFFFFF !important;\r\n    border:1px solid #333333 !important;\r\n                      border-radius: 0px !important;\r\n                      font-family: monospace !important;\r\n                  }\r\n#gdgallery-container-44 .gdgallery_load_more_space button:hover{\r\n                      background-color: #FFFFFF !important;\r\n                      color: #333333 !important;\r\n                      border-color: #333333 !important;\r\n                  }\r\n\r\n#gdgallery-container-44 .gdgallery_load_more_space button,\r\n#gdgallery-container-44 .gdgallery_load_more_space button:hover,\r\n#gdgallery-container-44 .gdgallery_load_more_space button:active,\r\n#gdgallery-container-44 .gdgallery_load_more_space button:focus{\r\n    outline: none !important;\r\n}\r\n\r\n\r\n#gdgallery-container-44 .gdgallery_loading li{\r\n                      border: 3px solid #333333 !important;\r\n                  }\r\n\r\n.ug-lightbox .ug-lightbox-top-panel-overlay{\r\n    background-color: #000000 !important;\r\n}\r\n\r\n\r\n                  #gdgallery_container_44{}\r\n<\/style>\r\n\r\n\r\n\r\n<\/div>\r\n\r\n\r\n\r\n\r\n\r\n\n","protected":false},"excerpt":{"rendered":"<p>Reyes Mantec\u00f3n, Oax. 28 de Noviembre del 2019.-&nbsp;-. Caminos y Aeropistas de Oaxaca se une a la estrategia nacional \u201cAlas para el cambio\u201d, puesta en marcha por el Instituto Nacional de Desarrollo Social (INDESOL), cuyo objetivo es movilizar a la ciudadan\u00eda para tomar conciencia del problema de la violencia contra las mujeres y tomar acciones [&hellip;]<\/p>\n","protected":false},"author":2,"featured_media":8256,"comment_status":"open","ping_status":"open","sticky":false,"template":"","format":"standard","meta":{"episode_type":"","audio_file":"","podmotor_file_id":"","podmotor_episode_id":"","cover_image":"","cover_image_id":"","duration":"","filesize":"","filesize_raw":"","date_recorded":"","explicit":"","block":"","itunes_episode_number":"","itunes_title":"","itunes_season_number":"","itunes_episode_type":"","footnotes":""},"categories":[6,26],"tags":[],"class_list":["post-8251","post","type-post","status-publish","format-standard","has-post-thumbnail","hentry","category-boletines2019","category-mostrar-en-slider-principal"],"featured_image_src":"","publishpress_future_action":{"enabled":false,"date":"2026-05-04 14:43:18","action":"change-status","newStatus":"draft","terms":[],"taxonomy":"category","extraData":[]},"publishpress_future_workflow_manual_trigger":{"enabledWorkflows":[]},"_links":{"self":[{"href":"https:\/\/www.oaxaca.gob.mx\/cao\/wp-json\/wp\/v2\/posts\/8251","targetHints":{"allow":["GET"]}}],"collection":[{"href":"https:\/\/www.oaxaca.gob.mx\/cao\/wp-json\/wp\/v2\/posts"}],"about":[{"href":"https:\/\/www.oaxaca.gob.mx\/cao\/wp-json\/wp\/v2\/types\/post"}],"author":[{"embeddable":true,"href":"https:\/\/www.oaxaca.gob.mx\/cao\/wp-json\/wp\/v2\/users\/2"}],"replies":[{"embeddable":true,"href":"https:\/\/www.oaxaca.gob.mx\/cao\/wp-json\/wp\/v2\/comments?post=8251"}],"version-history":[{"count":2,"href":"https:\/\/www.oaxaca.gob.mx\/cao\/wp-json\/wp\/v2\/posts\/8251\/revisions"}],"predecessor-version":[{"id":8254,"href":"https:\/\/www.oaxaca.gob.mx\/cao\/wp-json\/wp\/v2\/posts\/8251\/revisions\/8254"}],"wp:featuredmedia":[{"embeddable":true,"href":"https:\/\/www.oaxaca.gob.mx\/cao\/wp-json\/wp\/v2\/media\/8256"}],"wp:attachment":[{"href":"https:\/\/www.oaxaca.gob.mx\/cao\/wp-json\/wp\/v2\/media?parent=8251"}],"wp:term":[{"taxonomy":"category","embeddable":true,"href":"https:\/\/www.oaxaca.gob.mx\/cao\/wp-json\/wp\/v2\/categories?post=8251"},{"taxonomy":"post_tag","embeddable":true,"href":"https:\/\/www.oaxaca.gob.mx\/cao\/wp-json\/wp\/v2\/tags?post=8251"}],"curies":[{"name":"wp","href":"https:\/\/api.w.org\/{rel}","templated":true}]}}