{"id":7900,"date":"2019-10-16T19:36:19","date_gmt":"2019-10-17T00:36:19","guid":{"rendered":"https:\/\/www.oaxaca.gob.mx\/cao\/?p=7900"},"modified":"2019-10-16T19:36:19","modified_gmt":"2019-10-17T00:36:19","slug":"con-actividades-deportivas-cao-celebra-dia-del-caminero","status":"publish","type":"post","link":"https:\/\/www.oaxaca.gob.mx\/cao\/con-actividades-deportivas-cao-celebra-dia-del-caminero\/","title":{"rendered":"Con actividades deportivas CAO celebra D\u00eda del Caminero."},"content":{"rendered":"\r\n<div class=\"gdgallery-gallery-container\" id=\"gdgallery-container-38\" data-id=\"38\">\r\n    \r\n\r\n<div id=\"gdgallery_container_38\" style=\"display:none;\" data-view=\"slider\">\r\n\r\n            <img decoding=\"async\" alt=\"\"\r\n             data-type=\"image\"\r\n             src=\"https:\/\/www.oaxaca.gob.mx\/cao\/wp-content\/uploads\/sites\/5\/2019\/10\/WhatsApp-Image-2019-10-16-at-6.00.46-PM-1.jpeg\"\r\n             data-image=\"https:\/\/www.oaxaca.gob.mx\/cao\/wp-content\/uploads\/sites\/5\/2019\/10\/WhatsApp-Image-2019-10-16-at-6.00.46-PM-1.jpeg\"\r\n             data-description=\"\"\r\n                         style=\"display:block\">\r\n\r\n            <img decoding=\"async\" alt=\"\"\r\n             data-type=\"image\"\r\n             src=\"https:\/\/www.oaxaca.gob.mx\/cao\/wp-content\/uploads\/sites\/5\/2019\/10\/WhatsApp-Image-2019-10-16-at-6.00.47-PM.jpeg\"\r\n             data-image=\"https:\/\/www.oaxaca.gob.mx\/cao\/wp-content\/uploads\/sites\/5\/2019\/10\/WhatsApp-Image-2019-10-16-at-6.00.47-PM.jpeg\"\r\n             data-description=\"\"\r\n                         style=\"display:block\">\r\n\r\n            <img decoding=\"async\" alt=\"\"\r\n             data-type=\"image\"\r\n             src=\"https:\/\/www.oaxaca.gob.mx\/cao\/wp-content\/uploads\/sites\/5\/2019\/10\/WhatsApp-Image-2019-10-16-at-6.00.46-PM.jpeg\"\r\n             data-image=\"https:\/\/www.oaxaca.gob.mx\/cao\/wp-content\/uploads\/sites\/5\/2019\/10\/WhatsApp-Image-2019-10-16-at-6.00.46-PM.jpeg\"\r\n             data-description=\"\"\r\n                         style=\"display:block\">\r\n\r\n            <img decoding=\"async\" alt=\"\"\r\n             data-type=\"image\"\r\n             src=\"https:\/\/www.oaxaca.gob.mx\/cao\/wp-content\/uploads\/sites\/5\/2019\/10\/WhatsApp-Image-2019-10-16-at-6.00.45-PM.jpeg\"\r\n             data-image=\"https:\/\/www.oaxaca.gob.mx\/cao\/wp-content\/uploads\/sites\/5\/2019\/10\/WhatsApp-Image-2019-10-16-at-6.00.45-PM.jpeg\"\r\n             data-description=\"\"\r\n                         style=\"display:block\">\r\n\r\n            <img decoding=\"async\" alt=\"\"\r\n             data-type=\"image\"\r\n             src=\"https:\/\/www.oaxaca.gob.mx\/cao\/wp-content\/uploads\/sites\/5\/2019\/10\/WhatsApp-Image-2019-10-16-at-6.00.45-PM-1.jpeg\"\r\n             data-image=\"https:\/\/www.oaxaca.gob.mx\/cao\/wp-content\/uploads\/sites\/5\/2019\/10\/WhatsApp-Image-2019-10-16-at-6.00.45-PM-1.jpeg\"\r\n             data-description=\"\"\r\n                         style=\"display:block\">\r\n\r\n            <img decoding=\"async\" alt=\"\"\r\n             data-type=\"image\"\r\n             src=\"https:\/\/www.oaxaca.gob.mx\/cao\/wp-content\/uploads\/sites\/5\/2019\/10\/WhatsApp-Image-2019-10-16-at-6.00.44-PM.jpeg\"\r\n             data-image=\"https:\/\/www.oaxaca.gob.mx\/cao\/wp-content\/uploads\/sites\/5\/2019\/10\/WhatsApp-Image-2019-10-16-at-6.00.44-PM.jpeg\"\r\n             data-description=\"\"\r\n                         style=\"display:block\">\r\n\r\n            <img decoding=\"async\" alt=\"\"\r\n             data-type=\"image\"\r\n             src=\"https:\/\/www.oaxaca.gob.mx\/cao\/wp-content\/uploads\/sites\/5\/2019\/10\/WhatsApp-Image-2019-10-16-at-6.00.44-PM-1.jpeg\"\r\n             data-image=\"https:\/\/www.oaxaca.gob.mx\/cao\/wp-content\/uploads\/sites\/5\/2019\/10\/WhatsApp-Image-2019-10-16-at-6.00.44-PM-1.jpeg\"\r\n             data-description=\"\"\r\n                         style=\"display:block\">\r\n\r\n            <img decoding=\"async\" alt=\"\"\r\n             data-type=\"image\"\r\n             src=\"https:\/\/www.oaxaca.gob.mx\/cao\/wp-content\/uploads\/sites\/5\/2019\/10\/WhatsApp-Image-2019-10-16-at-6.00.43-PM.jpeg\"\r\n             data-image=\"https:\/\/www.oaxaca.gob.mx\/cao\/wp-content\/uploads\/sites\/5\/2019\/10\/WhatsApp-Image-2019-10-16-at-6.00.43-PM.jpeg\"\r\n             data-description=\"\"\r\n                         style=\"display:block\">\r\n\r\n            <img decoding=\"async\" alt=\"\"\r\n             data-type=\"image\"\r\n             src=\"https:\/\/www.oaxaca.gob.mx\/cao\/wp-content\/uploads\/sites\/5\/2019\/10\/WhatsApp-Image-2019-10-16-at-6.00.42-PM.jpeg\"\r\n             data-image=\"https:\/\/www.oaxaca.gob.mx\/cao\/wp-content\/uploads\/sites\/5\/2019\/10\/WhatsApp-Image-2019-10-16-at-6.00.42-PM.jpeg\"\r\n             data-description=\"\"\r\n                         style=\"display:block\">\r\n\r\n            <img decoding=\"async\" alt=\"\"\r\n             data-type=\"image\"\r\n             src=\"https:\/\/www.oaxaca.gob.mx\/cao\/wp-content\/uploads\/sites\/5\/2019\/10\/WhatsApp-Image-2019-10-16-at-6.00.39-PM.jpeg\"\r\n             data-image=\"https:\/\/www.oaxaca.gob.mx\/cao\/wp-content\/uploads\/sites\/5\/2019\/10\/WhatsApp-Image-2019-10-16-at-6.00.39-PM.jpeg\"\r\n             data-description=\"\"\r\n                         style=\"display:block\">\r\n\r\n            <img decoding=\"async\" alt=\"\"\r\n             data-type=\"image\"\r\n             src=\"https:\/\/www.oaxaca.gob.mx\/cao\/wp-content\/uploads\/sites\/5\/2019\/10\/WhatsApp-Image-2019-10-16-at-6.00.40-PM.jpeg\"\r\n             data-image=\"https:\/\/www.oaxaca.gob.mx\/cao\/wp-content\/uploads\/sites\/5\/2019\/10\/WhatsApp-Image-2019-10-16-at-6.00.40-PM.jpeg\"\r\n             data-description=\"\"\r\n                         style=\"display:block\">\r\n\r\n            <img decoding=\"async\" alt=\"\"\r\n             data-type=\"image\"\r\n             src=\"https:\/\/www.oaxaca.gob.mx\/cao\/wp-content\/uploads\/sites\/5\/2019\/10\/WhatsApp-Image-2019-10-16-at-6.00.41-PM-1.jpeg\"\r\n             data-image=\"https:\/\/www.oaxaca.gob.mx\/cao\/wp-content\/uploads\/sites\/5\/2019\/10\/WhatsApp-Image-2019-10-16-at-6.00.41-PM-1.jpeg\"\r\n             data-description=\"\"\r\n                         style=\"display:block\">\r\n\r\n            <img decoding=\"async\" alt=\"\"\r\n             data-type=\"image\"\r\n             src=\"https:\/\/www.oaxaca.gob.mx\/cao\/wp-content\/uploads\/sites\/5\/2019\/10\/WhatsApp-Image-2019-10-16-at-6.00.41-PM.jpeg\"\r\n             data-image=\"https:\/\/www.oaxaca.gob.mx\/cao\/wp-content\/uploads\/sites\/5\/2019\/10\/WhatsApp-Image-2019-10-16-at-6.00.41-PM.jpeg\"\r\n             data-description=\"\"\r\n                         style=\"display:block\">\r\n\r\n            <img decoding=\"async\" alt=\"\"\r\n             data-type=\"image\"\r\n             src=\"https:\/\/www.oaxaca.gob.mx\/cao\/wp-content\/uploads\/sites\/5\/2019\/10\/WhatsApp-Image-2019-10-16-at-6.00.42-PM-1.jpeg\"\r\n             data-image=\"https:\/\/www.oaxaca.gob.mx\/cao\/wp-content\/uploads\/sites\/5\/2019\/10\/WhatsApp-Image-2019-10-16-at-6.00.42-PM-1.jpeg\"\r\n             data-description=\"\"\r\n                         style=\"display:block\">\r\n\r\n            <img decoding=\"async\" alt=\"\"\r\n             data-type=\"image\"\r\n             src=\"https:\/\/www.oaxaca.gob.mx\/cao\/wp-content\/uploads\/sites\/5\/2019\/10\/WhatsApp-Image-2019-10-16-at-5.55.37-PM.jpeg\"\r\n             data-image=\"https:\/\/www.oaxaca.gob.mx\/cao\/wp-content\/uploads\/sites\/5\/2019\/10\/WhatsApp-Image-2019-10-16-at-5.55.37-PM.jpeg\"\r\n             data-description=\"\"\r\n                         style=\"display:block\">\r\n\r\n    \r\n<\/div>\r\n\r\n<script type=\"text\/javascript\">\r\n    (function() {\r\n        var runMyCode = function() {\r\n            jQuery(document).ready(function () {\r\n                var container = jQuery(\"#gdgallery_container_38\");\r\n                container.unitegallery({\"gallery_theme\":\"slider\",\"gallery_images_preload_type\":\"minimal\",\"gallery_width\":\"900\",\"gallery_height\":\"500\",\"gallery_autoplay\":true,\"gallery_play_interval\":\"5000\",\"gallery_pause_on_mouseover\":true,\"slider_scale_mode\":\"fill\",\"slider_transition\":\"slide\",\"slider_transition_speed\":1500,\"slider_loader_type\":1,\"slider_loader_color\":\"white\",\"slider_enable_bullets\":true,\"slider_bullets_align_hor\":\"center\",\"slider_bullets_align_vert\":\"bottom\",\"slider_enable_arrows\":true,\"slider_enable_progress_indicator\":true,\"slider_progress_indicator_type\":\"pie\",\"slider_progress_indicator_align_hor\":\"right\",\"slider_progress_indicator_align_vert\":\"top\",\"slider_enable_play_button\":false,\"slider_play_button_align_hor\":\"left\",\"slider_play_button_align_vert\":\"top\",\"slider_enable_fullscreen_button\":false,\"slider_fullscreen_button_align_hor\":\"left\",\"slider_fullscreen_button_align_vert\":\"top\",\"slider_control_zoom\":true,\"slider_enable_zoom_panel\":false,\"slider_zoompanel_align_hor\":\"left\",\"slider_zoompanel_align_vert\":\"top\",\"slider_controls_always_on\":false,\"slider_videoplay_button_type\":\"round\",\"slider_textpanel_always_on\":false,\"slider_enable_text_panel\":true,\"slider_textpanel_enable_title\":true,\"slider_textpanel_enable_description\":true,\"slider_textpanel_enable_bg\":true,\"gallery_carousel\":true,\"slider_textpanel_bg_color\":\"#000000\",\"slider_textpanel_bg_opacity\":0.7,\"slider_textpanel_title_font_size\":\"17\",\"slider_textpanel_title_color\":\"#FFFFFF\",\"slider_textpanel_desc_font_size\":\"14\",\"slider_textpanel_desc_color\":\"#FFFFFF\",\"slider_progress_indicator_offset_hor\":5,\"slider_progress_indicator_offset_vert\":5,\"slider_play_button_offset_hor\":60,\"slider_play_button_offset_vert\":8,\"slider_fullscreen_button_offset_hor\":37,\"slider_fullscreen_button_offset_vert\":9,\"slider_zoompanel_offset_hor\":12,\"slider_zoompanel_offset_vert\":40});\r\n            });\r\n        };\r\n        var timer = function() {\r\n            if (window.jQuery) {runMyCode(window.jQuery);}\r\n            else {window.setTimeout(timer, 100);}\r\n        };\r\n        timer();\r\n    })();\r\n<\/script><style>\r\n\r\n#gdgallery_container_38{}<\/style>\r\n<\/div>\r\n\r\n\r\n\r\n\r\n\r\n\n<\/p>\n<p><span style=\"font-weight: bold\">Reyes Mantec\u00f3n, Oax. 16 de Octubre del 2019.-<\/span>&nbsp;En un marco de compa\u00f1erismo, las y los trabajadores de Caminos y Aeropistas de Oaxaca, participaron en las actividades deportivas que se desarrollaron como parte de los festejos del \u201cD\u00eda del caminero 2019\u201d.<\/p>\n<p style=\"text-align: justify\">Con la participaci\u00f3n de mujeres y hombres que laboran en esta dependencia, se llev\u00f3 a cabo durante dos meses los torneos de volibol, b\u00e1squetbol y futbol, adem\u00e1s de la carrera atl\u00e9tica que a\u00f1o con a\u00f1o cierra los eventos deportivos del d\u00eda del caminero.<\/p>\n<p style=\"text-align: justify\">La carrera se llev\u00f3 a cabo en el circuito de cinco kil\u00f3metros del \u201cBosque El Tequio\u201d, en donde mujeres y hombres corrieron para convivir y fomentar el deporte entre los compa\u00f1eros. Los primeros lugares para la rama varonil fueron para: Alberto V\u00e1squez Miguel en la categor\u00eda Libre, Jes\u00fas Ram\u00edrez D\u00edaz en la categor\u00eda veteranos, en la Sub-master la primera posici\u00f3n fue para Jorge Hern\u00e1ndez Hern\u00e1ndez, en la categor\u00eda Master el triunfo se lo llevo Liberio Alejandro Castellanos Caballero, Luis Miguel Bautista Caballero en la categor\u00eda cl\u00e1sicos y en la categor\u00eda especial el primer lugar  se lo adjudico Gildardo Cruz Trujillo.<\/p>\n<p style=\"text-align: justify\">En la rama femenil, el primer lugar de la categor\u00eda libre fue para Lorena Ramos Garc\u00eda, en la categor\u00eda de veteranas el primer sitio se lo adjudico Gabriela de la Luz Matadamas, por su parte Concepci\u00f3n Guadalupe Hern\u00e1ndez Garc\u00eda  se llev\u00f3 el triunfo en la categor\u00eda sub-master, en la categor\u00eda master Zoila Leyva Martinez fue la triunfadora, en la categor\u00eda Cl\u00e1sicos el triunfo fue para Vitalina Vel\u00e1squez Miguel y en la categor\u00eda especial, competidoras mayores de 60 a\u00f1os el triunfo fue para Yolanda Guzm\u00e1n Ju\u00e1rez.<\/p>\n<p style=\"text-align: justify\">Las finales varonil y femenil del torneo de Futbol se jugaron en las canchas de \u201cLa Cascara\u201d, donde en la rama femenil la disputa por el primer lugar se disputo entre \u201cGal\u00e1cticas y \u201c\u00danicas\u201d, donde las \u201cGal\u00e1cticas\u201d se coronaron campeonas, y el primer lugar en la rama varonil fue para el equipo de \u201cLos Huachicoleros\u201d, quienes derrotaron con marcador de  los integrantes del equipo de la Direcci\u00f3n Administrativa, el tercer lugar femenil fue para las chicas de Obras y el equipo del \u201cTequio\u201d para la rama varonil.<\/p>\n<p style=\"text-align: justify\">En el Basquetbol femenil el triunfo fue para las chicas del equipo de obras, el segundo y tercer lugar fue para Chicas M\u00e1gicas y Guerreras, respectivamente. Mientras que en la rama varonil, Obras se qued\u00f3 con el primer lugar, el segundo lugar fue para el equipo de Residencia Oaxaca y el tercer sitio fue para el equipo de Ixtl\u00e1n.<\/p>\n<p style=\"text-align: justify\">El torneo de Volibol se jug\u00f3 de manera mixta, quedando nuevamente como campe\u00f3n el equipo de Volillitos, quien se ha coronado en estos \u00faltimos seis a\u00f1os como campeones invictos, el segundo lugar fue para el equipo de Amigos Unidos y el tercer puesto fue para el equipo de Planeaci\u00f3n.<\/p>\n<p style=\"text-align: justify\">El D\u00eda del Caminero se celebra en M\u00e9xico cada 17 de octubre, como un reconocimiento a la labor que realizan los trabajadores que construyen y dan mantenimiento a las carreteras del Pa\u00eds. La fecha fue establecida en 1925, siendo presidente de la Rep\u00fablica, Plutarco El\u00edas Calles<\/p>\n","protected":false},"excerpt":{"rendered":"<p>Reyes Mantec\u00f3n, Oax. 16 de Octubre del 2019.-&nbsp;En un marco de compa\u00f1erismo, las y los trabajadores de Caminos y Aeropistas de Oaxaca, participaron en las actividades deportivas que se desarrollaron como parte de los festejos del \u201cD\u00eda del caminero 2019\u201d. Con la participaci\u00f3n de mujeres y hombres que laboran en esta dependencia, se llev\u00f3 a [&hellip;]<\/p>\n","protected":false},"author":2,"featured_media":7899,"comment_status":"open","ping_status":"open","sticky":false,"template":"","format":"standard","meta":{"episode_type":"","audio_file":"","podmotor_file_id":"","podmotor_episode_id":"","cover_image":"","cover_image_id":"","duration":"","filesize":"","filesize_raw":"","date_recorded":"","explicit":"","block":"","itunes_episode_number":"","itunes_title":"","itunes_season_number":"","itunes_episode_type":"","footnotes":""},"categories":[6,26],"tags":[],"class_list":["post-7900","post","type-post","status-publish","format-standard","has-post-thumbnail","hentry","category-boletines2019","category-mostrar-en-slider-principal"],"featured_image_src":"","publishpress_future_action":{"enabled":false,"date":"2026-05-04 14:28:32","action":"change-status","newStatus":"draft","terms":[],"taxonomy":"category","extraData":[]},"publishpress_future_workflow_manual_trigger":{"enabledWorkflows":[]},"_links":{"self":[{"href":"https:\/\/www.oaxaca.gob.mx\/cao\/wp-json\/wp\/v2\/posts\/7900","targetHints":{"allow":["GET"]}}],"collection":[{"href":"https:\/\/www.oaxaca.gob.mx\/cao\/wp-json\/wp\/v2\/posts"}],"about":[{"href":"https:\/\/www.oaxaca.gob.mx\/cao\/wp-json\/wp\/v2\/types\/post"}],"author":[{"embeddable":true,"href":"https:\/\/www.oaxaca.gob.mx\/cao\/wp-json\/wp\/v2\/users\/2"}],"replies":[{"embeddable":true,"href":"https:\/\/www.oaxaca.gob.mx\/cao\/wp-json\/wp\/v2\/comments?post=7900"}],"version-history":[{"count":3,"href":"https:\/\/www.oaxaca.gob.mx\/cao\/wp-json\/wp\/v2\/posts\/7900\/revisions"}],"predecessor-version":[{"id":7903,"href":"https:\/\/www.oaxaca.gob.mx\/cao\/wp-json\/wp\/v2\/posts\/7900\/revisions\/7903"}],"wp:featuredmedia":[{"embeddable":true,"href":"https:\/\/www.oaxaca.gob.mx\/cao\/wp-json\/wp\/v2\/media\/7899"}],"wp:attachment":[{"href":"https:\/\/www.oaxaca.gob.mx\/cao\/wp-json\/wp\/v2\/media?parent=7900"}],"wp:term":[{"taxonomy":"category","embeddable":true,"href":"https:\/\/www.oaxaca.gob.mx\/cao\/wp-json\/wp\/v2\/categories?post=7900"},{"taxonomy":"post_tag","embeddable":true,"href":"https:\/\/www.oaxaca.gob.mx\/cao\/wp-json\/wp\/v2\/tags?post=7900"}],"curies":[{"name":"wp","href":"https:\/\/api.w.org\/{rel}","templated":true}]}}