{"id":7880,"date":"2019-10-15T20:48:16","date_gmt":"2019-10-16T01:48:16","guid":{"rendered":"https:\/\/www.oaxaca.gob.mx\/cao\/?p=7880"},"modified":"2019-10-15T20:48:16","modified_gmt":"2019-10-16T01:48:16","slug":"reconoce-cao-trayectoria-de-empleados-en-el-dia-del-caminero","status":"publish","type":"post","link":"https:\/\/www.oaxaca.gob.mx\/cao\/reconoce-cao-trayectoria-de-empleados-en-el-dia-del-caminero\/","title":{"rendered":"Reconoce CAO trayectoria de empleados en el D\u00eda del Caminero."},"content":{"rendered":"\r\n<div class=\"gdgallery-gallery-container\" id=\"gdgallery-container-36\" data-id=\"36\">\r\n    \r\n<div id=\"gdgallery_container_36\" style=\"display:none;\" data-view=\"justified\">\r\n            <a href=\"\" target=\"_blank\">\r\n            <img decoding=\"async\" alt=\"\"\r\n                 data-type=\"image\"\r\n                 src=\"https:\/\/www.oaxaca.gob.mx\/cao\/wp-content\/uploads\/sites\/5\/2019\/10\/WhatsApp-Image-2019-10-15-at-7.11.49-PM.jpeg\"\r\n                 data-image=\"https:\/\/www.oaxaca.gob.mx\/cao\/wp-content\/uploads\/sites\/5\/2019\/10\/WhatsApp-Image-2019-10-15-at-7.11.49-PM.jpeg\"\r\n                 data-description=\"\"\r\n                                 style=\"display:block\">\r\n        <\/a>\r\n            <a href=\"\" target=\"_blank\">\r\n            <img decoding=\"async\" alt=\"\"\r\n                 data-type=\"image\"\r\n                 src=\"https:\/\/www.oaxaca.gob.mx\/cao\/wp-content\/uploads\/sites\/5\/2019\/10\/WhatsApp-Image-2019-10-15-at-7.11.50-PM-1.jpeg\"\r\n                 data-image=\"https:\/\/www.oaxaca.gob.mx\/cao\/wp-content\/uploads\/sites\/5\/2019\/10\/WhatsApp-Image-2019-10-15-at-7.11.50-PM-1.jpeg\"\r\n                 data-description=\"\"\r\n                                 style=\"display:block\">\r\n        <\/a>\r\n            <a href=\"\" target=\"_blank\">\r\n            <img decoding=\"async\" alt=\"\"\r\n                 data-type=\"image\"\r\n                 src=\"https:\/\/www.oaxaca.gob.mx\/cao\/wp-content\/uploads\/sites\/5\/2019\/10\/WhatsApp-Image-2019-10-15-at-7.11.50-PM.jpeg\"\r\n                 data-image=\"https:\/\/www.oaxaca.gob.mx\/cao\/wp-content\/uploads\/sites\/5\/2019\/10\/WhatsApp-Image-2019-10-15-at-7.11.50-PM.jpeg\"\r\n                 data-description=\"\"\r\n                                 style=\"display:block\">\r\n        <\/a>\r\n            <a href=\"\" target=\"_blank\">\r\n            <img decoding=\"async\" alt=\"\"\r\n                 data-type=\"image\"\r\n                 src=\"https:\/\/www.oaxaca.gob.mx\/cao\/wp-content\/uploads\/sites\/5\/2019\/10\/WhatsApp-Image-2019-10-15-at-7.11.51-PM.jpeg\"\r\n                 data-image=\"https:\/\/www.oaxaca.gob.mx\/cao\/wp-content\/uploads\/sites\/5\/2019\/10\/WhatsApp-Image-2019-10-15-at-7.11.51-PM.jpeg\"\r\n                 data-description=\"\"\r\n                                 style=\"display:block\">\r\n        <\/a>\r\n            <a href=\"\" target=\"_blank\">\r\n            <img decoding=\"async\" alt=\"\"\r\n                 data-type=\"image\"\r\n                 src=\"https:\/\/www.oaxaca.gob.mx\/cao\/wp-content\/uploads\/sites\/5\/2019\/10\/WhatsApp-Image-2019-10-15-at-7.11.52-PM-1.jpeg\"\r\n                 data-image=\"https:\/\/www.oaxaca.gob.mx\/cao\/wp-content\/uploads\/sites\/5\/2019\/10\/WhatsApp-Image-2019-10-15-at-7.11.52-PM-1.jpeg\"\r\n                 data-description=\"\"\r\n                                 style=\"display:block\">\r\n        <\/a>\r\n            <a href=\"\" target=\"_blank\">\r\n            <img decoding=\"async\" alt=\"\"\r\n                 data-type=\"image\"\r\n                 src=\"https:\/\/www.oaxaca.gob.mx\/cao\/wp-content\/uploads\/sites\/5\/2019\/10\/WhatsApp-Image-2019-10-15-at-7.11.52-PM.jpeg\"\r\n                 data-image=\"https:\/\/www.oaxaca.gob.mx\/cao\/wp-content\/uploads\/sites\/5\/2019\/10\/WhatsApp-Image-2019-10-15-at-7.11.52-PM.jpeg\"\r\n                 data-description=\"\"\r\n                                 style=\"display:block\">\r\n        <\/a>\r\n            <a href=\"\" target=\"_blank\">\r\n            <img decoding=\"async\" alt=\"\"\r\n                 data-type=\"image\"\r\n                 src=\"https:\/\/www.oaxaca.gob.mx\/cao\/wp-content\/uploads\/sites\/5\/2019\/10\/WhatsApp-Image-2019-10-15-at-7.12.32-PM.jpeg\"\r\n                 data-image=\"https:\/\/www.oaxaca.gob.mx\/cao\/wp-content\/uploads\/sites\/5\/2019\/10\/WhatsApp-Image-2019-10-15-at-7.12.32-PM.jpeg\"\r\n                 data-description=\"\"\r\n                                 style=\"display:block\">\r\n        <\/a>\r\n    <\/div>\r\n\r\n\r\n\r\n<script type=\"text\/javascript\">\r\n\r\n\r\n    (function() {\r\n        var runMyCode = function() {\r\n            jQuery(document).ready(function () {\r\n                var container = jQuery(\"#gdgallery_container_36\");\r\n                container.unitegallery({\"gallery_theme\":\"justified\",\"tiles_type\":\"justified\",\"tiles_justified_space_between\":10,\"tile_enable_textpanel\":true,\"tile_textpanel_always_on\":true,\"tile_textpanel_title_text_align\":\"center\",\"tile_textpanel_title_font_size\":\"16\",\"tile_textpanel_title_color\":\"#FFFFFF\",\"tile_textpanel_bg_color\":\"#333333\",\"tile_textpanel_bg_opacity\":0.7,\"tile_enable_border\":true,\"tile_border_width\":\"0\",\"tile_border_color\":\"#333333\",\"tile_border_radius\":\"0\",\"tile_enable_overlay\":true,\"tile_enable_image_effect\":true,\"tile_image_effect_type\":\"blur\",\"tile_image_effect_reverse\":true,\"tile_enable_shadow\":false,\"tile_as_link\":false,\"tile_enable_icons\":true,\"tile_show_link_icon\":true,\"tile_textpanel_appear_type\":\"slide\",\"tile_textpanel_position\":\"inside_bottom\",\"tile_link_newpage\":true,\"lightbox_type\":\"wide\",\"lightbox_arrows_offset\":0,\"lightbox_overlay_color\":\"#000000\",\"lightbox_overlay_opacity\":1,\"lightbox_top_panel_opacity\":1,\"lightbox_show_numbers\":true,\"lightbox_numbers_size\":\"15\",\"lightbox_numbers_color\":\"#FFFFFF\",\"lightbox_slider_image_border_width\":\"0\",\"lightbox_slider_image_border_color\":\"#FFFFFF\",\"lightbox_slider_image_border_radius\":0,\"lightbox_slider_image_shadow\":true,\"lightbox_slider_control_swipe\":true,\"lightbox_slider_control_zoom\":true,\"lightbox_slider_image_border\":true,\"lightbox_show_textpanel\":true,\"lightbox_textpanel_enable_title\":true,\"lightbox_textpanel_enable_description\":false,\"lightbox_textpanel_padding_top\":5,\"lightbox_textpanel_padding_bottom\":5,\"lightbox_textpanel_padding_right\":5,\"lightbox_textpanel_padding_left\":5,\"lightbox_textpanel_title_color\":\"#FFFFFF\",\"lightbox_textpanel_title_text_align\":\"center\",\"lightbox_textpanel_title_font_size\":\"16\",\"lightbox_textpanel_desc_color\":\"#FFFFFF\",\"lightbox_textpanel_desc_text_align\":\"center\",\"lightbox_textpanel_desc_font_size\":\"14\"});\r\n            });\r\n        };\r\n        var timer = function() {\r\n            if (window.jQuery) {runMyCode(window.jQuery);}\r\n            else {window.setTimeout(timer, 100);}\r\n        };\r\n        timer();\r\n    })();\r\n<\/script><style>\r\n#gdgallery-container-36 {\r\n   text-align: center}\r\n\r\n.gdgallery-pagination-36{\r\ntext-align: center !important;\r\n}\r\n\r\n.gdgallery-pagination-36 a{\r\n    font-size: 15px !important;\r\n    padding: 8px 13px !important;\r\n    margin: 3px !important;\r\n    border: 1px solid #333333 !important;\r\n    border-radius: 0px !important;\r\n    color: #333333 !important;\r\n    background-color: #FFFFFF !important;\r\n    font-family: monospace !important;\r\n}\r\n\r\n.gdgallery-pagination-36 a:hover, .gdgallery-pagination-36 a.gdgallery-pagination-icon-active{\r\n    color: #FFFFFF !important;\r\n    background-color: #333333 !important;\r\n    border-color: #333333 !important;\r\n}\r\n\r\n#gdgallery-container-36 .gdgallery_load_more_space{\r\n    margin-top: 20px !important;\r\n    text-align: center !important;\r\n}\r\n\r\n#gdgallery-container-36 .gdgallery_load_more_space button{\r\n                      padding: 8px 13px !important;\r\n    font-size: 15px !important;\r\n    background-color: #333333 !important;\r\n    color: #FFFFFF !important;\r\n    border:1px solid #333333 !important;\r\n                      border-radius: 0px !important;\r\n                      font-family: monospace !important;\r\n                  }\r\n#gdgallery-container-36 .gdgallery_load_more_space button:hover{\r\n                      background-color: #FFFFFF !important;\r\n                      color: #333333 !important;\r\n                      border-color: #333333 !important;\r\n                  }\r\n\r\n#gdgallery-container-36 .gdgallery_load_more_space button,\r\n#gdgallery-container-36 .gdgallery_load_more_space button:hover,\r\n#gdgallery-container-36 .gdgallery_load_more_space button:active,\r\n#gdgallery-container-36 .gdgallery_load_more_space button:focus{\r\n    outline: none !important;\r\n}\r\n\r\n\r\n#gdgallery-container-36 .gdgallery_loading li{\r\n                      border: 3px solid #333333 !important;\r\n                  }\r\n\r\n.ug-lightbox .ug-lightbox-top-panel-overlay{\r\n    background-color: #000000 !important;\r\n}\r\n\r\n\r\n                  #gdgallery_container_36{}\r\n<\/style>\r\n\r\n\r\n\r\n<\/div>\r\n\r\n\r\n\r\n\r\n\r\n\n<\/p>\n<p><span style=\"font-weight: bold\">Reyes Mantec\u00f3n, Oax. 14 de Octubre del 2019.-<\/span>&nbsp;El titular de caminos y Aeropistas de Oaxaca, Ing. David Miguel Mayr\u00e9n Carrasco, encabezo la entrega de reconocimientos a trabajadoras y trabajadores que han prestado sus servicios durante 20, 25 y 29 a\u00f1os en esta instituci\u00f3n.<\/p>\n<p style=\"text-align: justify\">Con la presencia del Secretario de Administraci\u00f3n, German Espinoza Santib\u00e1\u00f1ez, Secretario de Administraci\u00f3n del Gobierno del Estado de Oaxaca, Rafael V\u00e1squez Miguel, Secretario del Sindicato \u00danico de Trabajadores SUTCAO  y directivos de la instituci\u00f3n, el titular del organismo   agradeci\u00f3 la labor de la base trabajadora y directivos, quienes son el principal engrane para que a instituci\u00f3n logre la encomienda para la que fue creada.<\/p>\n<p style=\"text-align: justify\">Desde la tribuna del Teatro Macedonio Alcal\u00e1, Mayr\u00e9n Carrasco expres\u00f3 que los retos son tit\u00e1nicos, al vivir en un estado con una orograf\u00eda que nos pone retos may\u00fasculos  por las condiciones climatol\u00f3gicas a las que estamos expuestos, y que pese a los desastres naturales a los que nos hemos enfrentado, las trabajadoras y trabajadores del organismo, asumen sus tareas con profesionalismo, dedicaci\u00f3n y compromiso, accionando para mejorar la conectividad y detonar el desarrollo integral de las localidades con sus municipios, los municipios con sus regiones, las regiones con el Estado.<\/p>\n<p style=\"text-align: justify\">\u201cLos invito a redoblar esfuerzos para seguir trabajando hombro a hombro, mano a mano con las autoridades municipales y los gremios de ingenieros y arquitectos, la suma de voluntades es fundamental para cumplir con el  objetivo de esta instituci\u00f3n\u201d asever\u00f3.<\/p>\n<p style=\"text-align: justify\">En la entrega de reconocimientos, el titular del organismo record\u00f3 a los compa\u00f1eros y compa\u00f1eras, que en su momento formaron parte de este gran equipo de trabajo y que lamentablemente se han adelantado, para quienes pidi\u00f3 brindarles un minuto de aplausos,  pues dejaron una huella imborrable por su profesionalismo, su calidad humana y entrega en el desempe\u00f1o laboral.<\/p>\n<p style=\"text-align: justify\">En su participaci\u00f3n, El Secretario General del SUTCAO Rafael V\u00e1squez Miguel, agradeci\u00f3 al personal por su trabajo diario durante 20, 25 y 29 a\u00f1os de servicio y solicit\u00f3  redoblar esfuerzos en las labores diarias y sobre todo en las situaciones de emergencia, cuando los embates de la naturaleza dejan afectaciones severas en las carreteras y caminos de la entidad.<\/p>\n<p style=\"text-align: justify\">Despu\u00e9s de la ceremonia de entrega, los asistentes se deleitaron con las melod\u00edas de la Orquesta Sinf\u00f3nica Infantil y Juvenil de la Direcci\u00f3n de Desarrollo Educativo del IEEPO, quienes ofrecieron un concierto.<\/p>\n","protected":false},"excerpt":{"rendered":"<p>Reyes Mantec\u00f3n, Oax. 14 de Octubre del 2019.-&nbsp;El titular de caminos y Aeropistas de Oaxaca, Ing. David Miguel Mayr\u00e9n Carrasco, encabezo la entrega de reconocimientos a trabajadoras y trabajadores que han prestado sus servicios durante 20, 25 y 29 a\u00f1os en esta instituci\u00f3n. Con la presencia del Secretario de Administraci\u00f3n, German Espinoza Santib\u00e1\u00f1ez, Secretario de [&hellip;]<\/p>\n","protected":false},"author":2,"featured_media":7882,"comment_status":"open","ping_status":"open","sticky":false,"template":"","format":"standard","meta":{"episode_type":"","audio_file":"","podmotor_file_id":"","podmotor_episode_id":"","cover_image":"","cover_image_id":"","duration":"","filesize":"","filesize_raw":"","date_recorded":"","explicit":"","block":"","itunes_episode_number":"","itunes_title":"","itunes_season_number":"","itunes_episode_type":"","footnotes":""},"categories":[6,26],"tags":[],"class_list":["post-7880","post","type-post","status-publish","format-standard","has-post-thumbnail","hentry","category-boletines2019","category-mostrar-en-slider-principal"],"featured_image_src":"","publishpress_future_action":{"enabled":false,"date":"2026-05-04 14:36:53","action":"change-status","newStatus":"draft","terms":[],"taxonomy":"category","extraData":[]},"publishpress_future_workflow_manual_trigger":{"enabledWorkflows":[]},"_links":{"self":[{"href":"https:\/\/www.oaxaca.gob.mx\/cao\/wp-json\/wp\/v2\/posts\/7880","targetHints":{"allow":["GET"]}}],"collection":[{"href":"https:\/\/www.oaxaca.gob.mx\/cao\/wp-json\/wp\/v2\/posts"}],"about":[{"href":"https:\/\/www.oaxaca.gob.mx\/cao\/wp-json\/wp\/v2\/types\/post"}],"author":[{"embeddable":true,"href":"https:\/\/www.oaxaca.gob.mx\/cao\/wp-json\/wp\/v2\/users\/2"}],"replies":[{"embeddable":true,"href":"https:\/\/www.oaxaca.gob.mx\/cao\/wp-json\/wp\/v2\/comments?post=7880"}],"version-history":[{"count":1,"href":"https:\/\/www.oaxaca.gob.mx\/cao\/wp-json\/wp\/v2\/posts\/7880\/revisions"}],"predecessor-version":[{"id":7881,"href":"https:\/\/www.oaxaca.gob.mx\/cao\/wp-json\/wp\/v2\/posts\/7880\/revisions\/7881"}],"wp:featuredmedia":[{"embeddable":true,"href":"https:\/\/www.oaxaca.gob.mx\/cao\/wp-json\/wp\/v2\/media\/7882"}],"wp:attachment":[{"href":"https:\/\/www.oaxaca.gob.mx\/cao\/wp-json\/wp\/v2\/media?parent=7880"}],"wp:term":[{"taxonomy":"category","embeddable":true,"href":"https:\/\/www.oaxaca.gob.mx\/cao\/wp-json\/wp\/v2\/categories?post=7880"},{"taxonomy":"post_tag","embeddable":true,"href":"https:\/\/www.oaxaca.gob.mx\/cao\/wp-json\/wp\/v2\/tags?post=7880"}],"curies":[{"name":"wp","href":"https:\/\/api.w.org\/{rel}","templated":true}]}}