{"id":7668,"date":"2019-10-02T11:32:58","date_gmt":"2019-10-02T16:32:58","guid":{"rendered":"https:\/\/www.oaxaca.gob.mx\/cao\/?p=7668"},"modified":"2019-10-03T10:56:23","modified_gmt":"2019-10-03T15:56:23","slug":"inicia-reconstruccion-de-carretera-a-puerto-escondido","status":"publish","type":"post","link":"https:\/\/www.oaxaca.gob.mx\/cao\/inicia-reconstruccion-de-carretera-a-puerto-escondido\/","title":{"rendered":"Inicia reconstrucci\u00f3n de carretera a Puerto Escondido."},"content":{"rendered":"\r\n<div class=\"gdgallery-gallery-container\" id=\"gdgallery-container-33\" data-id=\"33\">\r\n    \r\n<div id=\"gdgallery_container_33\" style=\"display:none;\" data-view=\"justified\">\r\n            <a href=\"\" target=\"_blank\">\r\n            <img decoding=\"async\" alt=\"\"\r\n                 data-type=\"image\"\r\n                 src=\"https:\/\/www.oaxaca.gob.mx\/cao\/wp-content\/uploads\/sites\/5\/2019\/10\/IMG-20190925-WA0042.jpg\"\r\n                 data-image=\"https:\/\/www.oaxaca.gob.mx\/cao\/wp-content\/uploads\/sites\/5\/2019\/10\/IMG-20190925-WA0042.jpg\"\r\n                 data-description=\"\"\r\n                                 style=\"display:block\">\r\n        <\/a>\r\n            <a href=\"\" target=\"_blank\">\r\n            <img decoding=\"async\" alt=\"\"\r\n                 data-type=\"image\"\r\n                 src=\"https:\/\/www.oaxaca.gob.mx\/cao\/wp-content\/uploads\/sites\/5\/2019\/10\/IMG-20190925-WA0053.jpg\"\r\n                 data-image=\"https:\/\/www.oaxaca.gob.mx\/cao\/wp-content\/uploads\/sites\/5\/2019\/10\/IMG-20190925-WA0053.jpg\"\r\n                 data-description=\"\"\r\n                                 style=\"display:block\">\r\n        <\/a>\r\n            <a href=\"\" target=\"_blank\">\r\n            <img decoding=\"async\" alt=\"\"\r\n                 data-type=\"image\"\r\n                 src=\"https:\/\/www.oaxaca.gob.mx\/cao\/wp-content\/uploads\/sites\/5\/2019\/10\/IMG-20191001-WA0015.jpg\"\r\n                 data-image=\"https:\/\/www.oaxaca.gob.mx\/cao\/wp-content\/uploads\/sites\/5\/2019\/10\/IMG-20191001-WA0015.jpg\"\r\n                 data-description=\"\"\r\n                                 style=\"display:block\">\r\n        <\/a>\r\n            <a href=\"\" target=\"_blank\">\r\n            <img decoding=\"async\" alt=\"\"\r\n                 data-type=\"image\"\r\n                 src=\"https:\/\/www.oaxaca.gob.mx\/cao\/wp-content\/uploads\/sites\/5\/2019\/10\/IMG-20191001-WA0016.jpg\"\r\n                 data-image=\"https:\/\/www.oaxaca.gob.mx\/cao\/wp-content\/uploads\/sites\/5\/2019\/10\/IMG-20191001-WA0016.jpg\"\r\n                 data-description=\"\"\r\n                                 style=\"display:block\">\r\n        <\/a>\r\n            <a href=\"\" target=\"_blank\">\r\n            <img decoding=\"async\" alt=\"\"\r\n                 data-type=\"image\"\r\n                 src=\"https:\/\/www.oaxaca.gob.mx\/cao\/wp-content\/uploads\/sites\/5\/2019\/10\/IMG-20191001-WA0017.jpg\"\r\n                 data-image=\"https:\/\/www.oaxaca.gob.mx\/cao\/wp-content\/uploads\/sites\/5\/2019\/10\/IMG-20191001-WA0017.jpg\"\r\n                 data-description=\"\"\r\n                                 style=\"display:block\">\r\n        <\/a>\r\n    <\/div>\r\n\r\n\r\n\r\n<script type=\"text\/javascript\">\r\n\r\n\r\n    (function() {\r\n        var runMyCode = function() {\r\n            jQuery(document).ready(function () {\r\n                var container = jQuery(\"#gdgallery_container_33\");\r\n                container.unitegallery({\"gallery_theme\":\"justified\",\"tiles_type\":\"justified\",\"tiles_justified_space_between\":10,\"tile_enable_textpanel\":true,\"tile_textpanel_always_on\":true,\"tile_textpanel_title_text_align\":\"center\",\"tile_textpanel_title_font_size\":\"16\",\"tile_textpanel_title_color\":\"#FFFFFF\",\"tile_textpanel_bg_color\":\"#333333\",\"tile_textpanel_bg_opacity\":0.7,\"tile_enable_border\":true,\"tile_border_width\":\"0\",\"tile_border_color\":\"#333333\",\"tile_border_radius\":\"0\",\"tile_enable_overlay\":true,\"tile_enable_image_effect\":true,\"tile_image_effect_type\":\"blur\",\"tile_image_effect_reverse\":true,\"tile_enable_shadow\":false,\"tile_as_link\":false,\"tile_enable_icons\":true,\"tile_show_link_icon\":true,\"tile_textpanel_appear_type\":\"slide\",\"tile_textpanel_position\":\"inside_bottom\",\"tile_link_newpage\":true,\"lightbox_type\":\"wide\",\"lightbox_arrows_offset\":0,\"lightbox_overlay_color\":\"#000000\",\"lightbox_overlay_opacity\":1,\"lightbox_top_panel_opacity\":1,\"lightbox_show_numbers\":true,\"lightbox_numbers_size\":\"15\",\"lightbox_numbers_color\":\"#FFFFFF\",\"lightbox_slider_image_border_width\":\"0\",\"lightbox_slider_image_border_color\":\"#FFFFFF\",\"lightbox_slider_image_border_radius\":0,\"lightbox_slider_image_shadow\":true,\"lightbox_slider_control_swipe\":true,\"lightbox_slider_control_zoom\":true,\"lightbox_slider_image_border\":true,\"lightbox_show_textpanel\":true,\"lightbox_textpanel_enable_title\":true,\"lightbox_textpanel_enable_description\":false,\"lightbox_textpanel_padding_top\":5,\"lightbox_textpanel_padding_bottom\":5,\"lightbox_textpanel_padding_right\":5,\"lightbox_textpanel_padding_left\":5,\"lightbox_textpanel_title_color\":\"#FFFFFF\",\"lightbox_textpanel_title_text_align\":\"center\",\"lightbox_textpanel_title_font_size\":\"16\",\"lightbox_textpanel_desc_color\":\"#FFFFFF\",\"lightbox_textpanel_desc_text_align\":\"center\",\"lightbox_textpanel_desc_font_size\":\"14\"});\r\n            });\r\n        };\r\n        var timer = function() {\r\n            if (window.jQuery) {runMyCode(window.jQuery);}\r\n            else {window.setTimeout(timer, 100);}\r\n        };\r\n        timer();\r\n    })();\r\n<\/script><style>\r\n#gdgallery-container-33 {\r\n   text-align: center}\r\n\r\n.gdgallery-pagination-33{\r\ntext-align: center !important;\r\n}\r\n\r\n.gdgallery-pagination-33 a{\r\n    font-size: 15px !important;\r\n    padding: 8px 13px !important;\r\n    margin: 3px !important;\r\n    border: 1px solid #333333 !important;\r\n    border-radius: 0px !important;\r\n    color: #333333 !important;\r\n    background-color: #FFFFFF !important;\r\n    font-family: monospace !important;\r\n}\r\n\r\n.gdgallery-pagination-33 a:hover, .gdgallery-pagination-33 a.gdgallery-pagination-icon-active{\r\n    color: #FFFFFF !important;\r\n    background-color: #333333 !important;\r\n    border-color: #333333 !important;\r\n}\r\n\r\n#gdgallery-container-33 .gdgallery_load_more_space{\r\n    margin-top: 20px !important;\r\n    text-align: center !important;\r\n}\r\n\r\n#gdgallery-container-33 .gdgallery_load_more_space button{\r\n                      padding: 8px 13px !important;\r\n    font-size: 15px !important;\r\n    background-color: #333333 !important;\r\n    color: #FFFFFF !important;\r\n    border:1px solid #333333 !important;\r\n                      border-radius: 0px !important;\r\n                      font-family: monospace !important;\r\n                  }\r\n#gdgallery-container-33 .gdgallery_load_more_space button:hover{\r\n                      background-color: #FFFFFF !important;\r\n                      color: #333333 !important;\r\n                      border-color: #333333 !important;\r\n                  }\r\n\r\n#gdgallery-container-33 .gdgallery_load_more_space button,\r\n#gdgallery-container-33 .gdgallery_load_more_space button:hover,\r\n#gdgallery-container-33 .gdgallery_load_more_space button:active,\r\n#gdgallery-container-33 .gdgallery_load_more_space button:focus{\r\n    outline: none !important;\r\n}\r\n\r\n\r\n#gdgallery-container-33 .gdgallery_loading li{\r\n                      border: 3px solid #333333 !important;\r\n                  }\r\n\r\n.ug-lightbox .ug-lightbox-top-panel-overlay{\r\n    background-color: #000000 !important;\r\n}\r\n\r\n\r\n                  #gdgallery_container_33{}\r\n<\/style>\r\n\r\n\r\n\r\n<\/div>\r\n\r\n\r\n\r\n\r\n\r\n\n<\/p>\n<p><span style=\"font-weight: bold\">Reyes Mantec\u00f3n, Oax. 02 de Octubre del 2019.-<\/span>&nbsp;El coordinador general del Comit\u00e9 Estatal de Planeaci\u00f3n para el Desarrollo de Oaxaca (Coplade), Javier Lazcano Vargas dio el banderazo de inicio de los trabajos de reconstrucci\u00f3n de 28.84 kil\u00f3metros de la  carretera Sola de Vega \u2013 Puerto Escondido en la regi\u00f3n de la Costa, obra que tendr\u00e1 una inversi\u00f3n de 82 millones de pesos.<\/p>\n<p style=\"text-align: justify\">Los trabajos de reconstrucci\u00f3n de esta carretera que conduce al destino tur\u00edstico de Puerto Escondido, ser\u00e1n del kil\u00f3metro 202+000 al 229+040 y  del kil\u00f3metro 236+200 al  238+000 en los municipios de San Gabriel Mixtepec y San Pedro Mixtepec.<\/p>\n<p style=\"text-align: justify\">Lazcano Vargas destac\u00f3 que se trata de una obra estrat\u00e9gica del gobernador Alejandro Murat Hinojosa, por lo que se buscaron los recursos necesarios durante m\u00e1s de dos a\u00f1os.<\/p>\n<p style=\"text-align: justify\">\u201cSeguimos avanzando, Oaxaca en Desarrollo solamente se hace gestionando, escuchando y ejecutando obras como la que hoy estamos iniciando\u201d, se\u00f1al\u00f3 Lazcano en presencia de transportistas, taxistas, materialistas, vecinos y ciudadanos de los municipios beneficiados.<\/p>\n<p style=\"text-align: justify\">En tanto, el director general de Caminos y Aeropistas de Oaxaca (CAO), David Mayr\u00e9n Carrasco, record\u00f3 que en 2017 se destinaron 21.2 millones para atender 7.160 kil\u00f3metros y en 2018 se intervino 8.750 kil\u00f3metros de esta carretera por un monto de 31 millones de pesos.<\/p>\n<p style=\"text-align: justify\">\u201cLa instrucci\u00f3n del Gobernador fue muy clara, los habitantes de San Gabriel Mixtepec y San Pedro Mixtepec merecen una vialidad en buenas condiciones,  que permitan un traslado seguro. El compromiso con los habitantes de la regi\u00f3n de la Costa se est\u00e1 atendiendo\u201d, finaliz\u00f3.<\/p>\n<p style=\"text-align: justify\">En el acto tambi\u00e9n estuvieron presentes el presidente municipal de San Pedro Mixtepec, Freddy Gil Pineda; as\u00ed como las autoridades municipales de San Juan Lachao, San Pedro Juchatengo, San Juan Quiahije, San Gabriel Mixtepec, Santos Reyes Nopala, Candelaria Loxicha, Villa de Tututepec y San Miguel del Puerto.<\/p>\n<p style=\"text-align: justify\">El inicio de los trabajos de reconstrucci\u00f3n de este tramo carretero, vital para el desarrollo econ\u00f3mico, tur\u00edstico y social de la regi\u00f3n, refrenda el compromiso del Gobierno del Estado de Oaxaca por mejorar la conectividad en el estado y lograr un mayor desarrollo en cada una de las regiones del estado.<\/p>\n","protected":false},"excerpt":{"rendered":"<p>Reyes Mantec\u00f3n, Oax. 02 de Octubre del 2019.-&nbsp;El coordinador general del Comit\u00e9 Estatal de Planeaci\u00f3n para el Desarrollo de Oaxaca (Coplade), Javier Lazcano Vargas dio el banderazo de inicio de los trabajos de reconstrucci\u00f3n de 28.84 kil\u00f3metros de la carretera Sola de Vega \u2013 Puerto Escondido en la regi\u00f3n de la Costa, obra que tendr\u00e1 [&hellip;]<\/p>\n","protected":false},"author":2,"featured_media":7670,"comment_status":"open","ping_status":"open","sticky":false,"template":"","format":"standard","meta":{"episode_type":"","audio_file":"","podmotor_file_id":"","podmotor_episode_id":"","cover_image":"","cover_image_id":"","duration":"","filesize":"","filesize_raw":"","date_recorded":"","explicit":"","block":"","itunes_episode_number":"","itunes_title":"","itunes_season_number":"","itunes_episode_type":"","footnotes":""},"categories":[6,26],"tags":[],"class_list":["post-7668","post","type-post","status-publish","format-standard","has-post-thumbnail","hentry","category-boletines2019","category-mostrar-en-slider-principal"],"featured_image_src":"","publishpress_future_action":{"enabled":false,"date":"2026-05-04 14:28:39","action":"change-status","newStatus":"draft","terms":[],"taxonomy":"category","extraData":[]},"publishpress_future_workflow_manual_trigger":{"enabledWorkflows":[]},"_links":{"self":[{"href":"https:\/\/www.oaxaca.gob.mx\/cao\/wp-json\/wp\/v2\/posts\/7668","targetHints":{"allow":["GET"]}}],"collection":[{"href":"https:\/\/www.oaxaca.gob.mx\/cao\/wp-json\/wp\/v2\/posts"}],"about":[{"href":"https:\/\/www.oaxaca.gob.mx\/cao\/wp-json\/wp\/v2\/types\/post"}],"author":[{"embeddable":true,"href":"https:\/\/www.oaxaca.gob.mx\/cao\/wp-json\/wp\/v2\/users\/2"}],"replies":[{"embeddable":true,"href":"https:\/\/www.oaxaca.gob.mx\/cao\/wp-json\/wp\/v2\/comments?post=7668"}],"version-history":[{"count":4,"href":"https:\/\/www.oaxaca.gob.mx\/cao\/wp-json\/wp\/v2\/posts\/7668\/revisions"}],"predecessor-version":[{"id":7676,"href":"https:\/\/www.oaxaca.gob.mx\/cao\/wp-json\/wp\/v2\/posts\/7668\/revisions\/7676"}],"wp:featuredmedia":[{"embeddable":true,"href":"https:\/\/www.oaxaca.gob.mx\/cao\/wp-json\/wp\/v2\/media\/7670"}],"wp:attachment":[{"href":"https:\/\/www.oaxaca.gob.mx\/cao\/wp-json\/wp\/v2\/media?parent=7668"}],"wp:term":[{"taxonomy":"category","embeddable":true,"href":"https:\/\/www.oaxaca.gob.mx\/cao\/wp-json\/wp\/v2\/categories?post=7668"},{"taxonomy":"post_tag","embeddable":true,"href":"https:\/\/www.oaxaca.gob.mx\/cao\/wp-json\/wp\/v2\/tags?post=7668"}],"curies":[{"name":"wp","href":"https:\/\/api.w.org\/{rel}","templated":true}]}}