{"id":19677,"date":"2024-10-14T13:50:19","date_gmt":"2024-10-14T19:50:19","guid":{"rendered":"https:\/\/www.oaxaca.gob.mx\/cabien\/?p=19677"},"modified":"2024-12-04T12:22:10","modified_gmt":"2024-12-04T18:22:10","slug":"el-gobernador-salomon-jara-cruz-encabezo-el-corte-del-liston-de-esta-obra-que-beneficiara-a-2-mil-personas","status":"publish","type":"post","link":"https:\/\/www.oaxaca.gob.mx\/cabien\/el-gobernador-salomon-jara-cruz-encabezo-el-corte-del-liston-de-esta-obra-que-beneficiara-a-2-mil-personas\/","title":{"rendered":"El Gobernador Salom\u00f3n Jara Cruz encabez\u00f3 el corte del list\u00f3n de esta obra que beneficiar\u00e1 a 2 mil personas"},"content":{"rendered":"\r\n<div class=\"gdgallery-gallery-container\" id=\"gdgallery-container-7\" data-id=\"7\">\r\n    \r\n<div id=\"gdgallery_container_7\" style=\"display:none;\" data-view=\"justified\">\r\n            <a href=\"\" target=\"_blank\">\r\n            <img decoding=\"async\" alt=\"\"\r\n                 data-type=\"image\"\r\n                 src=\"https:\/\/www.oaxaca.gob.mx\/cabien\/wp-content\/uploads\/sites\/90\/2024\/10\/WhatsApp-Image-2024-10-14-at-12.54.19-PM-1.jpeg\"\r\n                 data-image=\"https:\/\/www.oaxaca.gob.mx\/cabien\/wp-content\/uploads\/sites\/90\/2024\/10\/WhatsApp-Image-2024-10-14-at-12.54.19-PM-1.jpeg\"\r\n                 data-description=\"\"\r\n                                 style=\"display:block\">\r\n        <\/a>\r\n            <a href=\"\" target=\"_blank\">\r\n            <img decoding=\"async\" alt=\"\"\r\n                 data-type=\"image\"\r\n                 src=\"https:\/\/www.oaxaca.gob.mx\/cabien\/wp-content\/uploads\/sites\/90\/2024\/10\/WhatsApp-Image-2024-10-14-at-12.54.19-PM-2.jpeg\"\r\n                 data-image=\"https:\/\/www.oaxaca.gob.mx\/cabien\/wp-content\/uploads\/sites\/90\/2024\/10\/WhatsApp-Image-2024-10-14-at-12.54.19-PM-2.jpeg\"\r\n                 data-description=\"\"\r\n                                 style=\"display:block\">\r\n        <\/a>\r\n            <a href=\"\" target=\"_blank\">\r\n            <img decoding=\"async\" alt=\"\"\r\n                 data-type=\"image\"\r\n                 src=\"https:\/\/www.oaxaca.gob.mx\/cabien\/wp-content\/uploads\/sites\/90\/2024\/10\/WhatsApp-Image-2024-10-14-at-12.54.19-PM-3.jpeg\"\r\n                 data-image=\"https:\/\/www.oaxaca.gob.mx\/cabien\/wp-content\/uploads\/sites\/90\/2024\/10\/WhatsApp-Image-2024-10-14-at-12.54.19-PM-3.jpeg\"\r\n                 data-description=\"\"\r\n                                 style=\"display:block\">\r\n        <\/a>\r\n            <a href=\"\" target=\"_blank\">\r\n            <img decoding=\"async\" alt=\"\"\r\n                 data-type=\"image\"\r\n                 src=\"https:\/\/www.oaxaca.gob.mx\/cabien\/wp-content\/uploads\/sites\/90\/2024\/10\/WhatsApp-Image-2024-10-14-at-12.54.19-PM.jpeg\"\r\n                 data-image=\"https:\/\/www.oaxaca.gob.mx\/cabien\/wp-content\/uploads\/sites\/90\/2024\/10\/WhatsApp-Image-2024-10-14-at-12.54.19-PM.jpeg\"\r\n                 data-description=\"\"\r\n                                 style=\"display:block\">\r\n        <\/a>\r\n    <\/div>\r\n\r\n\r\n\r\n<script type=\"text\/javascript\">\r\n\r\n\r\n    (function() {\r\n        var runMyCode = function() {\r\n            jQuery(document).ready(function () {\r\n                var container = jQuery(\"#gdgallery_container_7\");\r\n                container.unitegallery({\"gallery_theme\":\"justified\",\"tiles_type\":\"justified\",\"tiles_justified_space_between\":10,\"tile_enable_textpanel\":true,\"tile_textpanel_always_on\":true,\"tile_textpanel_title_text_align\":\"center\",\"tile_textpanel_title_font_size\":\"16\",\"tile_textpanel_title_color\":\"#FFFFFF\",\"tile_textpanel_bg_color\":\"#333333\",\"tile_textpanel_bg_opacity\":0.7,\"tile_enable_border\":true,\"tile_border_width\":\"0\",\"tile_border_color\":\"#333333\",\"tile_border_radius\":\"0\",\"tile_enable_overlay\":true,\"tile_enable_image_effect\":true,\"tile_image_effect_type\":\"blur\",\"tile_image_effect_reverse\":true,\"tile_enable_shadow\":false,\"tile_as_link\":false,\"tile_enable_icons\":true,\"tile_show_link_icon\":true,\"tile_textpanel_appear_type\":\"slide\",\"tile_textpanel_position\":\"inside_bottom\",\"tile_link_newpage\":true,\"lightbox_type\":\"wide\",\"lightbox_arrows_offset\":0,\"lightbox_overlay_color\":\"#000000\",\"lightbox_overlay_opacity\":1,\"lightbox_top_panel_opacity\":1,\"lightbox_show_numbers\":true,\"lightbox_numbers_size\":\"15\",\"lightbox_numbers_color\":\"#FFFFFF\",\"lightbox_slider_image_border_width\":\"0\",\"lightbox_slider_image_border_color\":\"#FFFFFF\",\"lightbox_slider_image_border_radius\":0,\"lightbox_slider_image_shadow\":true,\"lightbox_slider_control_swipe\":true,\"lightbox_slider_control_zoom\":true,\"lightbox_slider_image_border\":true,\"lightbox_show_textpanel\":true,\"lightbox_textpanel_enable_title\":true,\"lightbox_textpanel_enable_description\":false,\"lightbox_textpanel_padding_top\":5,\"lightbox_textpanel_padding_bottom\":5,\"lightbox_textpanel_padding_right\":5,\"lightbox_textpanel_padding_left\":5,\"lightbox_textpanel_title_color\":\"#FFFFFF\",\"lightbox_textpanel_title_text_align\":\"center\",\"lightbox_textpanel_title_font_size\":\"16\",\"lightbox_textpanel_desc_color\":\"#FFFFFF\",\"lightbox_textpanel_desc_text_align\":\"center\",\"lightbox_textpanel_desc_font_size\":\"14\"});\r\n            });\r\n        };\r\n        var timer = function() {\r\n            if (window.jQuery) {runMyCode(window.jQuery);}\r\n            else {window.setTimeout(timer, 100);}\r\n        };\r\n        timer();\r\n    })();\r\n<\/script><style>\r\n#gdgallery-container-7 {\r\n   text-align: center}\r\n\r\n.gdgallery-pagination-7{\r\ntext-align: center !important;\r\n}\r\n\r\n.gdgallery-pagination-7 a{\r\n    font-size: 15px !important;\r\n    padding: 8px 13px !important;\r\n    margin: 3px !important;\r\n    border: 1px solid #333333 !important;\r\n    border-radius: 0px !important;\r\n    color: #333333 !important;\r\n    background-color: #FFFFFF !important;\r\n    font-family: monospace !important;\r\n}\r\n\r\n.gdgallery-pagination-7 a:hover, .gdgallery-pagination-7 a.gdgallery-pagination-icon-active{\r\n    color: #FFFFFF !important;\r\n    background-color: #333333 !important;\r\n    border-color: #333333 !important;\r\n}\r\n\r\n#gdgallery-container-7 .gdgallery_load_more_space{\r\n    margin-top: 20px !important;\r\n    text-align: center !important;\r\n}\r\n\r\n#gdgallery-container-7 .gdgallery_load_more_space button{\r\n                      padding: 8px 13px !important;\r\n    font-size: 15px !important;\r\n    background-color: #333333 !important;\r\n    color: #FFFFFF !important;\r\n    border:1px solid #333333 !important;\r\n                      border-radius: 0px !important;\r\n                      font-family: monospace !important;\r\n                  }\r\n#gdgallery-container-7 .gdgallery_load_more_space button:hover{\r\n                      background-color: #FFFFFF !important;\r\n                      color: #333333 !important;\r\n                      border-color: #333333 !important;\r\n                  }\r\n\r\n#gdgallery-container-7 .gdgallery_load_more_space button,\r\n#gdgallery-container-7 .gdgallery_load_more_space button:hover,\r\n#gdgallery-container-7 .gdgallery_load_more_space button:active,\r\n#gdgallery-container-7 .gdgallery_load_more_space button:focus{\r\n    outline: none !important;\r\n}\r\n\r\n\r\n#gdgallery-container-7 .gdgallery_loading li{\r\n                      border: 3px solid #333333 !important;\r\n                  }\r\n\r\n.ug-lightbox .ug-lightbox-top-panel-overlay{\r\n    background-color: #000000 !important;\r\n}\r\n\r\n\r\n                  #gdgallery_container_7{}\r\n<\/style>\r\n\r\n\r\n\r\n<\/div>\r\n\r\n\r\n\r\n\r\n\r\n\n&nbsp;<\/p>\n<p><span style=\"font-size: 20px;font-weight: bold\">Santiago Pinotepa Nacional, Oax. 12 de Octubre de 2024.-<\/span>&nbsp;<a style=\"font-size: 19px\">El Gobernador Salom\u00f3n Jara Cruz, encabez\u00f3 el corte del list\u00f3n para la entrega del Camino Artesanal de 4.1 kil\u00f3metros que conecta a la comunidad Santa Mar\u00eda Jicaltepec con su cabecera municipal.<\/a><\/p>\n<p style=\"text-align: justify;font-size: 19px\">De esta manera se beneficiar\u00e1n 2 mil personas, con una inversi\u00f3n total de 17 millones 558 mil 540 pesos. A trav\u00e9s de Caminos Bienestar (Cabien) se paviment\u00f3 con concreto hidr\u00e1ulico, se construyeron 3 mil 400 metros lineales de cunetas y ocho cabezotes de concreto para obras de drenaje.<\/p>\n<p style=\"text-align: justify;font-size: 19px\">El Mandatario estatal expres\u00f3 que es de suma importancia para el gobierno que encabeza, resarcir las necesidades m\u00e1s apremiantes de la poblaci\u00f3n oaxaque\u00f1a.<\/p>\n<p style=\"text-align: justify;font-size: 19px\">\u201cAcordamos con la Presidenta de la Rep\u00fablica, la Doctora Claudia Sheinbaum Pardo que se apoyar\u00e1 a Oaxaca con 2 mil kil\u00f3metros de caminos artesanales durante su mandato. Ser\u00e1 una inversi\u00f3n muy grande, m\u00e1s de 10 mil millones de pesos, m\u00e1s lo que abone el Gobierno Estatal\u201d.<\/p>\n<p style=\"text-align: justify;font-size: 19px\">Destac\u00f3 que en 2023, se realizaron 250 kil\u00f3metros de caminos artesanales en todo el estado, con una inversi\u00f3n total de mil millones de pesos. Adem\u00e1s, comparti\u00f3 con habitantes de esta poblaci\u00f3n que realiza y continuar\u00e1 con recorridos de supervisi\u00f3n en las zonas afectadas de la Costa por el hurac\u00e1n \u201cJohn\u201d.<\/p>\n<p style=\"text-align: justify;font-size: 19px\">Cabe destacar que, durante 2023 el Titular del Poder Ejecutivo dio el banderazo para la construcci\u00f3n de este camino con el cual, el Gobierno de la Primavera Oaxaque\u00f1a reafirma su compromiso con el mejoramiento de la calidad de vida de la poblaci\u00f3n, bajo la premisa de la Reparaci\u00f3n Hist\u00f3rica de los pueblos.<\/p>\n<p style=\"text-align: center;font-size: 17px\">-0-<\/p>\n","protected":false},"excerpt":{"rendered":"<p>&nbsp; Santiago Pinotepa Nacional, Oax. 12 de Octubre de 2024.-&nbsp;El Gobernador Salom\u00f3n Jara Cruz, encabez\u00f3 el corte del list\u00f3n para la entrega del Camino Artesanal de 4.1 kil\u00f3metros que conecta a la comunidad Santa Mar\u00eda Jicaltepec con su cabecera municipal. De esta manera se beneficiar\u00e1n 2 mil personas, con una inversi\u00f3n total de 17 millones [&hellip;]<\/p>\n","protected":false},"author":2,"featured_media":19678,"comment_status":"open","ping_status":"open","sticky":false,"template":"","format":"standard","meta":{"episode_type":"","audio_file":"","podmotor_file_id":"","podmotor_episode_id":"","cover_image":"","cover_image_id":"","duration":"","filesize":"","filesize_raw":"","date_recorded":"","explicit":"","block":"","itunes_episode_number":"","itunes_title":"","itunes_season_number":"","itunes_episode_type":"","footnotes":""},"categories":[25,9],"tags":[],"class_list":["post-19677","post","type-post","status-publish","format-standard","has-post-thumbnail","hentry","category-boletinescabienano2024","category-mostrar-en-slider-principal"],"acf":[],"publishpress_future_action":{"enabled":false,"date":"2026-05-04 10:47:18","action":"change-status","newStatus":"draft","terms":[],"taxonomy":"category","extraData":[]},"publishpress_future_workflow_manual_trigger":{"enabledWorkflows":[]},"_links":{"self":[{"href":"https:\/\/www.oaxaca.gob.mx\/cabien\/wp-json\/wp\/v2\/posts\/19677","targetHints":{"allow":["GET"]}}],"collection":[{"href":"https:\/\/www.oaxaca.gob.mx\/cabien\/wp-json\/wp\/v2\/posts"}],"about":[{"href":"https:\/\/www.oaxaca.gob.mx\/cabien\/wp-json\/wp\/v2\/types\/post"}],"author":[{"embeddable":true,"href":"https:\/\/www.oaxaca.gob.mx\/cabien\/wp-json\/wp\/v2\/users\/2"}],"replies":[{"embeddable":true,"href":"https:\/\/www.oaxaca.gob.mx\/cabien\/wp-json\/wp\/v2\/comments?post=19677"}],"version-history":[{"count":2,"href":"https:\/\/www.oaxaca.gob.mx\/cabien\/wp-json\/wp\/v2\/posts\/19677\/revisions"}],"predecessor-version":[{"id":19683,"href":"https:\/\/www.oaxaca.gob.mx\/cabien\/wp-json\/wp\/v2\/posts\/19677\/revisions\/19683"}],"wp:featuredmedia":[{"embeddable":true,"href":"https:\/\/www.oaxaca.gob.mx\/cabien\/wp-json\/wp\/v2\/media\/19678"}],"wp:attachment":[{"href":"https:\/\/www.oaxaca.gob.mx\/cabien\/wp-json\/wp\/v2\/media?parent=19677"}],"wp:term":[{"taxonomy":"category","embeddable":true,"href":"https:\/\/www.oaxaca.gob.mx\/cabien\/wp-json\/wp\/v2\/categories?post=19677"},{"taxonomy":"post_tag","embeddable":true,"href":"https:\/\/www.oaxaca.gob.mx\/cabien\/wp-json\/wp\/v2\/tags?post=19677"}],"curies":[{"name":"wp","href":"https:\/\/api.w.org\/{rel}","templated":true}]}}