{"id":19499,"date":"2024-10-03T10:27:12","date_gmt":"2024-10-03T16:27:12","guid":{"rendered":"https:\/\/www.oaxaca.gob.mx\/cabien\/?p=19499"},"modified":"2024-12-04T12:21:53","modified_gmt":"2024-12-04T18:21:53","slug":"se-realizaron-importantes-acciones-en-la-region-de-la-costa-sierra-sur-y-mixteca-tras-el-paso-del-huracan-john-por-oaxaca","status":"publish","type":"post","link":"https:\/\/www.oaxaca.gob.mx\/cabien\/se-realizaron-importantes-acciones-en-la-region-de-la-costa-sierra-sur-y-mixteca-tras-el-paso-del-huracan-john-por-oaxaca\/","title":{"rendered":"Se realizaron importantes acciones en la regi\u00f3n de la costa, sierra sur y mixteca tras el paso del hurac\u00e1n \u201cJohn\u201d por Oaxaca."},"content":{"rendered":"\r\n<div class=\"gdgallery-gallery-container\" id=\"gdgallery-container-6\" data-id=\"6\">\r\n    \r\n<div id=\"gdgallery_container_6\" style=\"display:none;\" data-view=\"justified\">\r\n            <a href=\"\" target=\"_blank\">\r\n            <img decoding=\"async\" alt=\"\"\r\n                 data-type=\"image\"\r\n                 src=\"https:\/\/www.oaxaca.gob.mx\/cabien\/wp-content\/uploads\/sites\/90\/2024\/10\/WhatsApp-Image-2024-10-03-at-9.05.27-AM-1.jpeg\"\r\n                 data-image=\"https:\/\/www.oaxaca.gob.mx\/cabien\/wp-content\/uploads\/sites\/90\/2024\/10\/WhatsApp-Image-2024-10-03-at-9.05.27-AM-1.jpeg\"\r\n                 data-description=\"\"\r\n                                 style=\"display:block\">\r\n        <\/a>\r\n            <a href=\"\" target=\"_blank\">\r\n            <img decoding=\"async\" alt=\"\"\r\n                 data-type=\"image\"\r\n                 src=\"https:\/\/www.oaxaca.gob.mx\/cabien\/wp-content\/uploads\/sites\/90\/2024\/10\/WhatsApp-Image-2024-10-03-at-9.05.27-AM-2.jpeg\"\r\n                 data-image=\"https:\/\/www.oaxaca.gob.mx\/cabien\/wp-content\/uploads\/sites\/90\/2024\/10\/WhatsApp-Image-2024-10-03-at-9.05.27-AM-2.jpeg\"\r\n                 data-description=\"\"\r\n                                 style=\"display:block\">\r\n        <\/a>\r\n            <a href=\"\" target=\"_blank\">\r\n            <img decoding=\"async\" alt=\"\"\r\n                 data-type=\"image\"\r\n                 src=\"https:\/\/www.oaxaca.gob.mx\/cabien\/wp-content\/uploads\/sites\/90\/2024\/10\/WhatsApp-Image-2024-10-03-at-9.05.27-AM-3.jpeg\"\r\n                 data-image=\"https:\/\/www.oaxaca.gob.mx\/cabien\/wp-content\/uploads\/sites\/90\/2024\/10\/WhatsApp-Image-2024-10-03-at-9.05.27-AM-3.jpeg\"\r\n                 data-description=\"\"\r\n                                 style=\"display:block\">\r\n        <\/a>\r\n            <a href=\"\" target=\"_blank\">\r\n            <img decoding=\"async\" alt=\"\"\r\n                 data-type=\"image\"\r\n                 src=\"https:\/\/www.oaxaca.gob.mx\/cabien\/wp-content\/uploads\/sites\/90\/2024\/10\/WhatsApp-Image-2024-10-03-at-9.05.27-AM.jpeg\"\r\n                 data-image=\"https:\/\/www.oaxaca.gob.mx\/cabien\/wp-content\/uploads\/sites\/90\/2024\/10\/WhatsApp-Image-2024-10-03-at-9.05.27-AM.jpeg\"\r\n                 data-description=\"\"\r\n                                 style=\"display:block\">\r\n        <\/a>\r\n            <a href=\"\" target=\"_blank\">\r\n            <img decoding=\"async\" alt=\"\"\r\n                 data-type=\"image\"\r\n                 src=\"https:\/\/www.oaxaca.gob.mx\/cabien\/wp-content\/uploads\/sites\/90\/2024\/10\/WhatsApp-Image-2024-10-03-at-9.06.49-AM-1.jpeg\"\r\n                 data-image=\"https:\/\/www.oaxaca.gob.mx\/cabien\/wp-content\/uploads\/sites\/90\/2024\/10\/WhatsApp-Image-2024-10-03-at-9.06.49-AM-1.jpeg\"\r\n                 data-description=\"\"\r\n                                 style=\"display:block\">\r\n        <\/a>\r\n            <a href=\"\" target=\"_blank\">\r\n            <img decoding=\"async\" alt=\"\"\r\n                 data-type=\"image\"\r\n                 src=\"https:\/\/www.oaxaca.gob.mx\/cabien\/wp-content\/uploads\/sites\/90\/2024\/10\/WhatsApp-Image-2024-10-03-at-9.06.49-AM-2.jpeg\"\r\n                 data-image=\"https:\/\/www.oaxaca.gob.mx\/cabien\/wp-content\/uploads\/sites\/90\/2024\/10\/WhatsApp-Image-2024-10-03-at-9.06.49-AM-2.jpeg\"\r\n                 data-description=\"\"\r\n                                 style=\"display:block\">\r\n        <\/a>\r\n            <a href=\"\" target=\"_blank\">\r\n            <img decoding=\"async\" alt=\"\"\r\n                 data-type=\"image\"\r\n                 src=\"https:\/\/www.oaxaca.gob.mx\/cabien\/wp-content\/uploads\/sites\/90\/2024\/10\/WhatsApp-Image-2024-10-03-at-9.06.49-AM.jpeg\"\r\n                 data-image=\"https:\/\/www.oaxaca.gob.mx\/cabien\/wp-content\/uploads\/sites\/90\/2024\/10\/WhatsApp-Image-2024-10-03-at-9.06.49-AM.jpeg\"\r\n                 data-description=\"\"\r\n                                 style=\"display:block\">\r\n        <\/a>\r\n    <\/div>\r\n\r\n\r\n\r\n<script type=\"text\/javascript\">\r\n\r\n\r\n    (function() {\r\n        var runMyCode = function() {\r\n            jQuery(document).ready(function () {\r\n                var container = jQuery(\"#gdgallery_container_6\");\r\n                container.unitegallery({\"gallery_theme\":\"justified\",\"tiles_type\":\"justified\",\"tiles_justified_space_between\":10,\"tile_enable_textpanel\":true,\"tile_textpanel_always_on\":true,\"tile_textpanel_title_text_align\":\"center\",\"tile_textpanel_title_font_size\":\"16\",\"tile_textpanel_title_color\":\"#FFFFFF\",\"tile_textpanel_bg_color\":\"#333333\",\"tile_textpanel_bg_opacity\":0.7,\"tile_enable_border\":true,\"tile_border_width\":\"0\",\"tile_border_color\":\"#333333\",\"tile_border_radius\":\"0\",\"tile_enable_overlay\":true,\"tile_enable_image_effect\":true,\"tile_image_effect_type\":\"blur\",\"tile_image_effect_reverse\":true,\"tile_enable_shadow\":false,\"tile_as_link\":false,\"tile_enable_icons\":true,\"tile_show_link_icon\":true,\"tile_textpanel_appear_type\":\"slide\",\"tile_textpanel_position\":\"inside_bottom\",\"tile_link_newpage\":true,\"lightbox_type\":\"wide\",\"lightbox_arrows_offset\":0,\"lightbox_overlay_color\":\"#000000\",\"lightbox_overlay_opacity\":1,\"lightbox_top_panel_opacity\":1,\"lightbox_show_numbers\":true,\"lightbox_numbers_size\":\"15\",\"lightbox_numbers_color\":\"#FFFFFF\",\"lightbox_slider_image_border_width\":\"0\",\"lightbox_slider_image_border_color\":\"#FFFFFF\",\"lightbox_slider_image_border_radius\":0,\"lightbox_slider_image_shadow\":true,\"lightbox_slider_control_swipe\":true,\"lightbox_slider_control_zoom\":true,\"lightbox_slider_image_border\":true,\"lightbox_show_textpanel\":true,\"lightbox_textpanel_enable_title\":true,\"lightbox_textpanel_enable_description\":false,\"lightbox_textpanel_padding_top\":5,\"lightbox_textpanel_padding_bottom\":5,\"lightbox_textpanel_padding_right\":5,\"lightbox_textpanel_padding_left\":5,\"lightbox_textpanel_title_color\":\"#FFFFFF\",\"lightbox_textpanel_title_text_align\":\"center\",\"lightbox_textpanel_title_font_size\":\"16\",\"lightbox_textpanel_desc_color\":\"#FFFFFF\",\"lightbox_textpanel_desc_text_align\":\"center\",\"lightbox_textpanel_desc_font_size\":\"14\"});\r\n            });\r\n        };\r\n        var timer = function() {\r\n            if (window.jQuery) {runMyCode(window.jQuery);}\r\n            else {window.setTimeout(timer, 100);}\r\n        };\r\n        timer();\r\n    })();\r\n<\/script><style>\r\n#gdgallery-container-6 {\r\n   text-align: center}\r\n\r\n.gdgallery-pagination-6{\r\ntext-align: center !important;\r\n}\r\n\r\n.gdgallery-pagination-6 a{\r\n    font-size: 15px !important;\r\n    padding: 8px 13px !important;\r\n    margin: 3px !important;\r\n    border: 1px solid #333333 !important;\r\n    border-radius: 0px !important;\r\n    color: #333333 !important;\r\n    background-color: #FFFFFF !important;\r\n    font-family: monospace !important;\r\n}\r\n\r\n.gdgallery-pagination-6 a:hover, .gdgallery-pagination-6 a.gdgallery-pagination-icon-active{\r\n    color: #FFFFFF !important;\r\n    background-color: #333333 !important;\r\n    border-color: #333333 !important;\r\n}\r\n\r\n#gdgallery-container-6 .gdgallery_load_more_space{\r\n    margin-top: 20px !important;\r\n    text-align: center !important;\r\n}\r\n\r\n#gdgallery-container-6 .gdgallery_load_more_space button{\r\n                      padding: 8px 13px !important;\r\n    font-size: 15px !important;\r\n    background-color: #333333 !important;\r\n    color: #FFFFFF !important;\r\n    border:1px solid #333333 !important;\r\n                      border-radius: 0px !important;\r\n                      font-family: monospace !important;\r\n                  }\r\n#gdgallery-container-6 .gdgallery_load_more_space button:hover{\r\n                      background-color: #FFFFFF !important;\r\n                      color: #333333 !important;\r\n                      border-color: #333333 !important;\r\n                  }\r\n\r\n#gdgallery-container-6 .gdgallery_load_more_space button,\r\n#gdgallery-container-6 .gdgallery_load_more_space button:hover,\r\n#gdgallery-container-6 .gdgallery_load_more_space button:active,\r\n#gdgallery-container-6 .gdgallery_load_more_space button:focus{\r\n    outline: none !important;\r\n}\r\n\r\n\r\n#gdgallery-container-6 .gdgallery_loading li{\r\n                      border: 3px solid #333333 !important;\r\n                  }\r\n\r\n.ug-lightbox .ug-lightbox-top-panel-overlay{\r\n    background-color: #000000 !important;\r\n}\r\n\r\n\r\n                  #gdgallery_container_6{}\r\n<\/style>\r\n\r\n\r\n\r\n<\/div>\r\n\r\n\r\n\r\n\r\n\r\n\n&nbsp;<\/p>\n<p><span style=\"font-size: 20px;font-weight: bold\">Oaxaca de Ju\u00e1rez, Oax. 2 de OCtubre de 2024.-<\/span>&nbsp;<a style=\"font-size: 19px\">En conferencia de prensa del Gobernador Salom\u00f3n Jara Cruz, el Director General de  Caminos Bienestar, Mois\u00e9s Salazar Mart\u00ednez, present\u00f3 las acciones m\u00e1s importantes que se realizaron  en las regiones de la Costa, Sierra Sur y Mixteca tras el paso del hurac\u00e1n \u201cJohn\u201d por Oaxaca.<\/a><\/p>\n<p style=\"text-align: justify;font-size: 19px\">Donde destac\u00f3 que se restableci\u00f3 la conectividad en la carretera Juchatengo a Puerto Escondido en el kil\u00f3metro 194+800 y el kil\u00f3metro 210+000 paraje El Camar\u00f3n; tambi\u00e9n sobre la carretera Cerro del Vidrio a R\u00edo Grande y el camino que comunica Santiago Tapextla.<\/p>\n<p style=\"text-align: justify;font-size: 19px\">Asimismo, en coordinaci\u00f3n con las Autoridades Municipales de la Sierra Sur,  contin\u00faan los trabajos de retiro de derrumbes en la carretera de Santa Mar\u00eda Sola &#8211; San Lorenzo Texmelucan &#8211; Santo Domingo Teojomulco &#8211; San Jacinto Tlacotepec &#8211; Santa Cruz Zenzontepec;  adem\u00e1s de los trabajos de remoci\u00f3n de derrumbes que se realizan en la ruta Santiago Textitl\u00e1n &#8211; Santiago Xochiltepec &#8211; San Mateo Yucutindoo y el camino que comunica a Santa Mar\u00eda Zaniza con Santiago Amoltepec.<\/p>\n<p style=\"text-align: justify;font-size: 19px\">Mientras que, en la Mixteca se realiza el retiro de derrumbes en el entronque carretero Juxtlahuaca &#8211; El Carrizal (Chayuco &#8211; Uni\u00f3n de Los \u00c1ngeles); La Cumbre Yerba Santa a Guadalupe Tilapa y Llano Nopal a San Jos\u00e9 Yosoca\u00f1u.<\/p>\n<p style=\"text-align: justify;font-size: 19px\">Por \u00faltimo se\u00f1al\u00f3 que ante el pron\u00f3stico de la Depresi\u00f3nTropical Once-E, se mantiene el monitoreo para atender los deslaves y derrumbes en la red estatal de caminos.<\/p>\n<p style=\"text-align: center;font-size: 19px\">-0-<\/p>\n","protected":false},"excerpt":{"rendered":"<p>&nbsp; Oaxaca de Ju\u00e1rez, Oax. 2 de OCtubre de 2024.-&nbsp;En conferencia de prensa del Gobernador Salom\u00f3n Jara Cruz, el Director General de Caminos Bienestar, Mois\u00e9s Salazar Mart\u00ednez, present\u00f3 las acciones m\u00e1s importantes que se realizaron en las regiones de la Costa, Sierra Sur y Mixteca tras el paso del hurac\u00e1n \u201cJohn\u201d por Oaxaca. Donde destac\u00f3 [&hellip;]<\/p>\n","protected":false},"author":2,"featured_media":19513,"comment_status":"open","ping_status":"open","sticky":false,"template":"","format":"standard","meta":{"episode_type":"","audio_file":"","podmotor_file_id":"","podmotor_episode_id":"","cover_image":"","cover_image_id":"","duration":"","filesize":"","filesize_raw":"","date_recorded":"","explicit":"","block":"","itunes_episode_number":"","itunes_title":"","itunes_season_number":"","itunes_episode_type":"","footnotes":""},"categories":[25,9],"tags":[],"class_list":["post-19499","post","type-post","status-publish","format-standard","has-post-thumbnail","hentry","category-boletinescabienano2024","category-mostrar-en-slider-principal"],"acf":[],"publishpress_future_action":{"enabled":false,"date":"2026-05-06 11:40:07","action":"change-status","newStatus":"draft","terms":[],"taxonomy":"category","extraData":[]},"publishpress_future_workflow_manual_trigger":{"enabledWorkflows":[]},"_links":{"self":[{"href":"https:\/\/www.oaxaca.gob.mx\/cabien\/wp-json\/wp\/v2\/posts\/19499","targetHints":{"allow":["GET"]}}],"collection":[{"href":"https:\/\/www.oaxaca.gob.mx\/cabien\/wp-json\/wp\/v2\/posts"}],"about":[{"href":"https:\/\/www.oaxaca.gob.mx\/cabien\/wp-json\/wp\/v2\/types\/post"}],"author":[{"embeddable":true,"href":"https:\/\/www.oaxaca.gob.mx\/cabien\/wp-json\/wp\/v2\/users\/2"}],"replies":[{"embeddable":true,"href":"https:\/\/www.oaxaca.gob.mx\/cabien\/wp-json\/wp\/v2\/comments?post=19499"}],"version-history":[{"count":2,"href":"https:\/\/www.oaxaca.gob.mx\/cabien\/wp-json\/wp\/v2\/posts\/19499\/revisions"}],"predecessor-version":[{"id":19514,"href":"https:\/\/www.oaxaca.gob.mx\/cabien\/wp-json\/wp\/v2\/posts\/19499\/revisions\/19514"}],"wp:featuredmedia":[{"embeddable":true,"href":"https:\/\/www.oaxaca.gob.mx\/cabien\/wp-json\/wp\/v2\/media\/19513"}],"wp:attachment":[{"href":"https:\/\/www.oaxaca.gob.mx\/cabien\/wp-json\/wp\/v2\/media?parent=19499"}],"wp:term":[{"taxonomy":"category","embeddable":true,"href":"https:\/\/www.oaxaca.gob.mx\/cabien\/wp-json\/wp\/v2\/categories?post=19499"},{"taxonomy":"post_tag","embeddable":true,"href":"https:\/\/www.oaxaca.gob.mx\/cabien\/wp-json\/wp\/v2\/tags?post=19499"}],"curies":[{"name":"wp","href":"https:\/\/api.w.org\/{rel}","templated":true}]}}