{"id":8994,"date":"2023-07-19T16:13:51","date_gmt":"2023-07-19T22:13:51","guid":{"rendered":"https:\/\/www.oaxaca.gob.mx\/ageo\/?p=8994"},"modified":"2023-07-19T16:25:01","modified_gmt":"2023-07-19T22:25:01","slug":"el-cambio-que-han-sufrido-los-nombres-de-las-calles-del-centro-historico-de-oaxaca-del-siglo-xix-al-siglo-xxi","status":"publish","type":"post","link":"https:\/\/www.oaxaca.gob.mx\/ageo\/el-cambio-que-han-sufrido-los-nombres-de-las-calles-del-centro-historico-de-oaxaca-del-siglo-xix-al-siglo-xxi\/","title":{"rendered":"EL CAMBIO QUE HAN SUFRIDO LOS NOMBRES DE LAS CALLES DEL CENTRO HIST\u00d3RICO DE OAXACA DEL SIGLO XIX AL SIGLO XXI"},"content":{"rendered":"<p style=\"text-align: right\">Por <strong><b>Itzel Guadalupe Solano Z\u00e1rate<\/b><\/strong>.<\/p>\n<p>Cuando caminamos por las calles del centro hist\u00f3rico de Oaxaca, lo hacemos de manera rutinaria, acostumbrados a los nombres actuales y sintetizados; calles como: Independencia, Col\u00f3n, Hidalgo, etc. son comunes en nuestro vocabulario.<\/p>\n<p>Con base a esto nacen dos interrogantes \u00bfCu\u00e1l es el nombre completo de las calles de nuestro centro hist\u00f3rico de Oaxaca?, \u00bfSab\u00edas que las calles no siempre han llevado el mismo nombre?<\/p>\n<p>En el Archivo General del Estado de Oaxaca (AGEO), existe en resguardo un plano de la ciudad de Oaxaca del a\u00f1o de 1906, en el que hay evidencia que se conservan los nombres de la mayor\u00eda de las calles de la actualidad, no obstante, en el a\u00f1o 1824 los nombres eran diferentes, seg\u00fan datos tomados de las placas existentes en las calles de la ciudad que se colocaron por parte del H. Ayuntamiento de Oaxaca de Ju\u00e1rez en la administraci\u00f3n de los a\u00f1os 1993-1995; asimismo existe en resguardo en el Archivo Hist\u00f3rico Municipal de la Ciudad de Oaxaca de Ju\u00e1rez, el mapa \u201cOajaca 1848 de orden del Excmo. Sr. Gobernador D. Benito Ju\u00e1rez\u201d, en este mapa podemos observar que ciertas calles sufrieron algunas modificaciones en sus nombres; y para 1956 con motivo de Homenaje del Lic. Miguel Alem\u00e1n a la ciudad de Oaxaca \u201ca\u00f1o de Ju\u00e1rez\u201d se instalaron placas en las cuales indican que hasta 1884 llevaron otros nombres.<\/p>\n<p>A continuaci\u00f3n, se presenta un cuadro en donde podemos observar c\u00f3mo se han modificado a trav\u00e9s de los a\u00f1os los nombres de las calles, ubicadas a los alrededores del centro hist\u00f3rico de nuestra ciudad.<br \/>\n<div class=\"su-spacer\" style=\"height:30px\"><\/div>\n\n<table id=\"tablepress-45\" class=\"tablepress tablepress-id-45\">\n<thead>\n<tr class=\"row-1\">\n\t<th class=\"column-1\"><strong><b>NOMBRES DE CALLES<\/b><\/strong><\/th><td class=\"column-2\"><\/td><td class=\"column-3\"><\/td><td class=\"column-4\"><\/td><td class=\"column-5\"><\/td>\n<\/tr>\n<\/thead>\n<tbody class=\"row-striping row-hover\">\n<tr class=\"row-2\">\n\t<td class=\"column-1\"><strong><b>1824<\/b><\/strong><\/td><td class=\"column-2\"><strong><b>1848<\/b><\/strong><\/td><td class=\"column-3\"><strong><b>HASTA 1884<\/b><\/strong><\/td><td class=\"column-4\"><strong><b>1906<\/b><\/strong><\/td><td class=\"column-5\"><strong><b>2023<\/b><\/strong><\/td>\n<\/tr>\n<tr class=\"row-3\">\n\t<td class=\"column-1\">Del Colegio de Ni\u00f1as (6\u00aa calle)<\/td><td class=\"column-2\">Del Colegio<\/td><td class=\"column-3\">Del Colegio de Ni\u00f1as<\/td><td class=\"column-4\">Avenida de la Independencia<\/td><td class=\"column-5\">Avenida de la Independencia<\/td>\n<\/tr>\n<tr class=\"row-4\">\n\t<td class=\"column-1\">De la Never\u00eda del Divino Pastor (9\u00aa calle)<\/td><td class=\"column-2\">Del Correo<\/td><td class=\"column-3\"><\/td><td class=\"column-4\">Avenida de la Independencia<\/td><td class=\"column-5\">Avenida de la Independencia<\/td>\n<\/tr>\n<tr class=\"row-5\">\n\t<td class=\"column-1\">Carmen de Abajo (1\u00aa calle)<\/td><td class=\"column-2\">De la Emperadora<\/td><td class=\"column-3\">Del Carmen Bajo<\/td><td class=\"column-4\">De Porfirio D\u00edaz<\/td><td class=\"column-5\">General Porfirio D\u00edaz<\/td>\n<\/tr>\n<tr class=\"row-6\">\n\t<td class=\"column-1\">Del Seminario (1\u00aa calle)<\/td><td class=\"column-2\">Calle del Sagrario<\/td><td class=\"column-3\"><\/td><td class=\"column-4\">De Benito Ju\u00e1rez<\/td><td class=\"column-5\">Macedonio Alcal\u00e1<\/td>\n<\/tr>\n<tr class=\"row-7\">\n\t<td class=\"column-1\">De las Ninfas (3\u00aa calle)<\/td><td class=\"column-2\">Calle del Sagrario<\/td><td class=\"column-3\"><\/td><td class=\"column-4\">De Benito Ju\u00e1rez<\/td><td class=\"column-5\">Macedonio Alcal\u00e1<\/td>\n<\/tr>\n<tr class=\"row-8\">\n\t<td class=\"column-1\">De Segovia (8 \u00aa calle)<\/td><td class=\"column-2\">De la Aduana<\/td><td class=\"column-3\"><\/td><td class=\"column-4\">Avenida Hidalgo<\/td><td class=\"column-5\">Avenida Miguel Hidalgo<\/td>\n<\/tr>\n<tr class=\"row-9\">\n\t<td class=\"column-1\"><\/td><td class=\"column-2\">De la Aduana<\/td><td class=\"column-3\">La Antigua Aduana<\/td><td class=\"column-4\">Avenida Hidalgo<\/td><td class=\"column-5\">Avenida Miguel Hidalgo<\/td>\n<\/tr>\n<tr class=\"row-10\">\n\t<td class=\"column-1\">De los Manero (1\u00aa calle)<\/td><td class=\"column-2\">De San Francisco<\/td><td class=\"column-3\"><\/td><td class=\"column-4\">San Francisco<\/td><td class=\"column-5\">Carlos Mar\u00eda Bustamante<\/td>\n<\/tr>\n<tr class=\"row-11\">\n\t<td class=\"column-1\">De Casta\u00f1eda (1\u00aa calle)<\/td><td class=\"column-2\">De Carnicer\u00eda<\/td><td class=\"column-3\"><\/td><td class=\"column-4\">De Col\u00f3n<\/td><td class=\"column-5\">Crist\u00f3bal Col\u00f3n<\/td>\n<\/tr>\n<tr class=\"row-12\">\n\t<td class=\"column-1\">La Compa\u00f1\u00eda (1\u00aa calle)<\/td><td class=\"column-2\">De Palacio<\/td><td class=\"column-3\"><\/td><td class=\"column-4\">Del Mercado<\/td><td class=\"column-5\">Flores Mag\u00f3n<\/td>\n<\/tr>\n<tr class=\"row-13\">\n\t<td class=\"column-1\">De la Alh\u00f3ndiga (2\u00aa calle)<\/td><td class=\"column-2\">De Alh\u00f3ndiga<\/td><td class=\"column-3\"><\/td><td class=\"column-4\">De Alh\u00f3ndiga<\/td><td class=\"column-5\">Flores Mag\u00f3n<\/td>\n<\/tr>\n<tr class=\"row-14\">\n\t<td class=\"column-1\">Plaza de San Juan de Dios (2\u00aa calle)<\/td><td class=\"column-2\">De Carnicer\u00eda<\/td><td class=\"column-3\"><\/td><td class=\"column-4\">Las Casas<\/td><td class=\"column-5\">Fray Bartolom\u00e9 de las Casas<\/td>\n<\/tr>\n<tr class=\"row-15\">\n\t<td class=\"column-1\">De las Granadas (3 \u00aa calle)<\/td><td class=\"column-2\">Las Casas del Mercado<\/td><td class=\"column-3\"><\/td><td class=\"column-4\">Las Casas<\/td><td class=\"column-5\">Fray Bartolom\u00e9 de las Casas<\/td>\n<\/tr>\n<tr class=\"row-16\">\n\t<td class=\"column-1\">De Ales\u00f3n (2\u00aa calle)<\/td><td class=\"column-2\">Calle de San Juan de Dios<\/td><td class=\"column-3\">La Cochinilla<\/td><td class=\"column-4\">Dos de Abril<\/td><td class=\"column-5\">20 de Noviembre<\/td>\n<\/tr>\n<tr class=\"row-17\">\n\t<td class=\"column-1\">De la Porter\u00eda (1\u00aa calle)<\/td><td class=\"column-2\">De San Francisco<\/td><td class=\"column-3\">De la Concepci\u00f3n<\/td><td class=\"column-4\">De San Francisco<\/td><td class=\"column-5\">Valerio Trujano<\/td>\n<\/tr>\n<tr class=\"row-18\">\n\t<td class=\"column-1\">Del Desag\u00fce (1\u00aa calle)<\/td><td class=\"column-2\">Del Carmen<\/td><td class=\"column-3\"><\/td><td class=\"column-4\">De la Libertad<\/td><td class=\"column-5\">Manuel Garc\u00eda Vigil<\/td>\n<\/tr>\n<tr class=\"row-19\">\n\t<td class=\"column-1\">Regina Coelli (2\u00aa calle)<\/td><td class=\"column-2\">Del Carmen<\/td><td class=\"column-3\"><\/td><td class=\"column-4\">De la Libertad<\/td><td class=\"column-5\">Manuel Garc\u00eda Vigil<\/td>\n<\/tr>\n<tr class=\"row-20\">\n\t<td class=\"column-1\"><\/td><td class=\"column-2\">Del Carmen<\/td><td class=\"column-3\">Fiscal<\/td><td class=\"column-4\">De la Libertad<\/td><td class=\"column-5\">Manuel Garc\u00eda Vigil<\/td>\n<\/tr>\n<tr class=\"row-21\">\n\t<td class=\"column-1\"><\/td><td class=\"column-2\">Del Estanco<\/td><td class=\"column-3\">La Factor\u00eda<\/td><td class=\"column-4\">Avenida Morelos<\/td><td class=\"column-5\">Avenida Jos\u00e9 Mar\u00eda Morelos<\/td>\n<\/tr>\n<tr class=\"row-22\">\n\t<td class=\"column-1\">Del Estanco<\/td><td class=\"column-2\">Del Estanco<\/td><td class=\"column-3\">Del Refugio<\/td><td class=\"column-4\">Avenida Morelos<\/td><td class=\"column-5\">Avenida Jos\u00e9 Mar\u00eda Morelos<\/td>\n<\/tr>\n<tr class=\"row-23\">\n\t<td class=\"column-1\">De San Francisco (9\u00aa calle)<\/td><td class=\"column-2\">Del Estanco<\/td><td class=\"column-3\"><\/td><td class=\"column-4\">Avenida Morelos<\/td><td class=\"column-5\">Avenida Jos\u00e9 Mar\u00eda Morelos<\/td>\n<\/tr>\n<tr class=\"row-24\">\n\t<td class=\"column-1\">De San Fernando Rey (1\u00aa calle)<\/td><td class=\"column-2\">De Santa Catarina<\/td><td class=\"column-3\"><\/td><td class=\"column-4\">Cinco de Mayo<\/td><td class=\"column-5\">5 de Mayo<\/td>\n<\/tr>\n<tr class=\"row-25\">\n\t<td class=\"column-1\">De Santa Catalina (3\u00aa calle)<\/td><td class=\"column-2\">De Santa Catarina<\/td><td class=\"column-3\"><\/td><td class=\"column-4\">Cinco de Mayo<\/td><td class=\"column-5\">5 de Mayo<\/td>\n<\/tr>\n<tr class=\"row-26\">\n\t<td class=\"column-1\"><\/td><td class=\"column-2\">De Larraz\u00e1bal<\/td><td class=\"column-3\"><\/td><td class=\"column-4\">De Guerrero<\/td><td class=\"column-5\">Vicente Guerrero<\/td>\n<\/tr>\n<\/tbody>\n<\/table>\n<!-- #tablepress-45 from cache -->\n<div class=\"su-spacer\" style=\"height:30px\"><\/div>\nSi no te hab\u00edas cuestionado sobre este tema y es de tu inter\u00e9s conocer m\u00e1s detalles de nuestras calles del centro hist\u00f3rico, puedes encontrar planos y datos hist\u00f3ricos que te permitir\u00e1n conocer m\u00e1s sobre nuestro patrimonio cultural en el Archivo General del Estado de Oaxaca.<br \/>\n<div class=\"su-spacer\" style=\"height:30px\"><\/div>\n<div class=\"su-image-carousel  su-image-carousel-has-spacing su-image-carousel-crop su-image-carousel-crop-4-3 su-image-carousel-has-lightbox su-image-carousel-has-outline su-image-carousel-adaptive su-image-carousel-slides-style-photo su-image-carousel-controls-style-dark su-image-carousel-align-center\" style=\"max-width:100%\" data-flickity-options='{\"groupCells\":true,\"cellSelector\":\".su-image-carousel-item\",\"adaptiveHeight\":false,\"cellAlign\":\"left\",\"prevNextButtons\":true,\"pageDots\":false,\"autoPlay\":8000,\"imagesLoaded\":true,\"contain\":true,\"selectedAttraction\":0.025,\"friction\":0.28}' id=\"su_image_carousel_69f390b9e0e79\"><div class=\"su-image-carousel-item\"><div class=\"su-image-carousel-item-content\"><a href=\"https:\/\/www.oaxaca.gob.mx\/ageo\/wp-content\/uploads\/sites\/62\/2023\/07\/Mapa-Oajaca-1848-Archivo-Histo\u0301rico-Municipal-de-Oaxaca-de-Jua\u0301rez-scaled.jpg\" data-caption=\"\"><img loading=\"lazy\" decoding=\"async\" width=\"1024\" height=\"922\" src=\"https:\/\/www.oaxaca.gob.mx\/ageo\/wp-content\/uploads\/sites\/62\/2023\/07\/Mapa-Oajaca-1848-Archivo-Histo\u0301rico-Municipal-de-Oaxaca-de-Jua\u0301rez-1024x922.jpg\" class=\"\" alt=\"\" srcset=\"https:\/\/www.oaxaca.gob.mx\/ageo\/wp-content\/uploads\/sites\/62\/2023\/07\/Mapa-Oajaca-1848-Archivo-Histo\u0301rico-Municipal-de-Oaxaca-de-Jua\u0301rez-1024x922.jpg 1024w, https:\/\/www.oaxaca.gob.mx\/ageo\/wp-content\/uploads\/sites\/62\/2023\/07\/Mapa-Oajaca-1848-Archivo-Histo\u0301rico-Municipal-de-Oaxaca-de-Jua\u0301rez-300x270.jpg 300w, https:\/\/www.oaxaca.gob.mx\/ageo\/wp-content\/uploads\/sites\/62\/2023\/07\/Mapa-Oajaca-1848-Archivo-Histo\u0301rico-Municipal-de-Oaxaca-de-Jua\u0301rez-768x691.jpg 768w, https:\/\/www.oaxaca.gob.mx\/ageo\/wp-content\/uploads\/sites\/62\/2023\/07\/Mapa-Oajaca-1848-Archivo-Histo\u0301rico-Municipal-de-Oaxaca-de-Jua\u0301rez-1536x1383.jpg 1536w, https:\/\/www.oaxaca.gob.mx\/ageo\/wp-content\/uploads\/sites\/62\/2023\/07\/Mapa-Oajaca-1848-Archivo-Histo\u0301rico-Municipal-de-Oaxaca-de-Jua\u0301rez-2048x1843.jpg 2048w\" sizes=\"auto, (max-width: 1024px) 100vw, 1024px\" \/><span><\/span><\/a><\/div><\/div><div class=\"su-image-carousel-item\"><div class=\"su-image-carousel-item-content\"><a href=\"https:\/\/www.oaxaca.gob.mx\/ageo\/wp-content\/uploads\/sites\/62\/2023\/07\/Del-Desague-\u2013-Manuel-Garcia-Vigil-1-a-calle-scaled.jpg\" data-caption=\"\"><img loading=\"lazy\" decoding=\"async\" width=\"1024\" height=\"651\" src=\"https:\/\/www.oaxaca.gob.mx\/ageo\/wp-content\/uploads\/sites\/62\/2023\/07\/Del-Desague-\u2013-Manuel-Garcia-Vigil-1-a-calle-1024x651.jpg\" class=\"\" alt=\"\" srcset=\"https:\/\/www.oaxaca.gob.mx\/ageo\/wp-content\/uploads\/sites\/62\/2023\/07\/Del-Desague-\u2013-Manuel-Garcia-Vigil-1-a-calle-1024x651.jpg 1024w, https:\/\/www.oaxaca.gob.mx\/ageo\/wp-content\/uploads\/sites\/62\/2023\/07\/Del-Desague-\u2013-Manuel-Garcia-Vigil-1-a-calle-300x191.jpg 300w, https:\/\/www.oaxaca.gob.mx\/ageo\/wp-content\/uploads\/sites\/62\/2023\/07\/Del-Desague-\u2013-Manuel-Garcia-Vigil-1-a-calle-768x488.jpg 768w, https:\/\/www.oaxaca.gob.mx\/ageo\/wp-content\/uploads\/sites\/62\/2023\/07\/Del-Desague-\u2013-Manuel-Garcia-Vigil-1-a-calle-1536x976.jpg 1536w, https:\/\/www.oaxaca.gob.mx\/ageo\/wp-content\/uploads\/sites\/62\/2023\/07\/Del-Desague-\u2013-Manuel-Garcia-Vigil-1-a-calle-2048x1302.jpg 2048w\" sizes=\"auto, (max-width: 1024px) 100vw, 1024px\" \/><span><\/span><\/a><\/div><\/div><div class=\"su-image-carousel-item\"><div class=\"su-image-carousel-item-content\"><a href=\"https:\/\/www.oaxaca.gob.mx\/ageo\/wp-content\/uploads\/sites\/62\/2023\/07\/Del-Colegio-de-Ninas-Avenida-de-la-Independencia-6-a-calle-scaled.jpg\" data-caption=\"\"><img loading=\"lazy\" decoding=\"async\" width=\"1024\" height=\"651\" src=\"https:\/\/www.oaxaca.gob.mx\/ageo\/wp-content\/uploads\/sites\/62\/2023\/07\/Del-Colegio-de-Ninas-Avenida-de-la-Independencia-6-a-calle-1024x651.jpg\" class=\"\" alt=\"\" srcset=\"https:\/\/www.oaxaca.gob.mx\/ageo\/wp-content\/uploads\/sites\/62\/2023\/07\/Del-Colegio-de-Ninas-Avenida-de-la-Independencia-6-a-calle-1024x651.jpg 1024w, https:\/\/www.oaxaca.gob.mx\/ageo\/wp-content\/uploads\/sites\/62\/2023\/07\/Del-Colegio-de-Ninas-Avenida-de-la-Independencia-6-a-calle-300x191.jpg 300w, https:\/\/www.oaxaca.gob.mx\/ageo\/wp-content\/uploads\/sites\/62\/2023\/07\/Del-Colegio-de-Ninas-Avenida-de-la-Independencia-6-a-calle-768x488.jpg 768w, https:\/\/www.oaxaca.gob.mx\/ageo\/wp-content\/uploads\/sites\/62\/2023\/07\/Del-Colegio-de-Ninas-Avenida-de-la-Independencia-6-a-calle-1536x976.jpg 1536w, https:\/\/www.oaxaca.gob.mx\/ageo\/wp-content\/uploads\/sites\/62\/2023\/07\/Del-Colegio-de-Ninas-Avenida-de-la-Independencia-6-a-calle-2048x1302.jpg 2048w\" sizes=\"auto, (max-width: 1024px) 100vw, 1024px\" \/><span><\/span><\/a><\/div><\/div><div class=\"su-image-carousel-item\"><div class=\"su-image-carousel-item-content\"><a href=\"https:\/\/www.oaxaca.gob.mx\/ageo\/wp-content\/uploads\/sites\/62\/2023\/07\/La-Factoria-hasta-1884-Avenida-Jose-Maria-Morelos-scaled.jpg\" data-caption=\"\"><img loading=\"lazy\" decoding=\"async\" width=\"1024\" height=\"651\" src=\"https:\/\/www.oaxaca.gob.mx\/ageo\/wp-content\/uploads\/sites\/62\/2023\/07\/La-Factoria-hasta-1884-Avenida-Jose-Maria-Morelos-1024x651.jpg\" class=\"\" alt=\"\" srcset=\"https:\/\/www.oaxaca.gob.mx\/ageo\/wp-content\/uploads\/sites\/62\/2023\/07\/La-Factoria-hasta-1884-Avenida-Jose-Maria-Morelos-1024x651.jpg 1024w, https:\/\/www.oaxaca.gob.mx\/ageo\/wp-content\/uploads\/sites\/62\/2023\/07\/La-Factoria-hasta-1884-Avenida-Jose-Maria-Morelos-300x191.jpg 300w, https:\/\/www.oaxaca.gob.mx\/ageo\/wp-content\/uploads\/sites\/62\/2023\/07\/La-Factoria-hasta-1884-Avenida-Jose-Maria-Morelos-768x488.jpg 768w, https:\/\/www.oaxaca.gob.mx\/ageo\/wp-content\/uploads\/sites\/62\/2023\/07\/La-Factoria-hasta-1884-Avenida-Jose-Maria-Morelos-1536x976.jpg 1536w, https:\/\/www.oaxaca.gob.mx\/ageo\/wp-content\/uploads\/sites\/62\/2023\/07\/La-Factoria-hasta-1884-Avenida-Jose-Maria-Morelos-2048x1302.jpg 2048w\" sizes=\"auto, (max-width: 1024px) 100vw, 1024px\" \/><span><\/span><\/a><\/div><\/div><div class=\"su-image-carousel-item\"><div class=\"su-image-carousel-item-content\"><a href=\"https:\/\/www.oaxaca.gob.mx\/ageo\/wp-content\/uploads\/sites\/62\/2023\/07\/Plano-de-la-Ciudad-de-Oaxaca-1906-AGEO-scaled.jpg\" data-caption=\"\"><img loading=\"lazy\" decoding=\"async\" width=\"1024\" height=\"804\" src=\"https:\/\/www.oaxaca.gob.mx\/ageo\/wp-content\/uploads\/sites\/62\/2023\/07\/Plano-de-la-Ciudad-de-Oaxaca-1906-AGEO-1024x804.jpg\" class=\"\" alt=\"\" srcset=\"https:\/\/www.oaxaca.gob.mx\/ageo\/wp-content\/uploads\/sites\/62\/2023\/07\/Plano-de-la-Ciudad-de-Oaxaca-1906-AGEO-1024x804.jpg 1024w, https:\/\/www.oaxaca.gob.mx\/ageo\/wp-content\/uploads\/sites\/62\/2023\/07\/Plano-de-la-Ciudad-de-Oaxaca-1906-AGEO-300x236.jpg 300w, https:\/\/www.oaxaca.gob.mx\/ageo\/wp-content\/uploads\/sites\/62\/2023\/07\/Plano-de-la-Ciudad-de-Oaxaca-1906-AGEO-768x603.jpg 768w, https:\/\/www.oaxaca.gob.mx\/ageo\/wp-content\/uploads\/sites\/62\/2023\/07\/Plano-de-la-Ciudad-de-Oaxaca-1906-AGEO-1536x1206.jpg 1536w, https:\/\/www.oaxaca.gob.mx\/ageo\/wp-content\/uploads\/sites\/62\/2023\/07\/Plano-de-la-Ciudad-de-Oaxaca-1906-AGEO-2048x1609.jpg 2048w\" sizes=\"auto, (max-width: 1024px) 100vw, 1024px\" \/><span><\/span><\/a><\/div><\/div><\/div><script id=\"su_image_carousel_69f390b9e0e79_script\">if(window.SUImageCarousel){setTimeout(function() {window.SUImageCarousel.initGallery(document.getElementById(\"su_image_carousel_69f390b9e0e79\"))}, 0);}var su_image_carousel_69f390b9e0e79_script=document.getElementById(\"su_image_carousel_69f390b9e0e79_script\");if(su_image_carousel_69f390b9e0e79_script){su_image_carousel_69f390b9e0e79_script.parentNode.removeChild(su_image_carousel_69f390b9e0e79_script);}<\/script>\n","protected":false},"excerpt":{"rendered":"<p>Por Itzel Guadalupe Solano Z\u00e1rate. Cuando caminamos por las calles del centro hist\u00f3rico de Oaxaca, lo hacemos de manera rutinaria, acostumbrados a los nombres actuales y sintetizados; calles como: Independencia, Col\u00f3n, Hidalgo, etc. son comunes en nuestro vocabulario. Con base a esto nacen dos interrogantes \u00bfCu\u00e1l es el nombre completo de las calles de nuestro [&hellip;]<\/p>\n","protected":false},"author":69,"featured_media":9000,"comment_status":"open","ping_status":"open","sticky":false,"template":"","format":"standard","meta":{"episode_type":"","audio_file":"","podmotor_file_id":"","podmotor_episode_id":"","cover_image":"","cover_image_id":"","duration":"","filesize":"","filesize_raw":"","date_recorded":"","explicit":"","block":"","itunes_episode_number":"","itunes_title":"","itunes_season_number":"","itunes_episode_type":"","footnotes":""},"categories":[9,11],"tags":[],"class_list":["post-8994","post","type-post","status-publish","format-standard","has-post-thumbnail","hentry","category-noticias","category-publicaciones"],"acf":[],"publishpress_future_action":{"enabled":false,"date":"2026-05-07 11:26:17","action":"change-status","newStatus":"draft","terms":[],"taxonomy":"category","extraData":[]},"publishpress_future_workflow_manual_trigger":{"enabledWorkflows":[]},"_links":{"self":[{"href":"https:\/\/www.oaxaca.gob.mx\/ageo\/wp-json\/wp\/v2\/posts\/8994","targetHints":{"allow":["GET"]}}],"collection":[{"href":"https:\/\/www.oaxaca.gob.mx\/ageo\/wp-json\/wp\/v2\/posts"}],"about":[{"href":"https:\/\/www.oaxaca.gob.mx\/ageo\/wp-json\/wp\/v2\/types\/post"}],"author":[{"embeddable":true,"href":"https:\/\/www.oaxaca.gob.mx\/ageo\/wp-json\/wp\/v2\/users\/69"}],"replies":[{"embeddable":true,"href":"https:\/\/www.oaxaca.gob.mx\/ageo\/wp-json\/wp\/v2\/comments?post=8994"}],"version-history":[{"count":3,"href":"https:\/\/www.oaxaca.gob.mx\/ageo\/wp-json\/wp\/v2\/posts\/8994\/revisions"}],"predecessor-version":[{"id":9002,"href":"https:\/\/www.oaxaca.gob.mx\/ageo\/wp-json\/wp\/v2\/posts\/8994\/revisions\/9002"}],"wp:featuredmedia":[{"embeddable":true,"href":"https:\/\/www.oaxaca.gob.mx\/ageo\/wp-json\/wp\/v2\/media\/9000"}],"wp:attachment":[{"href":"https:\/\/www.oaxaca.gob.mx\/ageo\/wp-json\/wp\/v2\/media?parent=8994"}],"wp:term":[{"taxonomy":"category","embeddable":true,"href":"https:\/\/www.oaxaca.gob.mx\/ageo\/wp-json\/wp\/v2\/categories?post=8994"},{"taxonomy":"post_tag","embeddable":true,"href":"https:\/\/www.oaxaca.gob.mx\/ageo\/wp-json\/wp\/v2\/tags?post=8994"}],"curies":[{"name":"wp","href":"https:\/\/api.w.org\/{rel}","templated":true}]}}