{"id":8938,"date":"2023-01-08T15:18:57","date_gmt":"2023-01-08T21:18:57","guid":{"rendered":"https:\/\/www.oaxaca.gob.mx\/ageo\/?p=8938"},"modified":"2023-04-25T15:43:37","modified_gmt":"2023-04-25T21:43:37","slug":"archivo-general-del-estado-de-oaxaca-un-ano-mas-de-labor-en-el-archivo-historico-parte-2-de-2","status":"publish","type":"post","link":"https:\/\/www.oaxaca.gob.mx\/ageo\/archivo-general-del-estado-de-oaxaca-un-ano-mas-de-labor-en-el-archivo-historico-parte-2-de-2\/","title":{"rendered":"ARCHIVO GENERAL DEL ESTADO DE OAXACA UN A\u00d1O M\u00c1S DE LABOR EN EL ARCHIVO HIST\u00d3RICO (Parte 2, de 2)"},"content":{"rendered":"<p style=\"text-align: right\">Por <strong>Jacobo Babines L\u00f3pez<\/strong>.<\/p>\n<p>Continuando con el recuento de 2022 en el Archivo Hist\u00f3rico del AGEO, una actividad que sin duda result\u00f3 sumamente enriquecedora, fue el ciclo de video conferencias \u201cExploradores de Archivos\u201d, con la participaci\u00f3n de reconocidos investigadores en historia de Oaxaca, que con sus valiosos conocimientos nos permitieron sumergirnos en diversas tem\u00e1ticas: <em>Las huellas de la grana cochinilla en los archivos oaxaque\u00f1os, Educaci\u00f3n y m\u00fasica: de la ense\u00f1anza militarizada a la vida musical en Oaxaca, Adivinaci\u00f3n Zapoteca: de c\u00f3dices a pr\u00e1cticas actuales, Las haciendas en el mundo rural de los Valles centrales de Oaxaca, Trazando linderos: configuraciones territoriales coloniales en Oaxaca, Reparto agrario en los alrededores de la ciudad de Oaxaca y H\u00e9roes y escuelas rurales en Oaxaca<\/em>. Interesantes charlas que dieron testimonio de la importancia de la consulta de los archivos, como fuentes primarias de investigaci\u00f3n.<\/p>\n<div style=\"text-align: center\"><span class=\"su-lightbox text_align: center\" data-mfp-src=\"https:\/\/www.oaxaca.gob.mx\/ageo\/wp-content\/uploads\/sites\/62\/2023\/04\/pub-230108-01.jpeg\" data-mfp-type=\"image\" data-mobile=\"yes\"><img decoding=\"async\" src=\"https:\/\/www.oaxaca.gob.mx\/ageo\/wp-content\/uploads\/sites\/62\/2023\/04\/pub-230108-01.jpeg\" width=\"80%\" \/><\/span>\n<p style=\"text-align: center;font-size: 12px;margin-bottom: 2em\"><em>Cartel Ciclo video charlas Exploradores de Archivos.<\/em><\/p>\n<\/div>\n<p>Con una inesperada pero grata respuesta del p\u00fablico oaxaque\u00f1o, llevamos a cabo el <em>Primer concurso de Fotograf\u00eda Hist\u00f3rica \u201cOaxaca a trav\u00e9s de la lente de su gente\u201d<\/em>, en la que participaron 14 personas, logr\u00e1ndose recopilar 87 fotograf\u00edas en blanco\/negro y a color, las cuales fueron digitalizadas y con anuencia de sus due\u00f1os, ahora forman parte del Acervo Fotogr\u00e1fico del AGEO.<\/p>\n<p>En el marco del d\u00eda del maestro, se realiz\u00f3 la muestra fotogr\u00e1fica y documental: <em>Formaci\u00f3n de Maestros rurales<\/em>, la cual puede verse en l\u00ednea en la siguiente liga: <a href=\"https:\/\/express.adobe.com\/page\/y2wxrS7Fjppl6\/\">https:\/\/express.adobe.com\/page\/y2wxrS7Fjppl6\/<\/a> y que tiene como finalidad, dar a conocer el proyecto implementado por el gobierno federal en 1921, para combatir el analfabetismo con la creaci\u00f3n de escuelas rurales, esto a trav\u00e9s de las misiones culturales, que ten\u00edan como prop\u00f3sito ofrecer diversos cursos para la formaci\u00f3n de los maestros rurales.<\/p>\n<div style=\"text-align: center\"><span class=\"su-lightbox text_align: center\" data-mfp-src=\"https:\/\/www.oaxaca.gob.mx\/ageo\/wp-content\/uploads\/sites\/62\/2023\/04\/pub-230108-02.jpg\" data-mfp-type=\"image\" data-mobile=\"yes\"><img decoding=\"async\" src=\"https:\/\/www.oaxaca.gob.mx\/ageo\/wp-content\/uploads\/sites\/62\/2023\/04\/pub-230108-02.jpg\" width=\"80%\" \/><\/span>\n<p style=\"text-align: center;font-size: 12px;margin-bottom: 2em\"><em>Ganadoras Concurso Oaxaca a trav\u00e9s de la lente de su gente.<\/em><\/p>\n<\/div>\n<p>Tambi\u00e9n se realiz\u00f3 la muestra fotogr\u00e1fica: <em>\u201cGuelaguetza, una ventana al pasado\u201d<\/em>, una selecci\u00f3n de im\u00e1genes y documentos no solo bajo el resguardo del AGEO, sino que tuvimos la oportunidad de contar con la participaci\u00f3n de varias piezas del Archivo Hist\u00f3rico de la Ciudad de Oaxaca y de la Fundaci\u00f3n Bustamante Vasconcelos, que ilustran el devenir de las actividades programadas para celebrar la m\u00e1xima fiesta cultural de Oaxaca, y que tambi\u00e9n puede disfrutarse de manera virtual: <a href=\"https:\/\/express.adobe.com\/page\/nX3VSKfCd6qNE\/?s=08\">https:\/\/express.adobe.com\/page\/nX3VSKfCd6qNE\/?s=08<\/a><\/p>\n<div style=\"text-align: center\"><span class=\"su-lightbox text_align: center\" data-mfp-src=\"https:\/\/www.oaxaca.gob.mx\/ageo\/wp-content\/uploads\/sites\/62\/2023\/04\/pub-230108-03.jpg\" data-mfp-type=\"image\" data-mobile=\"yes\"><img decoding=\"async\" src=\"https:\/\/www.oaxaca.gob.mx\/ageo\/wp-content\/uploads\/sites\/62\/2023\/04\/pub-230108-03.jpg\" width=\"80%\" \/><\/span>\n<p style=\"text-align: center;font-size: 12px;margin-bottom: 2em\"><em>Exposici\u00f3n virtual Guelaguetza, una ventana al pasado.<\/em><\/p>\n<\/div>\n<p>Por otro lado, a trav\u00e9s de la plataforma Wix, se pudo realizar la muestra documental: \u201cEl pulque, historia y tradici\u00f3n\u201d, con documentos y fotograf\u00edas del AGEO y del Archivo Hist\u00f3rico Municipal de la Ciudad de Oaxaca. Estos 38 documentos que datan de 1681 a 1963, dan testimonio de la historia e importancia de esta magn\u00edfica bebida prehisp\u00e1nica. Adem\u00e1s de contar con una muestra fotograf\u00eda seleccionada por el Museo del Pulque y las pulquer\u00edas. Si gustan consultarla, les dejamos el link de acceso:<a href=\"https:\/\/archivohistoricode9.wixsite.com\/website\"> https:\/\/archivohistoricode9.wixsite.com\/website<\/a><\/p>\n<p>Y cerrando con tambor batiente, se llev\u00f3 a cabo la exposici\u00f3n presencial \u201cAlma, vida y coraz\u00f3n del Archivo Hist\u00f3rico\u201d, conformada por 66 im\u00e1genes de nuestro personal, a manera de reconocimiento por la importante labor que realizan dentro del AGEO. Cada fotograf\u00eda cuenta con un c\u00f3digo QR que conduce a un video donde el personal explica sus tareas, as\u00ed como su sentir al ser parte de este insigne Archivo. Adem\u00e1s de contar con la participaci\u00f3n de los artistas: Noel Vargas, Bouler y Jetro Gonz\u00e1lez, que con su visi\u00f3n art\u00edstica, plasmaron las tareas realizadas en la organizaci\u00f3n, conservaci\u00f3n y digitalizaci\u00f3n del patrimonio documental de Oaxaca.<\/p>\n<div style=\"text-align: center\"><span class=\"su-lightbox text_align: center\" data-mfp-src=\"https:\/\/www.oaxaca.gob.mx\/ageo\/wp-content\/uploads\/sites\/62\/2023\/04\/pub-230108-04.jpg\" data-mfp-type=\"image\" data-mobile=\"yes\"><img decoding=\"async\" src=\"https:\/\/www.oaxaca.gob.mx\/ageo\/wp-content\/uploads\/sites\/62\/2023\/04\/pub-230108-04.jpg\" width=\"80%\" \/><\/span>\n<p style=\"text-align: center;font-size: 12px;margin-bottom: 2em\"><em>Exposici\u00f3n Alma, vida y coraz\u00f3n del archivo hist\u00f3rico.<\/em><\/p>\n<\/div>\n<p>Sin duda alguna, fue un a\u00f1o con muchos logros y satisfacciones que nos permiten afianzarnos como uno de los archivos estatales m\u00e1s importantes de M\u00e9xico. Situaci\u00f3n que nos compromete a seguir trabajando con ah\u00ednco, para seguir ofreciendo a nuestros usuarios los mejores servicios y creando m\u00e1s proyectos de divulgaci\u00f3n. Los invitamos a conocer el Archivo General del Estado de Oaxaca, ya que este archivo es de y para todo el p\u00fablico nacional e internacional.<\/p>\n<p>Un muy feliz y pr\u00f3spero a\u00f1o nuevo, les desea el personal del AGEO.<\/p>\n","protected":false},"excerpt":{"rendered":"<p>Por Jacobo Babines L\u00f3pez. Continuando con el recuento de 2022 en el Archivo Hist\u00f3rico del AGEO, una actividad que sin duda result\u00f3 sumamente enriquecedora, fue el ciclo de video conferencias \u201cExploradores de Archivos\u201d, con la participaci\u00f3n de reconocidos investigadores en historia de Oaxaca, que con sus valiosos conocimientos nos permitieron sumergirnos en diversas tem\u00e1ticas: Las [&hellip;]<\/p>\n","protected":false},"author":69,"featured_media":8941,"comment_status":"open","ping_status":"open","sticky":false,"template":"","format":"standard","meta":{"episode_type":"","audio_file":"","podmotor_file_id":"","podmotor_episode_id":"","cover_image":"","cover_image_id":"","duration":"","filesize":"","filesize_raw":"","date_recorded":"","explicit":"","block":"","itunes_episode_number":"","itunes_title":"","itunes_season_number":"","itunes_episode_type":"","footnotes":""},"categories":[9,11],"tags":[],"class_list":["post-8938","post","type-post","status-publish","format-standard","has-post-thumbnail","hentry","category-noticias","category-publicaciones"],"acf":[],"publishpress_future_action":{"enabled":false,"date":"2026-05-08 04:46:27","action":"change-status","newStatus":"draft","terms":[],"taxonomy":"category","extraData":[]},"publishpress_future_workflow_manual_trigger":{"enabledWorkflows":[]},"_links":{"self":[{"href":"https:\/\/www.oaxaca.gob.mx\/ageo\/wp-json\/wp\/v2\/posts\/8938","targetHints":{"allow":["GET"]}}],"collection":[{"href":"https:\/\/www.oaxaca.gob.mx\/ageo\/wp-json\/wp\/v2\/posts"}],"about":[{"href":"https:\/\/www.oaxaca.gob.mx\/ageo\/wp-json\/wp\/v2\/types\/post"}],"author":[{"embeddable":true,"href":"https:\/\/www.oaxaca.gob.mx\/ageo\/wp-json\/wp\/v2\/users\/69"}],"replies":[{"embeddable":true,"href":"https:\/\/www.oaxaca.gob.mx\/ageo\/wp-json\/wp\/v2\/comments?post=8938"}],"version-history":[{"count":1,"href":"https:\/\/www.oaxaca.gob.mx\/ageo\/wp-json\/wp\/v2\/posts\/8938\/revisions"}],"predecessor-version":[{"id":8943,"href":"https:\/\/www.oaxaca.gob.mx\/ageo\/wp-json\/wp\/v2\/posts\/8938\/revisions\/8943"}],"wp:featuredmedia":[{"embeddable":true,"href":"https:\/\/www.oaxaca.gob.mx\/ageo\/wp-json\/wp\/v2\/media\/8941"}],"wp:attachment":[{"href":"https:\/\/www.oaxaca.gob.mx\/ageo\/wp-json\/wp\/v2\/media?parent=8938"}],"wp:term":[{"taxonomy":"category","embeddable":true,"href":"https:\/\/www.oaxaca.gob.mx\/ageo\/wp-json\/wp\/v2\/categories?post=8938"},{"taxonomy":"post_tag","embeddable":true,"href":"https:\/\/www.oaxaca.gob.mx\/ageo\/wp-json\/wp\/v2\/tags?post=8938"}],"curies":[{"name":"wp","href":"https:\/\/api.w.org\/{rel}","templated":true}]}}