{"id":8916,"date":"2023-02-12T14:13:51","date_gmt":"2023-02-12T20:13:51","guid":{"rendered":"https:\/\/www.oaxaca.gob.mx\/ageo\/?p=8916"},"modified":"2023-04-25T14:32:40","modified_gmt":"2023-04-25T20:32:40","slug":"oaxaca-a-traves-de-su-musica-guelaguetza-oaxaquena","status":"publish","type":"post","link":"https:\/\/www.oaxaca.gob.mx\/ageo\/oaxaca-a-traves-de-su-musica-guelaguetza-oaxaquena\/","title":{"rendered":"OAXACA A TRAV\u00c9S DE SU M\u00daSICA &#8211; GUELAGUETZA OAXAQUE\u00d1A."},"content":{"rendered":"<p style=\"text-align: right\">Por <b><strong>Karen Paola Gaspar Cort\u00e9s<\/strong><\/b>.<\/p>\n<p>Es de nuestro conocimiento que la preservaci\u00f3n de los archivos documentales es importante, pero no debemos dejar de lado los archivos sonoros, que son de gran valor testimonial al dar a conocer el gusto y tendencias musicales de la poblaci\u00f3n e incluso la realidad sociocultural de una \u00e9poca diferente a la nuestra.<\/p>\n<div style=\"text-align: center\"><span class=\"su-lightbox text_align: center\" data-mfp-src=\"https:\/\/www.oaxaca.gob.mx\/ageo\/wp-content\/uploads\/sites\/62\/2023\/04\/pub-230212-01.jpg\" data-mfp-type=\"image\" data-mobile=\"yes\"><img decoding=\"async\" src=\"https:\/\/www.oaxaca.gob.mx\/ageo\/wp-content\/uploads\/sites\/62\/2023\/04\/pub-230212-01.jpg\" width=\"80%\" \/><\/span>\n<p style=\"text-align: center;font-size: 12px;margin-bottom: 2em\"><em>Gatefold \u201cGuelaguetza Oaxaque\u00f1a\u201d antes de su intervenci\u00f3n.<\/em><\/p>\n<\/div>\n<p>Es por ello, que llam\u00f3 mi atenci\u00f3n un \u00e1lbum doble, grabado en 1964, que fue donado por el Lic. Jorge \u00c1lvarez Fuentes, al Departamento de Reprograf\u00eda del Archivo Hist\u00f3rico, el cual lleva por nombre \u201cGuelaguetza Oaxaque\u00f1a\u201d, y es interpretado por la Banda de M\u00fasica del Estado de Oaxaca conducida por el Profesor Diego Innes; que es un Gatefold que viene con 2 discos de vinilo grabados por ambos lados a una velocidad de 33 1\/3 r.p.m. e incluye un booklet o librillo que se titula \u201cLa M\u00fasica entre los pueblos Oaxaque\u00f1os\/ Music Among Oaxaca Peoples\u201d escrito por el cronista Javier Castro Mantec\u00f3n, texto de gran importancia, ya que detalla c\u00f3mo fue la transformaci\u00f3n de la m\u00fasica a trav\u00e9s del tiempo.<\/p>\n<div class=\"row\" style=\"text-align: center\">\n<div class=\"col-sm-4\" style=\"text-align: center\"><span class=\"su-lightbox text_align: center\" data-mfp-src=\"https:\/\/www.oaxaca.gob.mx\/ageo\/wp-content\/uploads\/sites\/62\/2023\/04\/pub-230212-02.jpg\" data-mfp-type=\"image\" data-mobile=\"yes\"><img decoding=\"async\" src=\"https:\/\/www.oaxaca.gob.mx\/ageo\/wp-content\/uploads\/sites\/62\/2023\/04\/pub-230212-02.jpg\" width=\"100%\" \/><\/span>\n<p style=\"text-align: center;font-size: 12px;margin-bottom: 2em\"><em>Gatefold abierto en donde se muestra el contenido de cada uno de los lados del Disco 1.<\/em><\/p>\n<\/div>\n<div class=\"col-sm-4\" style=\"text-align: center\"><span class=\"su-lightbox text_align: center\" data-mfp-src=\"https:\/\/www.oaxaca.gob.mx\/ageo\/wp-content\/uploads\/sites\/62\/2023\/04\/pub-230212-03.jpg\" data-mfp-type=\"image\" data-mobile=\"yes\"><img decoding=\"async\" src=\"https:\/\/www.oaxaca.gob.mx\/ageo\/wp-content\/uploads\/sites\/62\/2023\/04\/pub-230212-03.jpg\" width=\"100%\" \/><\/span>\n<p style=\"text-align: center;font-size: 12px;margin-bottom: 2em\"><em>Gatefold abierto en donde se muestra el contenido de cada uno de los lados del Disco 2.<\/em><\/p>\n<\/div>\n<div class=\"col-sm-4\" style=\"text-align: center\"><span class=\"su-lightbox text_align: center\" data-mfp-src=\"https:\/\/www.oaxaca.gob.mx\/ageo\/wp-content\/uploads\/sites\/62\/2023\/04\/pub-230212-04.jpg\" data-mfp-type=\"image\" data-mobile=\"yes\"><img decoding=\"async\" src=\"https:\/\/www.oaxaca.gob.mx\/ageo\/wp-content\/uploads\/sites\/62\/2023\/04\/pub-230212-04.jpg\" width=\"100%\" \/><\/span>\n<p style=\"text-align: center;font-size: 12px;margin-bottom: 2em\"><em>Booklet o librillo \u201cLa M\u00fasica entre los Pueblos Oaxaque\u00f1os\u201d.<\/em><\/p>\n<\/div>\n<\/div>\n<p>En este escrito relata como en la antig\u00fcedad se busc\u00f3 la manera de crear instrumentos para poder ejecutar m\u00fasica y as\u00ed incluirla en la vida cotidiana, empezando a hacerlo mediante las pr\u00e1cticas religiosas, en donde la utilizaban como un m\u00e9todo m\u00e1s de ofrenda a sus dioses y de esta forma poder ser concedidas sus peticiones; y de la misma forma fue tomada como un recurso extra en la narrativa de sus leyendas. Describe tambi\u00e9n, c\u00f3mo el paso de los a\u00f1os hace un gran cambio en la manera de expresar la m\u00fasica, ya que poco a poco fue algo que debi\u00f3 ense\u00f1arse junto con el canto y la danza, para de esta forma poder expresar con mayor elocuencia las composiciones literarias que hac\u00edan alusi\u00f3n a la naturaleza, astros, dioses y costumbres, dando como resultado varias composiciones que trataron de preservarse a lo largo del tiempo, sin embargo, fue en el periodo de la conquista que ocurri\u00f3 un choque y fusi\u00f3n de culturas, ya que precisamente los europeos se encargaron de ense\u00f1ar parte de su m\u00fasica popular a los pueblos oaxaque\u00f1os, lo cual dio frutos a las composiciones conocidas e interpretadas hoy en d\u00eda en los Lunes del Cerro; regal\u00e1ndonos producciones musicales como las denominadas \u201cchilenas\u201d, que no son m\u00e1s que la fusi\u00f3n de los sones de la Costa de Oaxaca y las llamadas \u201cCuecas\u201d de Chile, o los sones del Istmo de Tehuantepec los cuales llegan a sonar como un vals gracias a la gran influencia espa\u00f1ola que tuvo este territorio en su momento.<\/p>\n<div style=\"text-align: center\"><span class=\"su-lightbox text_align: center\" data-mfp-src=\"https:\/\/www.oaxaca.gob.mx\/ageo\/wp-content\/uploads\/sites\/62\/2023\/04\/pub-230212-05.jpg\" data-mfp-type=\"image\" data-mobile=\"yes\"><img decoding=\"async\" src=\"https:\/\/www.oaxaca.gob.mx\/ageo\/wp-content\/uploads\/sites\/62\/2023\/04\/pub-230212-05.jpg\" width=\"80%\" \/><\/span>\n<p style=\"text-align: center;font-size: 12px;margin-bottom: 2em\"><em>Disco LP 1 de \u201cGuelaguetza Oaxaque\u00f1a\u201d.<\/em><\/p>\n<\/div>\n<p>Es as\u00ed como podemos darnos cuenta que la m\u00fasica es una representaci\u00f3n en si misma del cambio a trav\u00e9s de la historia en la sociedad y en la manera en la que las personas deciden expresarse, d\u00e1ndonos composiciones como las que encontramos en este \u00e1lbum, el cual es una recopilaci\u00f3n de las canciones que son interpretadas en la Guelaguetza, en el mismo orden del programa, record\u00e1ndonos no solo la m\u00e1xima fiesta de los oaxaque\u00f1os, sino tambi\u00e9n el gran impacto hist\u00f3rico que se tuvo tambi\u00e9n en el aspecto cultural, lo que hizo que estas composiciones resultaran lo que son hoy en d\u00eda.<\/p>\n<p>Finalmente este \u00e1lbum me hace apreciar la belleza de la m\u00fasica y la importancia de su preservaci\u00f3n documental, ya que si bien, es algo que es de conocimiento popular, no debemos dejar de lado que es un vestigio que ha pasado, m\u00ednimo 59 a\u00f1os, intacto de generaci\u00f3n en generaci\u00f3n, lo cual lo hace a un m\u00e1s trascendente.<\/p>\n","protected":false},"excerpt":{"rendered":"<p>Por Karen Paola Gaspar Cort\u00e9s. Es de nuestro conocimiento que la preservaci\u00f3n de los archivos documentales es importante, pero no debemos dejar de lado los archivos sonoros, que son de gran valor testimonial al dar a conocer el gusto y tendencias musicales de la poblaci\u00f3n e incluso la realidad sociocultural de una \u00e9poca diferente a [&hellip;]<\/p>\n","protected":false},"author":69,"featured_media":8917,"comment_status":"open","ping_status":"open","sticky":false,"template":"","format":"standard","meta":{"episode_type":"","audio_file":"","podmotor_file_id":"","podmotor_episode_id":"","cover_image":"","cover_image_id":"","duration":"","filesize":"","filesize_raw":"","date_recorded":"","explicit":"","block":"","itunes_episode_number":"","itunes_title":"","itunes_season_number":"","itunes_episode_type":"","footnotes":""},"categories":[9,11],"tags":[],"class_list":["post-8916","post","type-post","status-publish","format-standard","has-post-thumbnail","hentry","category-noticias","category-publicaciones"],"acf":[],"publishpress_future_action":{"enabled":false,"date":"2026-05-07 11:00:19","action":"change-status","newStatus":"draft","terms":[],"taxonomy":"category","extraData":[]},"publishpress_future_workflow_manual_trigger":{"enabledWorkflows":[]},"_links":{"self":[{"href":"https:\/\/www.oaxaca.gob.mx\/ageo\/wp-json\/wp\/v2\/posts\/8916","targetHints":{"allow":["GET"]}}],"collection":[{"href":"https:\/\/www.oaxaca.gob.mx\/ageo\/wp-json\/wp\/v2\/posts"}],"about":[{"href":"https:\/\/www.oaxaca.gob.mx\/ageo\/wp-json\/wp\/v2\/types\/post"}],"author":[{"embeddable":true,"href":"https:\/\/www.oaxaca.gob.mx\/ageo\/wp-json\/wp\/v2\/users\/69"}],"replies":[{"embeddable":true,"href":"https:\/\/www.oaxaca.gob.mx\/ageo\/wp-json\/wp\/v2\/comments?post=8916"}],"version-history":[{"count":1,"href":"https:\/\/www.oaxaca.gob.mx\/ageo\/wp-json\/wp\/v2\/posts\/8916\/revisions"}],"predecessor-version":[{"id":8922,"href":"https:\/\/www.oaxaca.gob.mx\/ageo\/wp-json\/wp\/v2\/posts\/8916\/revisions\/8922"}],"wp:featuredmedia":[{"embeddable":true,"href":"https:\/\/www.oaxaca.gob.mx\/ageo\/wp-json\/wp\/v2\/media\/8917"}],"wp:attachment":[{"href":"https:\/\/www.oaxaca.gob.mx\/ageo\/wp-json\/wp\/v2\/media?parent=8916"}],"wp:term":[{"taxonomy":"category","embeddable":true,"href":"https:\/\/www.oaxaca.gob.mx\/ageo\/wp-json\/wp\/v2\/categories?post=8916"},{"taxonomy":"post_tag","embeddable":true,"href":"https:\/\/www.oaxaca.gob.mx\/ageo\/wp-json\/wp\/v2\/tags?post=8916"}],"curies":[{"name":"wp","href":"https:\/\/api.w.org\/{rel}","templated":true}]}}