{"id":8654,"date":"2022-11-07T08:44:11","date_gmt":"2022-11-07T14:44:11","guid":{"rendered":"https:\/\/www.oaxaca.gob.mx\/ageo\/?p=8654"},"modified":"2022-11-09T09:17:00","modified_gmt":"2022-11-09T15:17:00","slug":"el-pulque-historia-y-tradicion","status":"publish","type":"post","link":"https:\/\/www.oaxaca.gob.mx\/ageo\/el-pulque-historia-y-tradicion\/","title":{"rendered":"El Pulque, historia y tradici\u00f3n"},"content":{"rendered":"<p style=\"text-align: center\"><b><strong>Actividades en el AGEO<\/strong><\/b><\/p>\n<p style=\"text-align: center\">Exposici\u00f3n virtual<\/p>\n<p style=\"text-align: center\"><b><strong>El Pulque, historia y tradici\u00f3n<\/strong><\/b><\/p>\n<div style=\"text-align: center\"><img decoding=\"async\" src=\"https:\/\/www.oaxaca.gob.mx\/ageo\/wp-content\/uploads\/sites\/62\/2022\/11\/INVITACIONPULQUE_Mesa-de-trabajo-1.jpg\" width=\"85%\" \/><\/div>\n<p><b><strong>Presentaci\u00f3n:<\/strong><\/b> Viernes 11 de noviembre de 2022<br \/>\n<b><strong>Hora:<\/strong><\/b> 12 hrs.<br \/>\n<b><strong>Lugar:<\/strong><\/b> Auditorio del AGEO<\/p>\n<p>El Archivo General del Estado de Oaxaca inaugurar\u00e1 el pr\u00f3ximo viernes 11 de noviembre, una muestra documental y fotogr\u00e1fica virtual titulada \u201cEl Pulque, historia y tradici\u00f3n\u201d, continuaci\u00f3n de la tambi\u00e9n exposici\u00f3n virtual \u201cLas Bebidas alcoh\u00f3licas, una mirada a su pasado a trav\u00e9s de los archivos\u201d, que se presentara en Julio de 2021 en la Plataforma <a href=\"https:\/\/archivohistoricode9.wixsite.com\/website\">Wix<\/a>.<\/p>\n<p>En esta segunda muestra se podr\u00e1n apreciar documentos, fotograf\u00edas y mapas que datan de 1681 a 1963 y que no solo pertenecen al archivo hist\u00f3rico del AGEO, sino que tambi\u00e9n se exhibir\u00e1n 9 piezas provenientes del Archivo Hist\u00f3rico Municipal de la Ciudad de Oaxaca.<\/p>\n<p>Desde la \u00e9poca prehisp\u00e1nica, en nuestro pa\u00eds ya se produc\u00eda y beb\u00eda el pulque \u201cneutle\u201d. Durante la colonia, los pulques adquirieron un valor comercial por lo que los productores tuvieron que comenzar a pagar impuestos bajo el concepto de \u201cDerechos de pulques a la Real Aduana sobre producci\u00f3n y transportaci\u00f3n\u201d.<\/p>\n<p>De ah\u00ed la importancia de los documentos hist\u00f3ricos expuestos, los cuales nos mostrar\u00e1n diferentes temas y etapas hist\u00f3ricas referentes a la producci\u00f3n y consumo de esta bebida.<\/p>\n<p>Uno de ellos que data de 1681, describe una orden de embargo de los bienes de Ignacio D\u00e1vila Aguirre, asentista del pulque, acusado de agravios a los indios de la jurisdicci\u00f3n de Oaxaca.<\/p>\n<p>Encontraremos tambi\u00e9n una n\u00f3mina que manifiesta las cantidades que los pueblos adeudan sobre impuestos, hasta el 1 de julio de 1836 por igualas de pulques.<\/p>\n<p>Tambi\u00e9n podremos apreciar un informe de 1902, con los datos de la producci\u00f3n fabril y manufacturera de Miahuatl\u00e1n, que muestra el n\u00famero de pulquer\u00edas, tepacher\u00edas, costos de operaci\u00f3n, producciones anuales y sueldos de los empleados.<\/p>\n<p>Por otro lado, el otorgamiento a Francisco Velasco de una licencia para establecer un expendio de pulque en la calle de Trujano, en el a\u00f1o de 1863. As\u00ed como tambi\u00e9n la Reforma al Plan de arbitrios del 26 de enero de 1893, que establece las contribuciones que pagar\u00e1n las pulquer\u00edas y tepacher\u00edas de acuerdo a su clasificaci\u00f3n y ubicaci\u00f3n.<\/p>\n<p>La muestra documental ser\u00e1 lanzada a trav\u00e9s de un portal alojado en la plataforma <a href=\"https:\/\/archivohistoricode9.wixsite.com\/website\">Wix<\/a>, en el cual adem\u00e1s de los documentos digitalizados, se podr\u00e1n encontrar videos e informaci\u00f3n complementaria.<\/p>\n<p>Durante la presentaci\u00f3n que se llevar\u00e1 a cabo de manera presencial el pr\u00f3ximo viernes 11 de noviembre a las 12 horas, en el auditorio del AGEO, se contar\u00e1 con la participaci\u00f3n del Archivo General del Estado de Oaxaca, el Archivo Hist\u00f3rico Municipal de la Ciudad de Oaxaca y el Museo del Pulque y las Pulquer\u00edas.<\/p>\n<p>La liga para poder acceder a la plataforma y sus contenidos ser\u00e1 publicado en los pr\u00f3ximos d\u00edas a trav\u00e9s de las redes sociales institucionales del Archivo General del Estado de Oaxaca.<\/p>\n","protected":false},"excerpt":{"rendered":"<p>Actividades en el AGEO Exposici\u00f3n virtual El Pulque, historia y tradici\u00f3n Presentaci\u00f3n: Viernes 11 de noviembre de 2022 Hora: 12 hrs. Lugar: Auditorio del AGEO El Archivo General del Estado de Oaxaca inaugurar\u00e1 el pr\u00f3ximo viernes 11 de noviembre, una muestra documental y fotogr\u00e1fica virtual titulada \u201cEl Pulque, historia y tradici\u00f3n\u201d, continuaci\u00f3n de la tambi\u00e9n [&hellip;]<\/p>\n","protected":false},"author":69,"featured_media":8655,"comment_status":"open","ping_status":"open","sticky":false,"template":"","format":"standard","meta":{"episode_type":"","audio_file":"","podmotor_file_id":"","podmotor_episode_id":"","cover_image":"","cover_image_id":"","duration":"","filesize":"","filesize_raw":"","date_recorded":"","explicit":"","block":"","itunes_episode_number":"","itunes_title":"","itunes_season_number":"","itunes_episode_type":"","footnotes":""},"categories":[9,31],"tags":[],"class_list":["post-8654","post","type-post","status-publish","format-standard","has-post-thumbnail","hentry","category-noticias","category-noticia"],"acf":[],"publishpress_future_action":{"enabled":false,"date":"2026-05-08 11:21:32","action":"change-status","newStatus":"draft","terms":[],"taxonomy":"category","extraData":[]},"publishpress_future_workflow_manual_trigger":{"enabledWorkflows":[]},"_links":{"self":[{"href":"https:\/\/www.oaxaca.gob.mx\/ageo\/wp-json\/wp\/v2\/posts\/8654","targetHints":{"allow":["GET"]}}],"collection":[{"href":"https:\/\/www.oaxaca.gob.mx\/ageo\/wp-json\/wp\/v2\/posts"}],"about":[{"href":"https:\/\/www.oaxaca.gob.mx\/ageo\/wp-json\/wp\/v2\/types\/post"}],"author":[{"embeddable":true,"href":"https:\/\/www.oaxaca.gob.mx\/ageo\/wp-json\/wp\/v2\/users\/69"}],"replies":[{"embeddable":true,"href":"https:\/\/www.oaxaca.gob.mx\/ageo\/wp-json\/wp\/v2\/comments?post=8654"}],"version-history":[{"count":4,"href":"https:\/\/www.oaxaca.gob.mx\/ageo\/wp-json\/wp\/v2\/posts\/8654\/revisions"}],"predecessor-version":[{"id":8660,"href":"https:\/\/www.oaxaca.gob.mx\/ageo\/wp-json\/wp\/v2\/posts\/8654\/revisions\/8660"}],"wp:featuredmedia":[{"embeddable":true,"href":"https:\/\/www.oaxaca.gob.mx\/ageo\/wp-json\/wp\/v2\/media\/8655"}],"wp:attachment":[{"href":"https:\/\/www.oaxaca.gob.mx\/ageo\/wp-json\/wp\/v2\/media?parent=8654"}],"wp:term":[{"taxonomy":"category","embeddable":true,"href":"https:\/\/www.oaxaca.gob.mx\/ageo\/wp-json\/wp\/v2\/categories?post=8654"},{"taxonomy":"post_tag","embeddable":true,"href":"https:\/\/www.oaxaca.gob.mx\/ageo\/wp-json\/wp\/v2\/tags?post=8654"}],"curies":[{"name":"wp","href":"https:\/\/api.w.org\/{rel}","templated":true}]}}